{"id":104765,"date":"2020-04-27T22:42:18","date_gmt":"2020-04-27T20:42:18","guid":{"rendered":"http:\/\/www.tucomarca.com\/wordpress\/segunda\/?p=104765"},"modified":"2020-04-27T22:43:33","modified_gmt":"2020-04-27T20:43:33","slug":"leliana-impulsa-un-projecte-destimulacio-cognitiva-per-a-les-persones-majors-durant-el-confinament","status":"publish","type":"post","link":"https:\/\/tucomarca.whitekongsoftware.com\/ca\/leliana-impulsa-un-projecte-destimulacio-cognitiva-per-a-les-persones-majors-durant-el-confinament\/","title":{"rendered":"L&#8217;Eliana impulsa un projecte d&#8217;estimulaci\u00f3 cognitiva per a les persones majors durant el confinament"},"content":{"rendered":"\n<p class=\"wp-block-paragraph\"><strong>\u2018Majors, ments actives des de casa\u2019 est\u00e0 compost per fitxes per a treballar a casa que es poden arreplegar de manera gratu\u00efta des de hui en les papereries del municipi<\/strong><\/p>\n\n\n\n<p class=\"wp-block-paragraph\">L&#8217;Ajuntament, a trav\u00e9s de la Regidoria de la Persones Majors, ha organitzat el projecte &#8216;Majors, ments actives d\u00f3nes de casa&#8217; que busca potenciar l&#8217;estimulaci\u00f3 cognitiva i la mem\u00f2ria durant la situaci\u00f3 del confinament de les persones majors de 65 anys l&#8217;Eliana.<\/p>\n\n\n\n<p class=\"wp-block-paragraph\">El material t\u00e9 un format de fitxes amb diferents exercicis que facilita una activitat mental di\u00e0ria m\u00e9s activa i es podr\u00e0 arreplegar des de hui i de manera gratu\u00efta en les papereries de la localitat: GISAN, Offiprint i papereria Montaner i en establiments col\u00b7laboradors.<\/p>\n\n\n\n<p class=\"wp-block-paragraph\">Per a possibilitar la correcci\u00f3 dels exercicis el dossier inclou un apartat en qu\u00e8 es mostra el resultat correcte de les activitats de mem\u00f2ria verbal i llenguatge, habilitats de c\u00e0lcul num\u00e8ric, raonament l\u00f2gic, atenci\u00f3, percepci\u00f3 i mem\u00f2ria visual a curt termini. Esta estimulaci\u00f3 t\u00e9 com a objectiu millorar el funcionament cognitiu per a ralentitzar el proc\u00e9s de deteriorament, evitar la desconnexi\u00f3 de l&#8217;entorn, augmentar l&#8217;autoestima i l&#8217;autonomia personal, evitar l&#8217;estr\u00e9s i millorar la qualitat de vida dels majors i les seues fam\u00edlies.<\/p>\n\n\n\n<p class=\"wp-block-paragraph\">Tal com ha explicat la regidora de Persones Majors, Eva Santaf\u00e9, estes persones poden tindre m\u00e9s dificultat per a accedir a activitats estimulants a trav\u00e9s de la tecnologia des dels seus llars en estos moments de confinament. &#8220;Este col\u00b7lectiu \u00e9s m\u00e9s vulnerable a l&#8217;a\u00efllament social, i alguns viuen sols, per la qual cosa el consistori busca previndre i disminuir les conseq\u00fc\u00e8ncies negatives que poden derivar d&#8217;esta situaci\u00f3 en els elianeros i elianeras m\u00e9s mayores&#8221;, ha afirmat.<br><\/p>\n","protected":false},"excerpt":{"rendered":"<div class=\"mh-excerpt\">\u2018Majors, ments actives des de casa\u2019 est\u00e0 compost per fitxes per a treballar a casa que es poden arreplegar de manera gratu\u00efta des de hui en les papereries del municipi L&#8217;Ajuntament, a trav\u00e9s de la <a class=\"mh-excerpt-more\" href=\"https:\/\/tucomarca.whitekongsoftware.com\/ca\/leliana-impulsa-un-projecte-destimulacio-cognitiva-per-a-les-persones-majors-durant-el-confinament\/\" title=\"L&#8217;Eliana impulsa un projecte d&#8217;estimulaci\u00f3 cognitiva per a les persones majors durant el confinament\">[+] <\/a><\/div>\n","protected":false},"author":12,"featured_media":104764,"comment_status":"open","ping_status":"open","sticky":false,"template":"","format":"standard","meta":{"footnotes":""},"categories":[10892,11010,10948,10894,10893,10947,10896,10897],"tags":[12004,10899,11939,11940],"class_list":["post-104765","post","type-post","status-publish","format-standard","has-post-thumbnail","category-camp-de-turia-ca","category-canal-salud","category-infraestructuras-ca","category-la-comarca-ca","category-leliana-ca","category-politica","category-seccion-ca","category-sucesos-la-comarca-ca","tag-ajuntament-de-leliana-ca-2","tag-camp-de-turia-ca","tag-coronavirus-ca","tag-covid-19-ca"],"_links":{"self":[{"href":"https:\/\/tucomarca.whitekongsoftware.com\/ca\/wp-json\/wp\/v2\/posts\/104765","targetHints":{"allow":["GET"]}}],"collection":[{"href":"https:\/\/tucomarca.whitekongsoftware.com\/ca\/wp-json\/wp\/v2\/posts"}],"about":[{"href":"https:\/\/tucomarca.whitekongsoftware.com\/ca\/wp-json\/wp\/v2\/types\/post"}],"author":[{"embeddable":true,"href":"https:\/\/tucomarca.whitekongsoftware.com\/ca\/wp-json\/wp\/v2\/users\/12"}],"replies":[{"embeddable":true,"href":"https:\/\/tucomarca.whitekongsoftware.com\/ca\/wp-json\/wp\/v2\/comments?post=104765"}],"version-history":[{"count":0,"href":"https:\/\/tucomarca.whitekongsoftware.com\/ca\/wp-json\/wp\/v2\/posts\/104765\/revisions"}],"wp:featuredmedia":[{"embeddable":true,"href":"https:\/\/tucomarca.whitekongsoftware.com\/ca\/wp-json\/wp\/v2\/media\/104764"}],"wp:attachment":[{"href":"https:\/\/tucomarca.whitekongsoftware.com\/ca\/wp-json\/wp\/v2\/media?parent=104765"}],"wp:term":[{"taxonomy":"category","embeddable":true,"href":"https:\/\/tucomarca.whitekongsoftware.com\/ca\/wp-json\/wp\/v2\/categories?post=104765"},{"taxonomy":"post_tag","embeddable":true,"href":"https:\/\/tucomarca.whitekongsoftware.com\/ca\/wp-json\/wp\/v2\/tags?post=104765"}],"curies":[{"name":"wp","href":"https:\/\/api.w.org\/{rel}","templated":true}]}}