{"id":104668,"date":"2020-04-27T10:25:51","date_gmt":"2020-04-27T08:25:51","guid":{"rendered":"http:\/\/www.tucomarca.com\/wordpress\/segunda\/?p=104668"},"modified":"2020-04-27T10:25:54","modified_gmt":"2020-04-27T08:25:54","slug":"rescaten-vuit-eixams-dabelles-en-les-ultimes-dues-setmanes-a-xest","status":"publish","type":"post","link":"https:\/\/tucomarca.whitekongsoftware.com\/ca\/rescaten-vuit-eixams-dabelles-en-les-ultimes-dues-setmanes-a-xest\/","title":{"rendered":"Rescaten vuit eixams d&#8217;abelles en les \u00faltimes dues setmanes a Xest"},"content":{"rendered":"\n<p class=\"wp-block-paragraph\">En les \u00faltimes dues setmanes s&#8217;han retirat 8 eixams d&#8217;abelles a Xest, situats en fa\u00e7anes, sostres o xemeneies de domicilis de la localitat.<\/p>\n\n\n\n<p class=\"wp-block-paragraph\">Tal com han explicat des de la regidoria de Medi Ambient de l&#8217;Ajuntament, amb l&#8217;arribada de la calor ruscs acceleren la seva activitat i, a l&#8217;tenir tots els camps, jardins, prats en flor, disposen de molt aliment; amb el que les poblacions d&#8217;abelles es multipliquen r\u00e0pidament i l&#8217;espai interior dels ruscs, ple de menjar, cries i obreres, \u00e9s insuficient. Aix\u00ed, la col\u00f2nia d&#8217;abelles es divideix en dos, o de vegades m\u00e9s: una meitat surt a l&#8217;exterior i busca un lloc on formar un nou rusc i l&#8217;altra roman a la ubicaci\u00f3 original.<\/p>\n\n\n\n<p class=\"wp-block-paragraph\">&#8220;Aquesta \u00e9s la manera en qu\u00e8 es multipliquen les col\u00f2nies d&#8217;abelles i nosaltres hem de protegir-les, ja que aquests insectes s\u00f3n fauna auxiliar i exerceixen un control biol\u00f2gic de plagues, ajudant a mantenir un equilibri mediambiental&#8221;, ha manifestat el regidor, David Pujals.<\/p>\n\n\n\n<p class=\"wp-block-paragraph\">Des de la regidoria de Medi Ambient s&#8217;agraeix a totes les persones que han donat avisos per poder retirar els eixams sense fer mal a les abelles i posa en valor en bon treball realitzat per la Policia Local i el cos de Bombers en aquestes accions.<\/p>\n","protected":false},"excerpt":{"rendered":"<div class=\"mh-excerpt\">En les \u00faltimes dues setmanes s&#8217;han retirat 8 eixams d&#8217;abelles a Xest, situats en fa\u00e7anes, sostres o xemeneies de domicilis de la localitat. Tal com han explicat des de la regidoria de Medi Ambient de <a class=\"mh-excerpt-more\" href=\"https:\/\/tucomarca.whitekongsoftware.com\/ca\/rescaten-vuit-eixams-dabelles-en-les-ultimes-dues-setmanes-a-xest\/\" title=\"Rescaten vuit eixams d&#8217;abelles en les \u00faltimes dues setmanes a Xest\">[+] <\/a><\/div>\n","protected":false},"author":1,"featured_media":104666,"comment_status":"open","ping_status":"open","sticky":false,"template":"","format":"standard","meta":{"footnotes":""},"categories":[10905,11010,10948,10894,10912,10903,10947,10896,10897,10974],"tags":[11071,11939,11937,11938,11940,11955,11956,11951,11952],"class_list":["post-104668","post","type-post","status-publish","format-standard","has-post-thumbnail","category-agricultura-la-comarca-ca","category-canal-salud","category-infraestructuras-ca","category-la-comarca-ca","category-la-hoya-ca","category-medio-ambiente-la-comarca-ca","category-politica","category-seccion-ca","category-sucesos-la-comarca-ca","category-cheste-ca","tag-cheste","tag-coronavirus-ca","tag-coronavirus","tag-covid-19","tag-covid-19-ca","tag-covid19","tag-covid19-ca","tag-covid2019","tag-covid2019-ca"],"_links":{"self":[{"href":"https:\/\/tucomarca.whitekongsoftware.com\/ca\/wp-json\/wp\/v2\/posts\/104668","targetHints":{"allow":["GET"]}}],"collection":[{"href":"https:\/\/tucomarca.whitekongsoftware.com\/ca\/wp-json\/wp\/v2\/posts"}],"about":[{"href":"https:\/\/tucomarca.whitekongsoftware.com\/ca\/wp-json\/wp\/v2\/types\/post"}],"author":[{"embeddable":true,"href":"https:\/\/tucomarca.whitekongsoftware.com\/ca\/wp-json\/wp\/v2\/users\/1"}],"replies":[{"embeddable":true,"href":"https:\/\/tucomarca.whitekongsoftware.com\/ca\/wp-json\/wp\/v2\/comments?post=104668"}],"version-history":[{"count":0,"href":"https:\/\/tucomarca.whitekongsoftware.com\/ca\/wp-json\/wp\/v2\/posts\/104668\/revisions"}],"wp:featuredmedia":[{"embeddable":true,"href":"https:\/\/tucomarca.whitekongsoftware.com\/ca\/wp-json\/wp\/v2\/media\/104666"}],"wp:attachment":[{"href":"https:\/\/tucomarca.whitekongsoftware.com\/ca\/wp-json\/wp\/v2\/media?parent=104668"}],"wp:term":[{"taxonomy":"category","embeddable":true,"href":"https:\/\/tucomarca.whitekongsoftware.com\/ca\/wp-json\/wp\/v2\/categories?post=104668"},{"taxonomy":"post_tag","embeddable":true,"href":"https:\/\/tucomarca.whitekongsoftware.com\/ca\/wp-json\/wp\/v2\/tags?post=104668"}],"curies":[{"name":"wp","href":"https:\/\/api.w.org\/{rel}","templated":true}]}}