{"id":104613,"date":"2020-04-28T15:00:40","date_gmt":"2020-04-28T13:00:40","guid":{"rendered":"http:\/\/www.tucomarca.com\/wordpress\/segunda\/?p=104613"},"modified":"2020-04-28T15:00:44","modified_gmt":"2020-04-28T13:00:44","slug":"entrevista-eugenio-fortana-estic-orgullos-del-comportament-del-veinat-de-turis","status":"publish","type":"post","link":"https:\/\/tucomarca.whitekongsoftware.com\/ca\/entrevista-eugenio-fortana-estic-orgullos-del-comportament-del-veinat-de-turis\/","title":{"rendered":"Entrevista. Eugenio Forta\u00f1a: \u00abEstic orgull\u00f3s del comportament del ve\u00efnat de Tur\u00eds\u00bb"},"content":{"rendered":"\n<p class=\"wp-block-paragraph\"><strong>L&#8217;alcalde de Tur\u00eds, Eugenio Forta\u00f1a, ha valorat l&#8217;afecci\u00f3 de la pand\u00e8mia a la localitat on ha destacat el seu \u00aborgull com alcalde per la societat&nbsp;turisana. M&#8217;agradaria transmetre molt d&#8217;\u00e0nim per als dies que queden de quarantena, que els portem amb serenitat, i apel\u00b7lar a la responsabilitat de totes les persones durant la desescalada\u00bb.<\/strong><\/p>\n\n\n\n<p class=\"wp-block-paragraph\"><strong>\u2014&nbsp;En quin grau podem dir que ha afectat la pand\u00e8mia a la poblaci\u00f3 de Tur\u00eds: baix, mitj\u00e0 o alt?<\/strong><\/p>\n\n\n\n<p class=\"wp-block-paragraph\">\u2014&nbsp;La Covid-19 ha afectat en grau baix a Tur\u00eds. Els responsables sanitaris amb els quals estem en contacte permanent ens transmeteixen que la situaci\u00f3 sanit\u00e0ria del nostre poble \u00e9s molt tranquil\u00b7la. Aprofite per a donar l\u2019enhorabona a tota la gent, que est\u00e0 comportant-se molt responsablement i la conseq\u00fc\u00e8ncia d\u2019aix\u00f3 \u00e9s que a dia de hui en Tur\u00eds no tenim const\u00e0ncia de ningun cas de defunci\u00f3 a causa del coronavirus. I si sorgeix algun contagi s\u2019ha de mantindre la calma i complir escrupulosament tots els protocols de seguretat i salut que ens venen indicant les autoritats sanit\u00e0ries des de l\u2019inici de la pandemia.<\/p>\n\n\n\n<p class=\"wp-block-paragraph\"><strong>\u2014&nbsp;Ha rebut suficient informaci\u00f3 de les autoritats sanit\u00e0ries per a afrontar a nivell local la pand\u00e8mia?<\/strong><\/p>\n\n\n\n<p class=\"wp-block-paragraph\">\u2014&nbsp;La informaci\u00f3 ha estat directa, sempre dins de la protecci\u00f3 de dades que s\u2019ha de respectar. S\u2019han creat canals directes de comunicaci\u00f3 entre l\u2019administraci\u00f3&nbsp;auton\u00f2mica&nbsp;i l\u2019ajuntament i tamb\u00e9 amb l\u2019hospital de Manises, on hem entregat mascaretes solid\u00e0ries per al seu personal.<br> En l&#8217;\u00e0mbit local&nbsp;la comunicaci\u00f3 amb el centre de salut \u00e9s constant i a m\u00e9s de col\u00b7laborar amb l\u2019entrega de mascaretes i la cessi\u00f3 de terminals telef\u00f2niques de l\u2019ajuntament per a no&nbsp;col\u00b7lapsar&nbsp;les seues l\u00ednies.<\/p>\n\n\n\n<p class=\"wp-block-paragraph\"><strong>\u2014&nbsp;Despr\u00e9s de m\u00e9s d\u2019un mes de confinament, \u00bfcom creu que es troba la poblaci\u00f3 de Tur\u00eds i com creu que ha portat esta situaci\u00f3?<\/strong><\/p>\n\n\n\n<p class=\"wp-block-paragraph\">\u2014&nbsp;L\u2019actitud del ve\u00efnat de&nbsp;Tur\u00eds&nbsp;est\u00e0&nbsp;sent&nbsp;exemplar i crec que, en gran part, \u00e9s per aix\u00f2 que la&nbsp;situaci\u00f3&nbsp;sanit\u00e0ria est\u00e0 molt&nbsp;tranquil\u00b7la&nbsp;i controlada.<br> \u00c9s per a estar veritablement orgull\u00f3s, tant per la resposta al confinament com per la gran quantitat de&nbsp;sol\u00b7licituds&nbsp;que ens ha desbordat per a&nbsp;col\u00b7laborar&nbsp;d&#8217;alguna manera. No tinc paraules per a recon\u00e9ixer la tasca dels nostres agricultors i costureres volunt\u00e0ries, que s&#8217;han convertit en aut\u00e8ntiques brigades de la solidaritat per als seus paisans; als comer\u00e7os de primera necessitat, a les nostres cooperatives, i la cadena de sectors que implica que ells puguen funcionar proveint-nos amb normalitat; als professionals sanitaris, Policia Local, ex\u00e8rcit i Protecci\u00f3 Civil, que constitueixen la primera barrera de contenci\u00f3 contra el virus exposant la seua pr\u00f2pia salut; i a totes les persones que treballen des de l&#8217;administraci\u00f3 p\u00fablica o des del sector privat per a aconseguir&nbsp;mantindre&nbsp;les constants vitals del nostre pa\u00eds. I en&nbsp;este&nbsp;punt&nbsp;voldria&nbsp;recordar tamb\u00e9 a totes les persones que es veuen obligades a&nbsp;mantindre&nbsp;tancat el seu negoci o que han perdut la seua ocupaci\u00f3, amb la incertesa de si en acabar l&#8217;estat d&#8217;alarma podran recuperar-lo i tirar avant. Estem dissenyant el programa per articular recursos que permeten ajudar-los.<\/p>\n\n\n\n<p class=\"wp-block-paragraph\"><strong>\u2014&nbsp;\u00bfCom es van afrontar els primers moments de l&#8217;estat d&#8217;alarma des de l&#8217;Ajuntament de Tur\u00eds?<\/strong><\/p>\n\n\n\n<p class=\"wp-block-paragraph\">\u2014&nbsp;Els primers moments foren d\u2019incertesa, per\u00f2 sempre seguint les indicacions tant de l\u2019Administraci\u00f3 auton\u00f2mica com de l&#8217;estatal. En eixa&nbsp;l\u00ednia&nbsp;el primer que vam fer fou emetre un decret d\u2019alcaldia per&nbsp;previndre&nbsp;i preservar la salut del ve\u00efnat de&nbsp;Tur\u00eds.<\/p>\n\n\n\n<p class=\"wp-block-paragraph\"><strong>\u2014&nbsp;\u00bfEns pot resumir algunes de les mesures impulsades a nivell local per l&#8217;Ajuntament de Tur\u00eds per a combatre la pand\u00e8mia?<\/strong><\/p>\n\n\n\n<p class=\"wp-block-paragraph\">\u2014&nbsp;Ja el dia 12 de mar\u00e7, abans de declarar-se l&#8217;estat d&#8217;alarma i atenent a les recomanacions del govern, emet\u00e9rem un decret d&#8217;alcaldia clausurant tots els edificis p\u00fablics i zones comunes o publiques amb gran aflu\u00e8ncia de gent, com els parcs municipals, i suspenent les activitats i serveis que es prestaven en&nbsp;estos.<br> En la primera reuni\u00f3 de la comissi\u00f3 de seguretat decid\u00edrem la prestaci\u00f3 de serveis b\u00e0sics per a persones vulnerables amb assist\u00e8ncia domicili\u00e0ria, a m\u00e9s de potenciar el departament de depend\u00e8ncia, que en&nbsp;estos&nbsp;dies est\u00e0 resultant important\u00edssim. La Policia Local tamb\u00e9&nbsp;realitza tasques de suport duguen&nbsp;medicaments a les persones que ho sol\u00b7liciten i que per estar en situaci\u00f3 de risc no poden eixir de casa.<br> Igualment inici\u00e0rem les tasques de desinfecci\u00f3 a c\u00e0rrec de la brigada municipal de zones d&#8217;\u00fas comunitari o pr\u00f2ximes a locals on es presten serveis de primera necessitat.<br> En l&#8217;\u00e0mbit administratiu es va optar pel teletreball i l&#8217;\u00fas de la seu electr\u00f2nica per a realitzar les gestions, oferint uns serveis m\u00ednims d&#8217;informaci\u00f3 en les oficines del consistori, que ha estat obert amb la pres\u00e8ncia d\u2019un agutzil per a informar sobre gestions b\u00e0siques i atendre el tel\u00e8fon.<br> Tant els tr\u00e0mits administratius en proc\u00e9s com el pagament de tributs van quedar autom\u00e0ticament ajornats, i en pocs dies anunciarem els nous terminis. En el cas del pagament de taxes dels serveis p\u00fablics municipals com guarderia infantil, escola de futbol, gimn\u00e0s o mercat ambulant, van quedar suspeses fins que es reprenga el servei o l&#8217;activitat.<br> Tamb\u00e9 hem mantingut encontres amb la comand\u00e0ncia de la Gu\u00e0rdia Civil de&nbsp;Chiva, membres del batall\u00f3 de la caserna d&#8217;alta disponibilitat de B\u00e9tera i responsables del centre de salut de&nbsp;Tur\u00eds&nbsp;per a coordinar, junt amb la Policia Local i Protecci\u00f3 Civil, tasques de seguretat -tant sobre les persones com sobre la propietat privada- vigil\u00e0ncia i prevenci\u00f3 de la ciutadania que es realitzen pel nucli urb\u00e0 i per les urbanitzacions. En&nbsp;esta&nbsp;l\u00ednia mantenim especialment l&#8217;alerta davant els possibles casos de viol\u00e8ncia de g\u00e8nere.<br> Posteriorment les tasques de desinfecci\u00f3 s&#8217;han incrementat gr\u00e0cies a la impagable actuaci\u00f3 de m\u00e9s de quaranta llauradors del poble, als quals se&#8217;ls proporciona l&#8217;equipament adequat. En diversos torns, dos dies a la setmana desinfecten volunt\u00e0riament els carrers amb els seus atomitzadors convertint-se en aut\u00e8ntics herois per a la poblaci\u00f3. La brigada municipal d&#8217;obres fa el mateix en les zones comunes i de principal tr\u00e0nsit de totes les urbanitzacions de&nbsp;Tur\u00eds.<br> Un altre col\u00b7lectiu que es mereix el nostre major reconeixement \u00e9s el de m\u00e9s de seixanta dones del poble que s&#8217;han oferit a elaborar mascaretes amb el material que proporcionem des de l&#8217;ajuntament i que \u00e9s fruit de donacions. \u00c9s tanta la resposta que hem tingut, que a penes ens arriba material suficient per a cadascuna d&#8217;elles. En la mesura en qu\u00e8 es van confeccionant les mascaretes es van repartint entre els comer\u00e7os de primera necessitat, centre de salut, policia local i protecci\u00f3 civil.<br> A partir d&#8217;ac\u00ed, hem implementat totes&nbsp;estes&nbsp;actuacions per l&#8217;excepcionalitat de la situaci\u00f3 que estem vivint oferint un servei d&#8217;atenci\u00f3 psicol\u00f2gica, prestant terminals telef\u00f2niques al centre de salut perqu\u00e8 no es col\u00b7lapse la centraleta o entregant pantalles protectores al centre de salut i policia local perqu\u00e8 puguen treballar amb major protecci\u00f3.<br> Tant en xarxes socials com a trav\u00e9s dels b\u00e0ndols s&#8217;ha anat informant puntualment la poblaci\u00f3 de les diferents mesures, i en la p\u00e0gina web municipal s&#8217;ha establit un apartat que centralitza tota la informaci\u00f3 oficial sobre&nbsp;este&nbsp;tema amb els enlla\u00e7os directes als ministeris, Generalitat i Organitzaci\u00f3 Mundial de la Salut.<br> Per als xiquets i xiquetes, aut\u00e8ntics campions de la casa, intentem fer m\u00e9s suportable la situaci\u00f3 creant recursos per a acolorir el resultat dels quals pengem peri\u00f2dicament en la portada del Facebook municipal. Tamb\u00e9 felicitem l&#8217;aniversari a qui ens el proposa a trav\u00e9s de les xarxes i, quan acaba la setmana, els felicitem per megafonia i els dediquem uns minuts musicals.<br> A m\u00e9s l\u2019ajuntament s\u2019adher\u00ed, a trav\u00e9s de la megafonia municipal, a les exitoses iniciatives de la Societat Musical&nbsp;Turisense&nbsp;i l\u2019Escola de M\u00fasica&nbsp;Valent\u00edn&nbsp;Puig per a interpretar m\u00fasica des dels balcons recordant les nostres falles i interpretant l\u2019Himne a l\u2019Alegria respectivament.<\/p>\n\n\n\n<p class=\"wp-block-paragraph\"><strong>\u2014&nbsp;En un poble l&#8217;economia del qual \u00e9s majorit\u00e0riament agr\u00edcola com ho \u00e9s a Tur\u00eds, \u00bfcreu que aix\u00f2 li ha fet portar millor aquests dies de confinament i de tancament d&#8217;establiments comercials o no?<\/strong><\/p>\n\n\n\n<p class=\"wp-block-paragraph\">\u2014&nbsp;En l\u00ednies generals pense que ens ha afectat com a qualsevol poble rural similar al nostre. Cal ressaltar que el sector agr\u00edcola \u00e9s un dels de primera necessitat que durant l\u2019estat d\u2019alarma ha continuat treballant per a alimentar-nos. Esperem que este esfor\u00e7 es reconega econ\u00f2micament per a ajudar-lo, i m\u00e9s tenint en compte que altres sectors dels quals dep\u00e9n, com l&#8217;hostaleria, tamb\u00e9 estan tancats i no coneixem com ser\u00e0 la seua reobertura.<br> Igual ocorre amb els comer\u00e7os, els que ofereixen serveis de primera necessitat estan operatius per\u00f2 s&#8217;ha deixat sentir el tancament de tots els altres juntament amb els serveis p\u00fablics, amb la qual cosa tamb\u00e9 necessitaran un recol\u00e7ament per impulsar el reinici de l&#8217;activitat.<\/p>\n\n\n\n<p class=\"wp-block-paragraph\"><strong>\u2014&nbsp;<\/strong>\u00bf<strong>Com creu que afectar\u00e0 les crisi econ\u00f2mica que se&#8217;ns ave\u00efna despr\u00e9s del confinament a un poble eminentment agr\u00edcola com Tur\u00eds?<\/strong><\/p>\n\n\n\n<p class=\"wp-block-paragraph\">\u2014&nbsp;Tur\u00eds no resultar\u00e0 indiferent a la crisi. \u00c9s veritat que el sector agr\u00edcola ha continuat la seua activitat com be essencial, per\u00f2 el teixit comercial es veur\u00e0 seriosament afectat i caldr\u00e0 potenciar-lo d&#8217;alguna manera.<br> La pr\u00f2pia administraci\u00f3 local realitzar\u00e0 els convenients ajustos pressupostaris per a mantindre tots els serveis b\u00e0sics i els valuosos recursos municipals de qu\u00e8 disposem com la piscina-gimn\u00e0s municipal, guarderia infantil, conservatori de m\u00fasica, casa de la cultura on es troba la llar del jubilat o el centre d&#8217;associacions, entre altres.<br> Potenciarem la recuperaci\u00f3 econ\u00f2mica per a comer\u00e7os, restauraci\u00f3, empreses i persones afectades en el seu treball per a no deixar a ning\u00fa arrere. Per a aix\u00f2 estem desenvolupant un pla que ens permeta pal\u00b7liar els efectes de la crisi i assumir serveis que segurament requerir\u00e0 la nova situaci\u00f3 que ens deixe el pas de la pand\u00e8mia.<\/p>\n\n\n\n<p class=\"wp-block-paragraph\"><strong>\u2014&nbsp;El ve\u00efnat es pot preguntant en este moment per la celebraci\u00f3 d&#8217;esdeveniments&nbsp; com la fira agr\u00edcola, les falles o les pr\u00f2pies festes d&#8217;agost&#8230;&nbsp;<\/strong><\/p>\n\n\n\n<p class=\"wp-block-paragraph\">\u2014&nbsp;Evidentment la fira agr\u00edcola i de comer\u00e7 est\u00e0 suspesa i, respecte a la resta, ja estem veient la cancel\u00b7laci\u00f3 d&#8217;esdeveniments importants en altres pobles i ciutats. Sincerament no crec que&nbsp;Tur\u00eds&nbsp;siga ali\u00e9 a&nbsp;estes&nbsp;decisions i hem d&#8217;estar preparats. L&#8217;excepcionalitat de la situaci\u00f3 est\u00e0 obligant a prendre decisions excepcionals pel b\u00e9 de la salut de totes les persones, perqu\u00e8 quan es normalitze, puguem preparar i afrontar un nou temps amb totes les garanties.<\/p>\n\n\n\n<p class=\"wp-block-paragraph\"><strong>\u2014&nbsp;I per a finalitzar, \u00bfquin missatge li agradaria traslladar a la ciutadania despr\u00e9s d&#8217;un mes de confinament, pensant en les setmanes que encara queden per davant i en la desecalada?<\/strong><\/p>\n\n\n\n<p class=\"wp-block-paragraph\">\u2014&nbsp;Reiterar el meu orgull com alcalde per la societat&nbsp;turisana. M&#8217;agradaria transmetre molt d&#8217;\u00e0nim per als dies que queden de quarantena, que els portem amb serenitat, i apel\u00b7lar a la responsabilitat de totes les persones durant la desescalada. Ser\u00e0 el moment tamb\u00e9 d&#8217;afrontar nous reptes, d&#8217;aplicar pol\u00edtiques destinades a mantindre els nostres serveis p\u00fablics i regenerar el teixit econ\u00f2mic i social que ens deixar\u00e0 l&#8217;aturada econ\u00f2mica. Sense oblidar als milers de v\u00edctimes que s&#8217;ha cobrat&nbsp;esta&nbsp;pand\u00e8mia a les quals caldr\u00e0 rendir-los un merescut homenatge aix\u00ed com transmetre tot el suport als seus familiars.<\/p>\n","protected":false},"excerpt":{"rendered":"<div class=\"mh-excerpt\">L&#8217;alcalde de Tur\u00eds, Eugenio Forta\u00f1a, ha valorat l&#8217;afecci\u00f3 de la pand\u00e8mia a la localitat on ha destacat el seu \u00aborgull com alcalde per la societat&nbsp;turisana. M&#8217;agradaria transmetre molt d&#8217;\u00e0nim per als dies que queden de <a class=\"mh-excerpt-more\" href=\"https:\/\/tucomarca.whitekongsoftware.com\/ca\/entrevista-eugenio-fortana-estic-orgullos-del-comportament-del-veinat-de-turis\/\" title=\"Entrevista. Eugenio Forta\u00f1a: \u00abEstic orgull\u00f3s del comportament del ve\u00efnat de Tur\u00eds\u00bb\">[+] <\/a><\/div>\n","protected":false},"author":12,"featured_media":104615,"comment_status":"open","ping_status":"open","sticky":false,"template":"","format":"standard","meta":{"footnotes":""},"categories":[11010,10948,10894,10902,10947,10897,11047],"tags":[11952,11093],"class_list":["post-104613","post","type-post","status-publish","format-standard","has-post-thumbnail","category-canal-salud","category-infraestructuras-ca","category-la-comarca-ca","category-la-ribera-ca","category-politica","category-sucesos-la-comarca-ca","category-turis-ca","tag-covid2019-ca","tag-turis-ca"],"_links":{"self":[{"href":"https:\/\/tucomarca.whitekongsoftware.com\/ca\/wp-json\/wp\/v2\/posts\/104613","targetHints":{"allow":["GET"]}}],"collection":[{"href":"https:\/\/tucomarca.whitekongsoftware.com\/ca\/wp-json\/wp\/v2\/posts"}],"about":[{"href":"https:\/\/tucomarca.whitekongsoftware.com\/ca\/wp-json\/wp\/v2\/types\/post"}],"author":[{"embeddable":true,"href":"https:\/\/tucomarca.whitekongsoftware.com\/ca\/wp-json\/wp\/v2\/users\/12"}],"replies":[{"embeddable":true,"href":"https:\/\/tucomarca.whitekongsoftware.com\/ca\/wp-json\/wp\/v2\/comments?post=104613"}],"version-history":[{"count":0,"href":"https:\/\/tucomarca.whitekongsoftware.com\/ca\/wp-json\/wp\/v2\/posts\/104613\/revisions"}],"wp:featuredmedia":[{"embeddable":true,"href":"https:\/\/tucomarca.whitekongsoftware.com\/ca\/wp-json\/wp\/v2\/media\/104615"}],"wp:attachment":[{"href":"https:\/\/tucomarca.whitekongsoftware.com\/ca\/wp-json\/wp\/v2\/media?parent=104613"}],"wp:term":[{"taxonomy":"category","embeddable":true,"href":"https:\/\/tucomarca.whitekongsoftware.com\/ca\/wp-json\/wp\/v2\/categories?post=104613"},{"taxonomy":"post_tag","embeddable":true,"href":"https:\/\/tucomarca.whitekongsoftware.com\/ca\/wp-json\/wp\/v2\/tags?post=104613"}],"curies":[{"name":"wp","href":"https:\/\/api.w.org\/{rel}","templated":true}]}}