{"id":104524,"date":"2020-04-25T12:15:18","date_gmt":"2020-04-25T10:15:18","guid":{"rendered":"http:\/\/www.tucomarca.com\/wordpress\/segunda\/?p=104524"},"modified":"2020-04-26T12:16:17","modified_gmt":"2020-04-26T10:16:17","slug":"lajuntament-de-leliana-precinta-les-zones-de-joc-en-parcs-i-jardins","status":"publish","type":"post","link":"https:\/\/tucomarca.whitekongsoftware.com\/ca\/lajuntament-de-leliana-precinta-les-zones-de-joc-en-parcs-i-jardins\/","title":{"rendered":"L&#8217;Ajuntament de l&#8217;Eliana precinta les zones de joc en parcs i jardins"},"content":{"rendered":"\n<p class=\"wp-block-paragraph\">Els xiquets i xiquetes de l&#8217;Eliana fins a 14 anys podran fer una passejada di\u00e0ria supervisada pels adults, en un radi d&#8217;un quil\u00f2metre des de la seua casa, segons la nova ordre de Sanitat publicada en el BOE. Els despla\u00e7aments seran de 60 minuts m\u00e0xim, en un horari ampli compatible amb les hores solars de 9.00 a 21.00, amb la condici\u00f3 d&#8217;evitar aglomeracions i garantir la seguretat ciutadana.&nbsp;<\/p>\n\n\n\n<p class=\"wp-block-paragraph\">L\u2019eixida de la poblaci\u00f3 infantil estar\u00e0 controlada pels progenitors o majors d&#8217;edat que convisquen en el mateix domicili o, en defecte d&#8217;aix\u00f2, per un adult responsable amb autoritzaci\u00f3 pr\u00e8via. Els grups estaran formats pel major i fins a tres menors que seguiran les mesures de protecci\u00f3 pr\u00e8via al passeig (dist\u00e0ncia 2 metres, rentat de mans i m\u00e0scara) i podran circular per qualsevol via o espai d&#8217;\u00fas p\u00fablic, inclosos els espais naturals i zones verdes autoritzades.&nbsp;<\/p>\n\n\n\n<p class=\"wp-block-paragraph\">El consistori s&#8217;ha avan\u00e7at precintant els parcs i zones de joc del municipi, ja que no es permet l&#8217;acc\u00e9s a espais recreatius infantils a l&#8217;aire lliure, places o instal\u00b7lacions esportives. Des d\u2019esta web&nbsp;<a href=\"https:\/\/1km.geomatico.es\/\">https:\/\/1km.geomatico.es\/<\/a>&nbsp;es permet veure la zona perimetral des de cada domicili, per a no inc\u00f3rrer en una infracci\u00f3.&nbsp;<\/p>\n\n\n\n<p class=\"wp-block-paragraph\">L&#8217;alcalde, Salva Torrent, exigeix \u201c<em>prud\u00e8ncia i responsabilitat<\/em>\u201d davant aquesta esperada mesura i apel\u00b7la al sentit com\u00fa de la ciutadania. A m\u00e9s, l&#8217;edil assegura que \u201c<em>des del consistori es continuaran prenent les mesures necess\u00e0ries per a garantir la seguretat durant els passejos diaris, que normalitzen un poc m\u00e9s la vida dels ve\u00efns i ve\u00efnes de l&#8217;Eliana, en aquesta situaci\u00f3 provocada pel COVID-19<\/em>.\u201d<\/p>\n","protected":false},"excerpt":{"rendered":"<div class=\"mh-excerpt\">Els xiquets i xiquetes de l&#8217;Eliana fins a 14 anys podran fer una passejada di\u00e0ria supervisada pels adults, en un radi d&#8217;un quil\u00f2metre des de la seua casa, segons la nova ordre de Sanitat publicada <a class=\"mh-excerpt-more\" href=\"https:\/\/tucomarca.whitekongsoftware.com\/ca\/lajuntament-de-leliana-precinta-les-zones-de-joc-en-parcs-i-jardins\/\" title=\"L&#8217;Ajuntament de l&#8217;Eliana precinta les zones de joc en parcs i jardins\">[+] <\/a><\/div>\n","protected":false},"author":1,"featured_media":104522,"comment_status":"open","ping_status":"open","sticky":false,"template":"","format":"standard","meta":{"footnotes":""},"categories":[10892,11010,10948,10894,10893,10903,10947,10896,10897],"tags":[10395,10899,11939,11937,11940,11938,11951,11952],"class_list":["post-104524","post","type-post","status-publish","format-standard","has-post-thumbnail","category-camp-de-turia-ca","category-canal-salud","category-infraestructuras-ca","category-la-comarca-ca","category-leliana-ca","category-medio-ambiente-la-comarca-ca","category-politica","category-seccion-ca","category-sucesos-la-comarca-ca","tag-camp-de-turia","tag-camp-de-turia-ca","tag-coronavirus-ca","tag-coronavirus","tag-covid-19-ca","tag-covid-19","tag-covid2019","tag-covid2019-ca"],"_links":{"self":[{"href":"https:\/\/tucomarca.whitekongsoftware.com\/ca\/wp-json\/wp\/v2\/posts\/104524","targetHints":{"allow":["GET"]}}],"collection":[{"href":"https:\/\/tucomarca.whitekongsoftware.com\/ca\/wp-json\/wp\/v2\/posts"}],"about":[{"href":"https:\/\/tucomarca.whitekongsoftware.com\/ca\/wp-json\/wp\/v2\/types\/post"}],"author":[{"embeddable":true,"href":"https:\/\/tucomarca.whitekongsoftware.com\/ca\/wp-json\/wp\/v2\/users\/1"}],"replies":[{"embeddable":true,"href":"https:\/\/tucomarca.whitekongsoftware.com\/ca\/wp-json\/wp\/v2\/comments?post=104524"}],"version-history":[{"count":0,"href":"https:\/\/tucomarca.whitekongsoftware.com\/ca\/wp-json\/wp\/v2\/posts\/104524\/revisions"}],"wp:featuredmedia":[{"embeddable":true,"href":"https:\/\/tucomarca.whitekongsoftware.com\/ca\/wp-json\/wp\/v2\/media\/104522"}],"wp:attachment":[{"href":"https:\/\/tucomarca.whitekongsoftware.com\/ca\/wp-json\/wp\/v2\/media?parent=104524"}],"wp:term":[{"taxonomy":"category","embeddable":true,"href":"https:\/\/tucomarca.whitekongsoftware.com\/ca\/wp-json\/wp\/v2\/categories?post=104524"},{"taxonomy":"post_tag","embeddable":true,"href":"https:\/\/tucomarca.whitekongsoftware.com\/ca\/wp-json\/wp\/v2\/tags?post=104524"}],"curies":[{"name":"wp","href":"https:\/\/api.w.org\/{rel}","templated":true}]}}