{"id":104503,"date":"2020-04-25T22:12:24","date_gmt":"2020-04-25T20:12:24","guid":{"rendered":"http:\/\/www.tucomarca.com\/wordpress\/segunda\/?p=104503"},"modified":"2020-04-26T14:23:06","modified_gmt":"2020-04-26T12:23:06","slug":"especialistas-de-manises-dan-pautas-para-afrontar-la-salida-a-la-calle-de-los-menores","status":"publish","type":"post","link":"https:\/\/tucomarca.whitekongsoftware.com\/ca\/especialistas-de-manises-dan-pautas-para-afrontar-la-salida-a-la-calle-de-los-menores\/","title":{"rendered":"Especialistes de Manises donen pautes per afrontar la eixida al carrer dels menors"},"content":{"rendered":"\n<p class=\"wp-block-paragraph\"><strong>Als xiquets cal explicar-los de forma clara i senzilla com ser\u00e0 la sortida a l&#8217;exterior<\/strong><\/p>\n\n\n\n<p class=\"wp-block-paragraph\"><strong>Aconsellen als adults que mantinguin una actitud tranquil\u00b7la i de confian\u00e7a<\/strong><\/p>\n\n\n\n<p class=\"wp-block-paragraph\">Despr\u00e9s de m\u00e9s d&#8217;un mes de confinament, els menors de 14 anys podran sortir de casa per donar els primers passejos. Una mesura beneficiosa per a la salut dels nens per\u00f2 que ha de ser ben explicada i planificada pels adults perqu\u00e8 els menors siguin conscients i puguem assegurar el seu benestar. &#8220;\u00c9s bo que la sortida al carrer, amb les indicacions que marquen les autoritats, es realitzi explicant les caracter\u00edstiques d&#8217;aquesta: on van a anar, qu\u00e8 van a fer, quant de temps \u2026 aix\u00ed com atenent a les seves emocions abans, durant i despr\u00e9s de la sortida &#8220;, explica Sara Diego, Psic\u00f2loga Cl\u00ednica de la Unitat de Neurorehabilitaci\u00f3 Infantil de l&#8217;Hospital de Manises.<\/p>\n\n\n\n<p class=\"wp-block-paragraph\">En aquesta l\u00ednia, \u00e9s molt important valorar amb els nens i nenes com se senten respecte a sortir, si tenen alguna por o preocupaci\u00f3. De la mateixa manera, \u00e9s convenient que estiguem atents a com s&#8217;estan sentint durant la sortida, i que els preguntem a el tornar a casa. D&#8217;aquesta manera podem ajudar-los a expressar les seves sensacions. Sigui quina sigui l&#8217;emoci\u00f3 o pensament de l&#8217;infant, hem de fer-li veure que entenem que se senti aix\u00ed, evitant recriminacions.<\/p>\n\n\n\n<p class=\"wp-block-paragraph\">Una altra de les recomanacions que fan els especialistes, \u00e9s que el temps que es dedica a preparar la sortida i sortir al carrer, estigui centrat en els nens, de manera que els adults participin de forma activa en les activitats. Ha de ser un temps en el qual estiguem centrats en els nostres fills.<\/p>\n\n\n\n<p class=\"wp-block-paragraph\"><strong>Xiquets que no vulguen exigir de casa<\/strong><\/p>\n\n\n\n<p class=\"wp-block-paragraph\">Davant aquesta nova etapa, \u00e9s possible que hi hagi nens que no vulguin sortir de casa, on es troben segurs i feli\u00e7os. En aquesta situaci\u00f3 \u00e9s molt important el paper dels progenitors. &#8220;Correspon als adults ser sensibles a les necessitats emocionals i els temps de cada nen, no hem d&#8217;oblidar que aquesta mesura \u00e9s una possibilitat i no una obligaci\u00f3 i que som els adults els que hem de garantir que sigui alguna cosa positius per als nens i nenes&#8221;, afegeix Sara Diego. Si els progenitors no es troben segurs sobre la sortida, \u00e9s possible que transmetin aquesta intranquil\u00b7litat als nens. Quan el menor es trobi preparat, podem facilitar la sortida donant-los a triar, en la mesura del possible, qu\u00e8 fer, qu\u00e8 joguina volen emportar-se, i mostrant-nos tranquils.<\/p>\n","protected":false},"excerpt":{"rendered":"<div class=\"mh-excerpt\">Als xiquets cal explicar-los de forma clara i senzilla com ser\u00e0 la sortida a l&#8217;exterior Aconsellen als adults que mantinguin una actitud tranquil\u00b7la i de confian\u00e7a Despr\u00e9s de m\u00e9s d&#8217;un mes de confinament, els menors <a class=\"mh-excerpt-more\" href=\"https:\/\/tucomarca.whitekongsoftware.com\/ca\/especialistas-de-manises-dan-pautas-para-afrontar-la-salida-a-la-calle-de-los-menores\/\" title=\"Especialistes de Manises donen pautes per afrontar la eixida al carrer dels menors\">[+] <\/a><\/div>\n","protected":false},"author":12,"featured_media":92800,"comment_status":"open","ping_status":"open","sticky":false,"template":"","format":"standard","meta":{"footnotes":""},"categories":[10973,10911,10892,11010,10976,10898,10977,10980,10948,10894,10912,10902,10931,10978,10906,10896,10979,10897,10974,10975],"tags":[11937,11939,11940,11938,11951,136,11092],"class_list":["post-104503","post","type-post","status-publish","format-standard","has-post-thumbnail","category-alborache-ca","category-bunol-ca","category-camp-de-turia-ca","category-canal-salud","category-dos-aguas-ca","category-ventana-ca","category-godelleta-ca","category-yatova-ca","category-infraestructuras-ca","category-la-comarca-ca","category-la-hoya-ca","category-la-ribera-ca","category-loriguilla-ca","category-macastre-ca","category-riba-roja-ca","category-seccion-ca","category-siete-aguas-ca","category-sucesos-la-comarca-ca","category-cheste-ca","category-chiva-ca","tag-coronavirus","tag-coronavirus-ca","tag-covid-19-ca","tag-covid-19","tag-covid2019","tag-hospital-de-manises","tag-hospital-de-manises-ca"],"_links":{"self":[{"href":"https:\/\/tucomarca.whitekongsoftware.com\/ca\/wp-json\/wp\/v2\/posts\/104503","targetHints":{"allow":["GET"]}}],"collection":[{"href":"https:\/\/tucomarca.whitekongsoftware.com\/ca\/wp-json\/wp\/v2\/posts"}],"about":[{"href":"https:\/\/tucomarca.whitekongsoftware.com\/ca\/wp-json\/wp\/v2\/types\/post"}],"author":[{"embeddable":true,"href":"https:\/\/tucomarca.whitekongsoftware.com\/ca\/wp-json\/wp\/v2\/users\/12"}],"replies":[{"embeddable":true,"href":"https:\/\/tucomarca.whitekongsoftware.com\/ca\/wp-json\/wp\/v2\/comments?post=104503"}],"version-history":[{"count":0,"href":"https:\/\/tucomarca.whitekongsoftware.com\/ca\/wp-json\/wp\/v2\/posts\/104503\/revisions"}],"wp:featuredmedia":[{"embeddable":true,"href":"https:\/\/tucomarca.whitekongsoftware.com\/ca\/wp-json\/wp\/v2\/media\/92800"}],"wp:attachment":[{"href":"https:\/\/tucomarca.whitekongsoftware.com\/ca\/wp-json\/wp\/v2\/media?parent=104503"}],"wp:term":[{"taxonomy":"category","embeddable":true,"href":"https:\/\/tucomarca.whitekongsoftware.com\/ca\/wp-json\/wp\/v2\/categories?post=104503"},{"taxonomy":"post_tag","embeddable":true,"href":"https:\/\/tucomarca.whitekongsoftware.com\/ca\/wp-json\/wp\/v2\/tags?post=104503"}],"curies":[{"name":"wp","href":"https:\/\/api.w.org\/{rel}","templated":true}]}}