{"id":104327,"date":"2020-04-23T12:13:29","date_gmt":"2020-04-23T10:13:29","guid":{"rendered":"http:\/\/www.tucomarca.com\/wordpress\/segunda\/?p=104327"},"modified":"2020-04-23T12:13:32","modified_gmt":"2020-04-23T10:13:32","slug":"la-comunitat-registra-aquest-dijous-164-nous-contagis-i-20-morts-mes-amb-coronavirus","status":"publish","type":"post","link":"https:\/\/tucomarca.whitekongsoftware.com\/ca\/la-comunitat-registra-aquest-dijous-164-nous-contagis-i-20-morts-mes-amb-coronavirus\/","title":{"rendered":"La Comunitat registra aquest dijous 164 nous contagis i 20 morts m\u00e9s amb coronavirus"},"content":{"rendered":"\n<p class=\"wp-block-paragraph\">La Conselleria de Sanitat Universal i Salut P\u00fablica ha actualitzat la informaci\u00f3 sobre la incid\u00e8ncia de l&#8217;coronavirus a la Comunitat Valenciana. S&#8217;han donat un total de 5.388 altes (377 des de l&#8217;actualitzaci\u00f3 d&#8217;aquest dimecres): 638 a la prov\u00edncia de Castell\u00f3, 1.983 a la d&#8217;Alacant i 2.767 a la prov\u00edncia de Val\u00e8ncia.<\/p>\n\n\n\n<p class=\"wp-block-paragraph\">A m\u00e9s, s&#8217;han detectat 164 nous casos positius, que eleven a 10.735 el total de casos positius, dels quals es troben actius a hores d&#8217;ara 4.215. De l&#8217;total, 918 es troben ingressats a l&#8217;hospital i 179 d&#8217;ells a l&#8217;UCI.<\/p>\n\n\n\n<p class=\"wp-block-paragraph\">Dels 164 nous casos positius, 14 es troben a la prov\u00edncia de Castell\u00f3, 34 a la d&#8217;Alacant i 116 a la de Val\u00e8ncia.<\/p>\n\n\n\n<p class=\"wp-block-paragraph\">Per prov\u00edncies, el nombre total de casos positius \u00e9s de 1.401 a la prov\u00edncia de Castell\u00f3, actius 612 (109 hospitalitzats, 21 d&#8217;ells a l&#8217;UCI), 3.666 a la prov\u00edncia d&#8217;Alacant, actius 1.259 (221 hospitalitzats i 72 d&#8217;ells a la UCI), i 5.668 a la prov\u00edncia de Val\u00e8ncia, actius 2.344 (588 hospitalitzats i 86 d&#8217;ells a l&#8217;UCI).<\/p>\n\n\n\n<p class=\"wp-block-paragraph\">El nombre de professionals de la Sanitat que han donat positiu en total \u00e9s de 1.692, 630 actius en aquest moment (75 a la prov\u00edncia de Castell\u00f3, 168 a la d&#8217;Alacant i 387 a la prov\u00edncia de Val\u00e8ncia). Han rebut ja l&#8217;alta 1.062 persones.<\/p>\n\n\n\n<p class=\"wp-block-paragraph\">Fins a l&#8217;actualitat, s&#8217;han produ\u00eft un total de 1.132 defuncions a la Comunitat Valenciana: 151 a la prov\u00edncia de Castell\u00f3, 424 a la Alacant i 557 a la de Val\u00e8ncia.<\/p>\n\n\n\n<p class=\"wp-block-paragraph\">Les proves que han donat un resultat negatiu fins al moment s\u00f3n 83.792 (70.081 a trav\u00e9s de PCR i 13.711 a trav\u00e9s de tests r\u00e0pids).<\/p>\n\n\n\n<p class=\"wp-block-paragraph\">Actualitzaci\u00f3 de la situaci\u00f3 en resid\u00e8ncies<\/p>\n\n\n\n<p class=\"wp-block-paragraph\">En aquests moments hi ha casos positius en 93 centres (18 a la prov\u00edncia de Castell\u00f3, 15 a la d&#8217;Alacant i 60 a la prov\u00edncia de Val\u00e8ncia).<\/p>\n\n\n\n<p class=\"wp-block-paragraph\">\u00b7 Residents que han donat positiu: 1.671<\/p>\n\n\n\n<p class=\"wp-block-paragraph\">\u00b7 Personal treballador que ha donat positiu: 493<\/p>\n\n\n\n<p class=\"wp-block-paragraph\">\u00b7 Residents que han mort: 394<\/p>\n\n\n\n<p class=\"wp-block-paragraph\">A hores d&#8217;ara, es troben sota vigil\u00e0ncia activa de control sanitari 33 resid\u00e8ncies a la Comunitat Valenciana:<\/p>\n\n\n\n<p class=\"wp-block-paragraph\">\u00b7 9 a la prov\u00edncia de Castell\u00f3: 1 en el departament de Vinar\u00f2s, 4 al departament de l&#8217;Hospital General de Castell\u00f3 i 3 en el departament de la Plana. La novena resid\u00e8ncia pertany a el departament de Sagunt, tot i que est\u00e0 situada en un municipi de la prov\u00edncia de Castell\u00f3.<\/p>\n\n\n\n<p class=\"wp-block-paragraph\">\u00b7 9 a la prov\u00edncia d&#8217;Alacant: 2 al departament d&#8217;Alcoi, 1 en el departament de la Marina Baixa, 2 al departament de Sant Joan, 2 al departament d&#8217;Elda i 2 en el departament de l&#8217;Alacant- Hospital General.<\/p>\n\n\n\n<p class=\"wp-block-paragraph\">\u00b7 15 a la prov\u00edncia de Val\u00e8ncia: 1 en el departament de Sagunt, 2 al departament Cl\u00ednic-Malva-rosa, 4 al departament de La Fe, 5 al departament de Requena, 1 en el departament de l&#8217;Hospital General de Val\u00e8ncia, 1 a el departament de la Ribera i 1 en el departament de X\u00e0tiva-Ontinyent.<\/p>\n","protected":false},"excerpt":{"rendered":"<div class=\"mh-excerpt\">La Conselleria de Sanitat Universal i Salut P\u00fablica ha actualitzat la informaci\u00f3 sobre la incid\u00e8ncia de l&#8217;coronavirus a la Comunitat Valenciana. S&#8217;han donat un total de 5.388 altes (377 des de l&#8217;actualitzaci\u00f3 d&#8217;aquest dimecres): 638 <a class=\"mh-excerpt-more\" href=\"https:\/\/tucomarca.whitekongsoftware.com\/ca\/la-comunitat-registra-aquest-dijous-164-nous-contagis-i-20-morts-mes-amb-coronavirus\/\" title=\"La Comunitat registra aquest dijous 164 nous contagis i 20 morts m\u00e9s amb coronavirus\">[+] <\/a><\/div>\n","protected":false},"author":1,"featured_media":104325,"comment_status":"open","ping_status":"open","sticky":false,"template":"","format":"standard","meta":{"footnotes":""},"categories":[10905,11010,10898,10948,10894,10904,10903,10947,10896,10897],"tags":[11939,11937,11940,11938,11951,11952],"class_list":["post-104327","post","type-post","status-publish","format-standard","has-post-thumbnail","category-agricultura-la-comarca-ca","category-canal-salud","category-ventana-ca","category-infraestructuras-ca","category-la-comarca-ca","category-sin-categorizar-ca","category-medio-ambiente-la-comarca-ca","category-politica","category-seccion-ca","category-sucesos-la-comarca-ca","tag-coronavirus-ca","tag-coronavirus","tag-covid-19-ca","tag-covid-19","tag-covid2019","tag-covid2019-ca"],"_links":{"self":[{"href":"https:\/\/tucomarca.whitekongsoftware.com\/ca\/wp-json\/wp\/v2\/posts\/104327","targetHints":{"allow":["GET"]}}],"collection":[{"href":"https:\/\/tucomarca.whitekongsoftware.com\/ca\/wp-json\/wp\/v2\/posts"}],"about":[{"href":"https:\/\/tucomarca.whitekongsoftware.com\/ca\/wp-json\/wp\/v2\/types\/post"}],"author":[{"embeddable":true,"href":"https:\/\/tucomarca.whitekongsoftware.com\/ca\/wp-json\/wp\/v2\/users\/1"}],"replies":[{"embeddable":true,"href":"https:\/\/tucomarca.whitekongsoftware.com\/ca\/wp-json\/wp\/v2\/comments?post=104327"}],"version-history":[{"count":0,"href":"https:\/\/tucomarca.whitekongsoftware.com\/ca\/wp-json\/wp\/v2\/posts\/104327\/revisions"}],"wp:featuredmedia":[{"embeddable":true,"href":"https:\/\/tucomarca.whitekongsoftware.com\/ca\/wp-json\/wp\/v2\/media\/104325"}],"wp:attachment":[{"href":"https:\/\/tucomarca.whitekongsoftware.com\/ca\/wp-json\/wp\/v2\/media?parent=104327"}],"wp:term":[{"taxonomy":"category","embeddable":true,"href":"https:\/\/tucomarca.whitekongsoftware.com\/ca\/wp-json\/wp\/v2\/categories?post=104327"},{"taxonomy":"post_tag","embeddable":true,"href":"https:\/\/tucomarca.whitekongsoftware.com\/ca\/wp-json\/wp\/v2\/tags?post=104327"}],"curies":[{"name":"wp","href":"https:\/\/api.w.org\/{rel}","templated":true}]}}