{"id":104210,"date":"2020-04-22T12:51:10","date_gmt":"2020-04-22T10:51:10","guid":{"rendered":"http:\/\/www.tucomarca.com\/wordpress\/segunda\/?p=104210"},"modified":"2020-04-22T12:51:16","modified_gmt":"2020-04-22T10:51:16","slug":"la-comunitat-augmenta-en-172-nous-contagis-per-coronavirus-18-morts-i-292-altes-mes-en-les-ultimes-24-hores","status":"publish","type":"post","link":"https:\/\/tucomarca.whitekongsoftware.com\/ca\/la-comunitat-augmenta-en-172-nous-contagis-per-coronavirus-18-morts-i-292-altes-mes-en-les-ultimes-24-hores\/","title":{"rendered":"La Comunitat augmenta en 172 nous contagis per coronavirus, 18 morts i 292 altes m\u00e9s en les \u00faltimes 24 hores"},"content":{"rendered":"\n<p class=\"wp-block-paragraph\">La Conselleria de Sanitat Universal i Salut P\u00fablica ha actualitzat la informaci\u00f3 sobre la incid\u00e8ncia de l&#8217;coronavirus a la Comunitat Valenciana. S&#8217;ha donat un total de 5.011 altes (292 des de l&#8217;actualitzaci\u00f3 d&#8217;aquest dimarts): 568 a la prov\u00edncia de Castell\u00f3, 1.846 a la d&#8217;Alacant i 2.597 a la prov\u00edncia de Val\u00e8ncia.<\/p>\n\n\n\n<p class=\"wp-block-paragraph\">A m\u00e9s, s&#8217;han detectat 172 nous casos positius, que eleven a 10.571 el total de casos positius, dels quals es troben actius a hores d&#8217;ara 4.448. De l&#8217;total, 969 es troben ingressats a l&#8217;hospital i 193 d&#8217;ells a l&#8217;UCI.<\/p>\n\n\n\n<p class=\"wp-block-paragraph\">Dels 172 nous casos positius, 60 es troben a la prov\u00edncia de Castell\u00f3, 38 a la d&#8217;Alacant i 74 a la de Val\u00e8ncia.<\/p>\n\n\n\n<p class=\"wp-block-paragraph\">Per prov\u00edncies, el nombre total de casos positius \u00e9s de 1.387 a la prov\u00edncia de Castell\u00f3, actius 668 (116 hospitalitzats, 22 d&#8217;ells a l&#8217;UCI), 3.632 a la prov\u00edncia d&#8217;Alacant, actius 1.372 (234 hospitalitzats i 74 d&#8217;ells a la UCI), i 5.552 a la prov\u00edncia de Val\u00e8ncia, actius 2.408 (619 hospitalitzats i 97 d&#8217;ells a l&#8217;UCI).<\/p>\n\n\n\n<p class=\"wp-block-paragraph\">El nombre de professionals de la Sanitat que han donat positiu en total \u00e9s de 1.661, 780 actius en aquest moment (81 a la prov\u00edncia de Castell\u00f3, 277 a la d&#8217;Alacant i 422 a la prov\u00edncia de Val\u00e8ncia). Han rebut ja l&#8217;alta 881 persones.<\/p>\n\n\n\n<p class=\"wp-block-paragraph\">Fins a l&#8217;actualitat s&#8217;han produ\u00eft un total de 1.112 defuncions a la Comunitat Valenciana: 151 a la prov\u00edncia de Castell\u00f3, 414 a la Alacant i 547 a la de Val\u00e8ncia, 18 m\u00e8s des de ahir.<\/p>\n\n\n\n<p class=\"wp-block-paragraph\">Les proves que han donat un resultat negatiu fins al moment s\u00f3n 78.885 (66.990 a trav\u00e9s de PCR i 11.895 a trav\u00e9s de tests r\u00e0pids).<\/p>\n\n\n\n<p class=\"wp-block-paragraph\">Actualitzaci\u00f3 de la situaci\u00f3 en resid\u00e8ncies<\/p>\n\n\n\n<p class=\"wp-block-paragraph\">En aquests moments hi ha casos positius en 100 centres (17 a la prov\u00edncia de Castell\u00f3, 18 a la d&#8217;Alacant i 65 a la prov\u00edncia de Val\u00e8ncia).<\/p>\n\n\n\n<p class=\"wp-block-paragraph\">\u00b7 Residents que han donat positiu: 1.630<\/p>\n\n\n\n<p class=\"wp-block-paragraph\">\u00b7 Personal treballador que ha donat positiu: 470<\/p>\n\n\n\n<p class=\"wp-block-paragraph\">\u00b7 Residents que han mort: 386<\/p>\n\n\n\n<p class=\"wp-block-paragraph\">A hores d&#8217;ara, es troben sota vigil\u00e0ncia activa de control sanitari 33 resid\u00e8ncies a la Comunitat Valenciana:<\/p>\n\n\n\n<p class=\"wp-block-paragraph\">\u00b7 9 a la prov\u00edncia de Castell\u00f3: 1 en el departament de Vinar\u00f2s, 4 al departament de l&#8217;Hospital General de Castell\u00f3 i 3 en el departament de la Plana. La novena resid\u00e8ncia pertany a el departament de Sagunt, tot i que est\u00e0 situada en un municipi de la prov\u00edncia de Castell\u00f3.<\/p>\n\n\n\n<p class=\"wp-block-paragraph\">\u00b7 9 a la prov\u00edncia d&#8217;Alacant: 2 al departament d&#8217;Alcoi, 1 en el departament de la Marina Baixa, 2 al departament de Sant Joan, 2 al departament d&#8217;Elda i 2 en el departament de l&#8217;Alacant- Hospital General.<\/p>\n\n\n\n<p class=\"wp-block-paragraph\">\u00b7 15 a la prov\u00edncia de Val\u00e8ncia: 1 en el departament de Sagunt, 2 al departament Cl\u00ednic-Malva-rosa, 4 al departament de La Fe, 5 al departament de Requena, 1 en el departament de l&#8217;Hospital General de Val\u00e8ncia, 1 a el departament de la Ribera i 1 en el departament de X\u00e0tiva-Ontinyent.<\/p>\n","protected":false},"excerpt":{"rendered":"<div class=\"mh-excerpt\">La Conselleria de Sanitat Universal i Salut P\u00fablica ha actualitzat la informaci\u00f3 sobre la incid\u00e8ncia de l&#8217;coronavirus a la Comunitat Valenciana. S&#8217;ha donat un total de 5.011 altes (292 des de l&#8217;actualitzaci\u00f3 d&#8217;aquest dimarts): 568 <a class=\"mh-excerpt-more\" href=\"https:\/\/tucomarca.whitekongsoftware.com\/ca\/la-comunitat-augmenta-en-172-nous-contagis-per-coronavirus-18-morts-i-292-altes-mes-en-les-ultimes-24-hores\/\" title=\"La Comunitat augmenta en 172 nous contagis per coronavirus, 18 morts i 292 altes m\u00e9s en les \u00faltimes 24 hores\">[+] <\/a><\/div>\n","protected":false},"author":1,"featured_media":103149,"comment_status":"open","ping_status":"open","sticky":false,"template":"","format":"standard","meta":{"footnotes":""},"categories":[10905,11010,10898,10948,10894,10904,10903,10947,10896,10897],"tags":[11939,11937,11938,11940,11951,11952],"class_list":["post-104210","post","type-post","status-publish","format-standard","has-post-thumbnail","category-agricultura-la-comarca-ca","category-canal-salud","category-ventana-ca","category-infraestructuras-ca","category-la-comarca-ca","category-sin-categorizar-ca","category-medio-ambiente-la-comarca-ca","category-politica","category-seccion-ca","category-sucesos-la-comarca-ca","tag-coronavirus-ca","tag-coronavirus","tag-covid-19","tag-covid-19-ca","tag-covid2019","tag-covid2019-ca"],"_links":{"self":[{"href":"https:\/\/tucomarca.whitekongsoftware.com\/ca\/wp-json\/wp\/v2\/posts\/104210","targetHints":{"allow":["GET"]}}],"collection":[{"href":"https:\/\/tucomarca.whitekongsoftware.com\/ca\/wp-json\/wp\/v2\/posts"}],"about":[{"href":"https:\/\/tucomarca.whitekongsoftware.com\/ca\/wp-json\/wp\/v2\/types\/post"}],"author":[{"embeddable":true,"href":"https:\/\/tucomarca.whitekongsoftware.com\/ca\/wp-json\/wp\/v2\/users\/1"}],"replies":[{"embeddable":true,"href":"https:\/\/tucomarca.whitekongsoftware.com\/ca\/wp-json\/wp\/v2\/comments?post=104210"}],"version-history":[{"count":0,"href":"https:\/\/tucomarca.whitekongsoftware.com\/ca\/wp-json\/wp\/v2\/posts\/104210\/revisions"}],"wp:featuredmedia":[{"embeddable":true,"href":"https:\/\/tucomarca.whitekongsoftware.com\/ca\/wp-json\/wp\/v2\/media\/103149"}],"wp:attachment":[{"href":"https:\/\/tucomarca.whitekongsoftware.com\/ca\/wp-json\/wp\/v2\/media?parent=104210"}],"wp:term":[{"taxonomy":"category","embeddable":true,"href":"https:\/\/tucomarca.whitekongsoftware.com\/ca\/wp-json\/wp\/v2\/categories?post=104210"},{"taxonomy":"post_tag","embeddable":true,"href":"https:\/\/tucomarca.whitekongsoftware.com\/ca\/wp-json\/wp\/v2\/tags?post=104210"}],"curies":[{"name":"wp","href":"https:\/\/api.w.org\/{rel}","templated":true}]}}