{"id":104175,"date":"2020-04-21T20:30:05","date_gmt":"2020-04-21T18:30:05","guid":{"rendered":"http:\/\/www.tucomarca.com\/wordpress\/segunda\/?p=104175"},"modified":"2020-04-22T00:44:31","modified_gmt":"2020-04-21T22:44:31","slug":"el-departament-de-salut-de-requena-registra-aquest-dimarts-tres-casos-i-cap-mort-des-de-les-ultimes-24-hores","status":"publish","type":"post","link":"https:\/\/tucomarca.whitekongsoftware.com\/ca\/el-departament-de-salut-de-requena-registra-aquest-dimarts-tres-casos-i-cap-mort-des-de-les-ultimes-24-hores\/","title":{"rendered":"El Departament de Salut de Requena registra aquest dimarts tres casos i cap mort des de les \u00faltimes 24 hores per coronavirus"},"content":{"rendered":"\n<p class=\"wp-block-paragraph\">El Departament de Salut de Requena ha registrat aquest dilluns un us menors augments amb tan sols tres casos de contagis per coronavirus segons les dades facilitades per la Generalitat Valenciana (corresponents als facilitades pels centres sanitaris un dia abans); aix\u00ed com cap persona morta.<\/p>\n\n\n\n<p class=\"wp-block-paragraph\">A data d&#8217;aquest dimarts, 21 d&#8217;abril, s\u00f3n d&#8217;un total de 399 dels casos positius, i un total de 54 les persones mortes, el que ofereix una taxa de positius de l&#8217;774,90 i una taxa de mortalitat de l&#8217;104,90, dos dels percentatges m\u00e9s alts de tota la Comunitat Valenciana. Aquestes dades, segons la comparativa amb altres departaments situen, a el de Requena en el grup dels que m\u00e9s afecci\u00f3 de la pand\u00e8mia ha tingut a la Comunitat.<\/p>\n\n\n\n<p class=\"wp-block-paragraph\">El Departament de Requena cobreix la demanda sanit\u00e0ria de 51.489 persones procedents dels 18 municipis adscrits de les comarques de Requena-Utiel i de la Vall d&#8217;Aiora-Cofrents, a m\u00e9s d&#8217;altres municipis lim\u00edtrofs de la Foia de Bunyol-Xiva com \u00e9s Setaig\u00fces o de els Serrans, com s\u00f3n Benaixeve i Xera.<\/p>\n","protected":false},"excerpt":{"rendered":"<div class=\"mh-excerpt\">El Departament de Salut de Requena ha registrat aquest dilluns un us menors augments amb tan sols tres casos de contagis per coronavirus segons les dades facilitades per la Generalitat Valenciana (corresponents als facilitades pels <a class=\"mh-excerpt-more\" href=\"https:\/\/tucomarca.whitekongsoftware.com\/ca\/el-departament-de-salut-de-requena-registra-aquest-dimarts-tres-casos-i-cap-mort-des-de-les-ultimes-24-hores\/\" title=\"El Departament de Salut de Requena registra aquest dimarts tres casos i cap mort des de les \u00faltimes 24 hores per coronavirus\">[+] <\/a><\/div>\n","protected":false},"author":1,"featured_media":104173,"comment_status":"open","ping_status":"open","sticky":false,"template":"","format":"standard","meta":{"footnotes":""},"categories":[10905,10954,10951,11041,11030,11031,11010,11032,11054,10955,10953,11046,10898,11055,10948,10956,10957,10894,11056,10931,10903,10947,10908,10909,10906,11057,10896,11058,10897,10958,11059,11060,11061,11037,10959],"tags":[11939,11937,11940,11938,11951,11952,11934,10651,10387,10910],"class_list":["post-104175","post","type-post","status-publish","format-standard","has-post-thumbnail","category-agricultura-la-comarca-ca","category-ayora-ca","category-ayora-cofrentes-ca","category-benageber-ca","category-campo-arcis-ca","category-camporrobles-ca","category-canal-salud","category-caudete-ca","category-chera-ca","category-cofrentes-ca","category-cortes-de-pallas-ca","category-los-serranos-ca","category-ventana-ca","category-fuenterrobles-ca","category-infraestructuras-ca","category-jalance-ca","category-jarafuel-ca","category-la-comarca-ca","category-las-cuevas-ca","category-loriguilla-ca","category-medio-ambiente-la-comarca-ca","category-politica","category-requena-ca","category-requena-utiel-ca","category-riba-roja-ca","category-san-antonio-ca","category-seccion-ca","category-sinarcas-ca","category-sucesos-la-comarca-ca","category-teresa-de-cofrentes-ca","category-utiel-ca","category-venta-del-moro-ca","category-villargordo-del-cabriel-ca","category-chera-los-serranos-ca","category-zarra-ca","tag-coronavirus-ca","tag-coronavirus","tag-covid-19-ca","tag-covid-19","tag-covid2019","tag-covid2019-ca","tag-el-valle-de-ayora-cofrentes-ca","tag-el-valle-de-ayora-cofrentes","tag-requena-utiel","tag-requena-utiel-ca"],"_links":{"self":[{"href":"https:\/\/tucomarca.whitekongsoftware.com\/ca\/wp-json\/wp\/v2\/posts\/104175","targetHints":{"allow":["GET"]}}],"collection":[{"href":"https:\/\/tucomarca.whitekongsoftware.com\/ca\/wp-json\/wp\/v2\/posts"}],"about":[{"href":"https:\/\/tucomarca.whitekongsoftware.com\/ca\/wp-json\/wp\/v2\/types\/post"}],"author":[{"embeddable":true,"href":"https:\/\/tucomarca.whitekongsoftware.com\/ca\/wp-json\/wp\/v2\/users\/1"}],"replies":[{"embeddable":true,"href":"https:\/\/tucomarca.whitekongsoftware.com\/ca\/wp-json\/wp\/v2\/comments?post=104175"}],"version-history":[{"count":0,"href":"https:\/\/tucomarca.whitekongsoftware.com\/ca\/wp-json\/wp\/v2\/posts\/104175\/revisions"}],"wp:featuredmedia":[{"embeddable":true,"href":"https:\/\/tucomarca.whitekongsoftware.com\/ca\/wp-json\/wp\/v2\/media\/104173"}],"wp:attachment":[{"href":"https:\/\/tucomarca.whitekongsoftware.com\/ca\/wp-json\/wp\/v2\/media?parent=104175"}],"wp:term":[{"taxonomy":"category","embeddable":true,"href":"https:\/\/tucomarca.whitekongsoftware.com\/ca\/wp-json\/wp\/v2\/categories?post=104175"},{"taxonomy":"post_tag","embeddable":true,"href":"https:\/\/tucomarca.whitekongsoftware.com\/ca\/wp-json\/wp\/v2\/tags?post=104175"}],"curies":[{"name":"wp","href":"https:\/\/api.w.org\/{rel}","templated":true}]}}