{"id":104142,"date":"2020-04-21T23:15:02","date_gmt":"2020-04-21T21:15:02","guid":{"rendered":"http:\/\/www.tucomarca.com\/wordpress\/segunda\/?p=104142"},"modified":"2020-04-22T01:02:53","modified_gmt":"2020-04-21T23:02:53","slug":"un-estudi-de-transports-constata-que-el-65-dels-habitants-de-riba-roja-no-realitza-cap-trajecte-diari-fora-de-sa-casa-durant-el-confinament","status":"publish","type":"post","link":"https:\/\/tucomarca.whitekongsoftware.com\/ca\/un-estudi-de-transports-constata-que-el-65-dels-habitants-de-riba-roja-no-realitza-cap-trajecte-diari-fora-de-sa-casa-durant-el-confinament\/","title":{"rendered":"Un estudi de Transports constata que el 65% dels habitants de Riba-roja no realitza cap trajecte diari fora de sa casa durant el confinament"},"content":{"rendered":"\n<p class=\"wp-block-paragraph\"><strong>L&#8217;informe est\u00e0 basat en les dades de les operadores de telefonia m\u00f2bil<\/strong><\/p>\n\n\n\n<p class=\"wp-block-paragraph\">Un estudi del Ministeri de Transports, Mobilitat i Agenda Urbana certifica que el 65% dels habitants de Riba-roja de T\u00faria no realitza cap tipus de trajecte diari fora de sa casa durant el confinament pel decret de l&#8217;Estat d&#8217;Alarma. L&#8217;an\u00e0lisi del govern central servix per a mesurar el grau de compliment de les directrius fixades en l&#8217;esmentat decret del govern sobre la mobilitat de les persones des del 15 de mar\u00e7.<\/p>\n\n\n\n<p class=\"wp-block-paragraph\">L&#8217;informe ministerial est\u00e0 basat en les dades recollides per les diverses operadores de telefonia m\u00f2bil sobre el comportament dels ciutadans des de mitjans de el mes passat. En el cas, de Riba-vermella els despla\u00e7aments personals diaris s&#8217;han redu\u00eft en prop d&#8217;un 28% en nom\u00e9s un mes d&#8217;an\u00e0lisi ja que mentre que al febrer el 37% dels habitants no realitzava cap tipus de trajecte exterior ara aquesta xifra ha augmentat fins al 65% a principis del mes d&#8217;abril.<\/p>\n\n\n\n<p class=\"wp-block-paragraph\">Les xifres s\u00f3n concloents sobre la situaci\u00f3 de confinament i el comprom\u00eds de les persones de Riba-roja a l&#8217;hora d&#8217;acatar les directrius marcades fins al punt que el 18% dels ciutadans de la localitat fa m\u00e9s de dos trajectes diaris durant l&#8217;Estat d&#8217; alarma, \u00e9s a dir, un 21% menor respectes dels mateixos par\u00e0metres que es realitzaven al febrer passat, amb un 39% de persones que realitzaven m\u00e9s de dos trajectes diaris fora de casa.<\/p>\n\n\n\n<p class=\"wp-block-paragraph\">L&#8217;estudi de l&#8217;Ministeri de Transports i Mobilitat fixa la seua atenci\u00f3 en el comportament personal durant un dia qualsevol de l&#8217;confinament, sobre les persones que es queden a casa sense sortir de la mateixa i aquelles que han efectuat m\u00e9s de dos trajectes en la mateixa jornada. Les dades extretes s\u00f3n una mitjana de la setmana en qu\u00e8 van fixar la seva atenci\u00f3, entre el 29 de mar\u00e7 i el 5 d&#8217;abril.<\/p>\n\n\n\n<p class=\"wp-block-paragraph\">L&#8217;informe de el Govern d&#8217;Espanya detalla la definici\u00f3 de &#8220;viatge&#8221; o &#8220;trajecte&#8221; analitzat prenent per a aix\u00f2 el par\u00e0metre de la geolocalitzaci\u00f3 a partir d&#8217;algunes activitats permeses com treballar, compres en els supermercats o en les farm\u00e0cies o la visita a un familiar vulnerable . D&#8217;aquesta manera, es constata que una gran majoria va complir amb les obligacions derivades de l&#8217;decret de l&#8217;Estat d&#8217;Alarma.<\/p>\n\n\n\n<p class=\"wp-block-paragraph\">En el cas gen\u00e8ric d&#8217;Espanya, les xifres s\u00f3n aclaridores amb un 60% d&#8217;espanyols que es queden a casa di\u00e0riament durant el confinament, un altre 20% fa una sortida com a m\u00e0xim a el dia i un altre 20% restant fa dos viatges o m\u00e9s en el mateix per\u00edode de temps. Aquestes xifres s&#8217;incrementen fins al 66% de confinament diari durant els caps de setmana.<\/p>\n\n\n\n<p class=\"wp-block-paragraph\">L&#8217;alcalde de Riba-roja de T\u00faria, Robert Raga, ha agra\u00eft &#8220;l&#8217;excel\u00b7lent comportament i l&#8217;enorme grau de civisme que han demostrat els nostres ciutadans a l&#8217;hora de complir totes les directrius que es deriven de l&#8217;Estat d&#8217;Alarma per quedar-se a casa sense sortir ja que aquesta mesura s&#8217;ha constatat com la millor soluci\u00f3 per v\u00e8ncer la pand\u00e8mia completament &#8220;.<\/p>\n\n\n\n<p class=\"wp-block-paragraph\"><strong><br><\/strong><\/p>\n","protected":false},"excerpt":{"rendered":"<div class=\"mh-excerpt\">L&#8217;informe est\u00e0 basat en les dades de les operadores de telefonia m\u00f2bil Un estudi del Ministeri de Transports, Mobilitat i Agenda Urbana certifica que el 65% dels habitants de Riba-roja de T\u00faria no realitza cap <a class=\"mh-excerpt-more\" href=\"https:\/\/tucomarca.whitekongsoftware.com\/ca\/un-estudi-de-transports-constata-que-el-65-dels-habitants-de-riba-roja-no-realitza-cap-trajecte-diari-fora-de-sa-casa-durant-el-confinament\/\" title=\"Un estudi de Transports constata que el 65% dels habitants de Riba-roja no realitza cap trajecte diari fora de sa casa durant el confinament\">[+] <\/a><\/div>\n","protected":false},"author":12,"featured_media":104145,"comment_status":"open","ping_status":"open","sticky":false,"template":"","format":"standard","meta":{"footnotes":""},"categories":[10892,11010,10948,10894,10903,10947,10906,10896,10897],"tags":[10899,11285,11939,11940,11952,11102,10907],"class_list":["post-104142","post","type-post","status-publish","format-standard","has-post-thumbnail","category-camp-de-turia-ca","category-canal-salud","category-infraestructuras-ca","category-la-comarca-ca","category-medio-ambiente-la-comarca-ca","category-politica","category-riba-roja-ca","category-seccion-ca","category-sucesos-la-comarca-ca","tag-camp-de-turia-ca","tag-comarca-camp-de-turia-ca","tag-coronavirus-ca","tag-covid-19-ca","tag-covid2019-ca","tag-riba-roja-2-ca","tag-riba-roja-del-turia-ca"],"_links":{"self":[{"href":"https:\/\/tucomarca.whitekongsoftware.com\/ca\/wp-json\/wp\/v2\/posts\/104142","targetHints":{"allow":["GET"]}}],"collection":[{"href":"https:\/\/tucomarca.whitekongsoftware.com\/ca\/wp-json\/wp\/v2\/posts"}],"about":[{"href":"https:\/\/tucomarca.whitekongsoftware.com\/ca\/wp-json\/wp\/v2\/types\/post"}],"author":[{"embeddable":true,"href":"https:\/\/tucomarca.whitekongsoftware.com\/ca\/wp-json\/wp\/v2\/users\/12"}],"replies":[{"embeddable":true,"href":"https:\/\/tucomarca.whitekongsoftware.com\/ca\/wp-json\/wp\/v2\/comments?post=104142"}],"version-history":[{"count":0,"href":"https:\/\/tucomarca.whitekongsoftware.com\/ca\/wp-json\/wp\/v2\/posts\/104142\/revisions"}],"wp:featuredmedia":[{"embeddable":true,"href":"https:\/\/tucomarca.whitekongsoftware.com\/ca\/wp-json\/wp\/v2\/media\/104145"}],"wp:attachment":[{"href":"https:\/\/tucomarca.whitekongsoftware.com\/ca\/wp-json\/wp\/v2\/media?parent=104142"}],"wp:term":[{"taxonomy":"category","embeddable":true,"href":"https:\/\/tucomarca.whitekongsoftware.com\/ca\/wp-json\/wp\/v2\/categories?post=104142"},{"taxonomy":"post_tag","embeddable":true,"href":"https:\/\/tucomarca.whitekongsoftware.com\/ca\/wp-json\/wp\/v2\/tags?post=104142"}],"curies":[{"name":"wp","href":"https:\/\/api.w.org\/{rel}","templated":true}]}}