{"id":104113,"date":"2020-04-21T13:00:19","date_gmt":"2020-04-21T11:00:19","guid":{"rendered":"http:\/\/www.tucomarca.com\/wordpress\/segunda\/?p=104113"},"modified":"2020-04-21T14:07:36","modified_gmt":"2020-04-21T12:07:36","slug":"el-departament-de-manises-pateix-un-increment-de-7-casos-per-coronavirus-i-cap-mort-en-les-ultimes-24-hores","status":"publish","type":"post","link":"https:\/\/tucomarca.whitekongsoftware.com\/ca\/el-departament-de-manises-pateix-un-increment-de-7-casos-per-coronavirus-i-cap-mort-en-les-ultimes-24-hores\/","title":{"rendered":"El Departament de Manises pateix un increment de 7 casos per coronavirus i cap mort en les \u00faltimes 24 hores"},"content":{"rendered":"\n<p class=\"wp-block-paragraph\">La Conselleria de Sanitat Universal i Salut P\u00fablica de la Generalitat Valenciana ha actualitzat aquest dimarts les xifres de el Departament de Salut de Manises, a qu\u00e8 pertanyen la majoria dels pobles de la Foia de Bunyol-Xiva, on s&#8217;ha registrat un increment de 7 casos positius en coronavirus (ahir es va incrementar en 15 i abans d&#8217;ahir a 9) des dels 383 comptabilitzats fins dilluns, el que eleva la xifra de persones contagiades a data d&#8217;avui a les 390, amb una tend\u00e8ncia a la baixa; mentre que en tota la Comunitat Valenciana la xifra de contagiats se situa en els 10.399, que s\u00f3n 60 persones m\u00e9s que ahir.<\/p>\n\n\n\n<p class=\"wp-block-paragraph\">Pel que fa a el nombre de morts, la xifra es mant\u00e9 en els 39, a difer\u00e8ncia d&#8217;ahir dilluns en qu\u00e8 va perdre la vida una persona a l&#8217;igual que diumenge i el dissabte; mentre que a la resta de la Comunitat Valenciana el nombre de morts ha crescut en 10 persones m\u00e9s situant-se en les 1.094: 7 a la prov\u00edncia d&#8217;Alacant, 3 a Castell\u00f3 i, per primera vegada en setmanes, cap persona a la prov\u00edncia de Val\u00e8ncia.<\/p>\n\n\n\n<p class=\"wp-block-paragraph\">El Departament de Manises cobreix la demanda sanit\u00e0ria de 207.215 persones procedents dels 14 municipis adscrits i que s\u00f3n, a m\u00e9s de Manises, els d&#8217;Alborache, Bunyol, Macastre, Y\u00e0tova, Xest, Chiva, Quart de Poblet, Godelleta, Tur\u00eds, Loriguilla, Riba -roja, Aldaia i Mislata.<\/p>\n\n\n\n<p class=\"wp-block-paragraph\">En aquesta esmentada \u00e0rea geogr\u00e0fica, les dades de qu\u00e8 disposa la Generalitat Valenciana a data de l&#8217;21 de mar\u00e7 (que s\u00f3n els comptabilitzats fins a un dia abans) s\u00f3n d&#8217;un total de 390 positius, amb 39 morts, el que ofereix una taxa de positius de l&#8217;188,20 i una taxa de mortalitat que es mant\u00e9 en el 18,80. Unes dades que, segons la comparativa amb altres departaments, segueixen situant a el de Manises en el grup dels que estan lleugerament per sota de la mitjana pel que fa a afecci\u00f3 de la pand\u00e8mia.<\/p>\n","protected":false},"excerpt":{"rendered":"<div class=\"mh-excerpt\">La Conselleria de Sanitat Universal i Salut P\u00fablica de la Generalitat Valenciana ha actualitzat aquest dimarts les xifres de el Departament de Salut de Manises, a qu\u00e8 pertanyen la majoria dels pobles de la Foia <a class=\"mh-excerpt-more\" href=\"https:\/\/tucomarca.whitekongsoftware.com\/ca\/el-departament-de-manises-pateix-un-increment-de-7-casos-per-coronavirus-i-cap-mort-en-les-ultimes-24-hores\/\" title=\"El Departament de Manises pateix un increment de 7 casos per coronavirus i cap mort en les \u00faltimes 24 hores\">[+] <\/a><\/div>\n","protected":false},"author":1,"featured_media":104109,"comment_status":"open","ping_status":"open","sticky":false,"template":"","format":"standard","meta":{"footnotes":""},"categories":[10973,10911,10892,11010,10898,10977,10980,10948,10894,10912,10931,10978,10903,10947,10906,10896,10897,11047,10974,10975],"tags":[11939,11937,11940,11938,11951,11952,11108,5952,10914],"class_list":["post-104113","post","type-post","status-publish","format-standard","has-post-thumbnail","category-alborache-ca","category-bunol-ca","category-camp-de-turia-ca","category-canal-salud","category-ventana-ca","category-godelleta-ca","category-yatova-ca","category-infraestructuras-ca","category-la-comarca-ca","category-la-hoya-ca","category-loriguilla-ca","category-macastre-ca","category-medio-ambiente-la-comarca-ca","category-politica","category-riba-roja-ca","category-seccion-ca","category-sucesos-la-comarca-ca","category-turis-ca","category-cheste-ca","category-chiva-ca","tag-coronavirus-ca","tag-coronavirus","tag-covid-19-ca","tag-covid-19","tag-covid2019","tag-covid2019-ca","tag-la-foia-de-bunyol-xiva","tag-la-hoya-de-bunol-chiva","tag-la-hoya-de-bunol-chiva-ca"],"_links":{"self":[{"href":"https:\/\/tucomarca.whitekongsoftware.com\/ca\/wp-json\/wp\/v2\/posts\/104113","targetHints":{"allow":["GET"]}}],"collection":[{"href":"https:\/\/tucomarca.whitekongsoftware.com\/ca\/wp-json\/wp\/v2\/posts"}],"about":[{"href":"https:\/\/tucomarca.whitekongsoftware.com\/ca\/wp-json\/wp\/v2\/types\/post"}],"author":[{"embeddable":true,"href":"https:\/\/tucomarca.whitekongsoftware.com\/ca\/wp-json\/wp\/v2\/users\/1"}],"replies":[{"embeddable":true,"href":"https:\/\/tucomarca.whitekongsoftware.com\/ca\/wp-json\/wp\/v2\/comments?post=104113"}],"version-history":[{"count":0,"href":"https:\/\/tucomarca.whitekongsoftware.com\/ca\/wp-json\/wp\/v2\/posts\/104113\/revisions"}],"wp:featuredmedia":[{"embeddable":true,"href":"https:\/\/tucomarca.whitekongsoftware.com\/ca\/wp-json\/wp\/v2\/media\/104109"}],"wp:attachment":[{"href":"https:\/\/tucomarca.whitekongsoftware.com\/ca\/wp-json\/wp\/v2\/media?parent=104113"}],"wp:term":[{"taxonomy":"category","embeddable":true,"href":"https:\/\/tucomarca.whitekongsoftware.com\/ca\/wp-json\/wp\/v2\/categories?post=104113"},{"taxonomy":"post_tag","embeddable":true,"href":"https:\/\/tucomarca.whitekongsoftware.com\/ca\/wp-json\/wp\/v2\/tags?post=104113"}],"curies":[{"name":"wp","href":"https:\/\/api.w.org\/{rel}","templated":true}]}}