{"id":104103,"date":"2020-04-21T13:48:28","date_gmt":"2020-04-21T11:48:28","guid":{"rendered":"http:\/\/www.tucomarca.com\/wordpress\/segunda\/?p=104103"},"modified":"2020-04-21T13:48:30","modified_gmt":"2020-04-21T11:48:30","slug":"la-provincia-de-valencia-no-registra-per-primera-vegada-cap-mort-per-coronavirus-en-les-ultimes-24-hores","status":"publish","type":"post","link":"https:\/\/tucomarca.whitekongsoftware.com\/ca\/la-provincia-de-valencia-no-registra-per-primera-vegada-cap-mort-per-coronavirus-en-les-ultimes-24-hores\/","title":{"rendered":"La prov\u00edncia de Val\u00e8ncia no registra, per primera vegada, cap mort per coronavirus en les \u00faltimes 24 hores"},"content":{"rendered":"\n<p class=\"wp-block-paragraph\">La consellera de Sanitat Universal i Salut P\u00fablica, Ana Barcel\u00f3, ha comparegut aquest dimarts per actualitzar la informaci\u00f3 sobre la incid\u00e8ncia de l&#8217;coronavirus a la Comunitat Valenciana. Barcel\u00f3 ha destacat que s&#8217;ha donat un total de 4.719 altes (90 des de l&#8217;actualitzaci\u00f3 d&#8217;aquest dilluns): 540 a la prov\u00edncia de Castell\u00f3, 1.733 a la d&#8217;Alacant i 2.446 a la prov\u00edncia de Val\u00e8ncia, aix\u00ed com que per primera vegada no s&#8217;ha produ\u00eft cap mort a la prov\u00edncia de Val\u00e8ncia.<\/p>\n\n\n\n<p class=\"wp-block-paragraph\">La consellera de Sanitat Universal i Salut P\u00fablica, Ana Barcel\u00f3, ha comparegut aquest dimarts per actualitzar la informaci\u00f3 sobre la incid\u00e8ncia de l&#8217;coronavirus a la Comunitat Valenciana. Barcel\u00f3 ha destacat que s&#8217;ha donat un total de 4.719 altes (90 des de l&#8217;actualitzaci\u00f3 d&#8217;aquest dilluns): 540 a la prov\u00edncia de Castell\u00f3, 1.733 a la d&#8217;Alacant i 2.446 a la prov\u00edncia de Val\u00e8ncia.<\/p>\n\n\n\n<p class=\"wp-block-paragraph\">A m\u00e9s, s&#8217;han detectat 60 nous casos positius, que eleven a 10.399 el total de casos positius, dels quals es troben actius a hores d&#8217;ara 4.586. De l&#8217;total, 1.021 es troben ingressats a l&#8217;hospital i 206 d&#8217;ells a l&#8217;UCI.<\/p>\n\n\n\n<p class=\"wp-block-paragraph\">Dels 60 nous casos positius, 2 es troben a la prov\u00edncia de Castell\u00f3, 17 a la d&#8217;Alacant i 41 a la de Val\u00e8ncia.<\/p>\n\n\n\n<p class=\"wp-block-paragraph\">Per prov\u00edncies, el nombre total de casos positius \u00e9s de 1.327 a la prov\u00edncia de Castell\u00f3, actius 640 (129 hospitalitzats, 23 d&#8217;ells a l&#8217;UCI), 3.594 a la prov\u00edncia d&#8217;Alacant, actius 1.453 (251 hospitalitzats i 80 d&#8217;ells a la UCI), i 5.478 a la prov\u00edncia de Val\u00e8ncia, actius 2.493 (641 hospitalitzats i 103 d&#8217;ells a l&#8217;UCI).<\/p>\n\n\n\n<p class=\"wp-block-paragraph\">El nombre de professionals de la Sanitat que han donat positiu en total \u00e9s de 1.635, 800 actius en aquest moment (85 a la prov\u00edncia de Castell\u00f3, 277 a la d&#8217;Alacant i 438 a la prov\u00edncia de Val\u00e8ncia). Han rebut ja l&#8217;alta 835 persones.<\/p>\n\n\n\n<p class=\"wp-block-paragraph\">Fins a l&#8217;actualitat s&#8217;han produ\u00eft un total de 1.094 defuncions a la Comunitat Valenciana: 147 a la prov\u00edncia de Castell\u00f3, 408 a la Alacant i 539 a la de Val\u00e8ncia. De les 10 morts produ\u00efdes en les \u00faltimes 24 hores, tres ho han estat a Castell\u00f3, set a Alacant i, per primera vegada, cap a la prov\u00edncia de Val\u00e8ncia.<\/p>\n\n\n\n<p class=\"wp-block-paragraph\">Les proves que han donat un resultat negatiu fins al moment s\u00f3n 74.450 (64.577 a trav\u00e9s de PCR i 9.873 a trav\u00e9s de tests r\u00e0pids).<\/p>\n\n\n\n<p class=\"wp-block-paragraph\"><strong>Actualitzaci\u00f3 de la situaci\u00f3 en resid\u00e8ncies<\/strong><\/p>\n\n\n\n<p class=\"wp-block-paragraph\">La consellera ha actualitzat tamb\u00e9 la situaci\u00f3 de les resid\u00e8ncies de la Comunitat Valenciana. En aquests moments hi ha casos positius en 101 centres (17 a la prov\u00edncia de Castell\u00f3, 18 a la d&#8217;Alacant i 66 a la prov\u00edncia de Val\u00e8ncia).<\/p>\n\n\n\n<p class=\"wp-block-paragraph\">\u00b7 Residents que han donat positiu: 1.608<\/p>\n\n\n\n<p class=\"wp-block-paragraph\">\u00b7 Personal treballador que ha donat positiu: 461<\/p>\n\n\n\n<p class=\"wp-block-paragraph\">\u00b7 Residents que han mort: 378<\/p>\n\n\n\n<p class=\"wp-block-paragraph\">A hores d&#8217;ara, es troben sota vigil\u00e0ncia activa de control sanitari 33 resid\u00e8ncies a la Comunitat Valenciana:<\/p>\n\n\n\n<p class=\"wp-block-paragraph\">\u00b7 9 a la prov\u00edncia de Castell\u00f3: 1 en el departament de Vinar\u00f2s, 4 al departament de l&#8217;Hospital General de Castell\u00f3 i 3 en el departament de la Plana. La novena resid\u00e8ncia pertany a el departament de Sagunt, tot i que est\u00e0 situada en un municipi de la prov\u00edncia de Castell\u00f3.<\/p>\n\n\n\n<p class=\"wp-block-paragraph\">\u00b7 9 a la prov\u00edncia d&#8217;Alacant: 2 al departament d&#8217;Alcoi, 1 en el departament de la Marina Baixa, 2 al departament de Sant Joan, 2 al departament d&#8217;Elda i 2 en el departament de l&#8217;Alacant- Hospital General.<\/p>\n\n\n\n<p class=\"wp-block-paragraph\">\u00b7 15 a la prov\u00edncia de Val\u00e8ncia: 1 en el departament de Sagunt, 2 al departament Cl\u00ednic-Malva-rosa, 4 al departament de La Fe, 5 al departament de Requena, 1 en el departament de l&#8217;Hospital General de Val\u00e8ncia, 1 a el departament de la Ribera i 1 en el departament de X\u00e0tiva-Ontinyent.<\/p>\n","protected":false},"excerpt":{"rendered":"<div class=\"mh-excerpt\">La consellera de Sanitat Universal i Salut P\u00fablica, Ana Barcel\u00f3, ha comparegut aquest dimarts per actualitzar la informaci\u00f3 sobre la incid\u00e8ncia de l&#8217;coronavirus a la Comunitat Valenciana. Barcel\u00f3 ha destacat que s&#8217;ha donat un total <a class=\"mh-excerpt-more\" href=\"https:\/\/tucomarca.whitekongsoftware.com\/ca\/la-provincia-de-valencia-no-registra-per-primera-vegada-cap-mort-per-coronavirus-en-les-ultimes-24-hores\/\" title=\"La prov\u00edncia de Val\u00e8ncia no registra, per primera vegada, cap mort per coronavirus en les \u00faltimes 24 hores\">[+] <\/a><\/div>\n","protected":false},"author":1,"featured_media":102185,"comment_status":"open","ping_status":"open","sticky":false,"template":"","format":"standard","meta":{"footnotes":""},"categories":[11010,10898,10948,10894,10903,10947,10896,10897],"tags":[11937,11939,11940,11938,11952,11951],"class_list":["post-104103","post","type-post","status-publish","format-standard","has-post-thumbnail","category-canal-salud","category-ventana-ca","category-infraestructuras-ca","category-la-comarca-ca","category-medio-ambiente-la-comarca-ca","category-politica","category-seccion-ca","category-sucesos-la-comarca-ca","tag-coronavirus","tag-coronavirus-ca","tag-covid-19-ca","tag-covid-19","tag-covid2019-ca","tag-covid2019"],"_links":{"self":[{"href":"https:\/\/tucomarca.whitekongsoftware.com\/ca\/wp-json\/wp\/v2\/posts\/104103","targetHints":{"allow":["GET"]}}],"collection":[{"href":"https:\/\/tucomarca.whitekongsoftware.com\/ca\/wp-json\/wp\/v2\/posts"}],"about":[{"href":"https:\/\/tucomarca.whitekongsoftware.com\/ca\/wp-json\/wp\/v2\/types\/post"}],"author":[{"embeddable":true,"href":"https:\/\/tucomarca.whitekongsoftware.com\/ca\/wp-json\/wp\/v2\/users\/1"}],"replies":[{"embeddable":true,"href":"https:\/\/tucomarca.whitekongsoftware.com\/ca\/wp-json\/wp\/v2\/comments?post=104103"}],"version-history":[{"count":0,"href":"https:\/\/tucomarca.whitekongsoftware.com\/ca\/wp-json\/wp\/v2\/posts\/104103\/revisions"}],"wp:featuredmedia":[{"embeddable":true,"href":"https:\/\/tucomarca.whitekongsoftware.com\/ca\/wp-json\/wp\/v2\/media\/102185"}],"wp:attachment":[{"href":"https:\/\/tucomarca.whitekongsoftware.com\/ca\/wp-json\/wp\/v2\/media?parent=104103"}],"wp:term":[{"taxonomy":"category","embeddable":true,"href":"https:\/\/tucomarca.whitekongsoftware.com\/ca\/wp-json\/wp\/v2\/categories?post=104103"},{"taxonomy":"post_tag","embeddable":true,"href":"https:\/\/tucomarca.whitekongsoftware.com\/ca\/wp-json\/wp\/v2\/tags?post=104103"}],"curies":[{"name":"wp","href":"https:\/\/api.w.org\/{rel}","templated":true}]}}