{"id":104072,"date":"2020-04-21T00:54:19","date_gmt":"2020-04-20T22:54:19","guid":{"rendered":"http:\/\/www.tucomarca.com\/wordpress\/segunda\/?p=104072"},"modified":"2020-04-21T00:54:22","modified_gmt":"2020-04-20T22:54:22","slug":"el-pp-proposa-un-pla-de-xoc-economic-i-social-davant-el-covid-19-a-bunol","status":"publish","type":"post","link":"https:\/\/tucomarca.whitekongsoftware.com\/ca\/el-pp-proposa-un-pla-de-xoc-economic-i-social-davant-el-covid-19-a-bunol\/","title":{"rendered":"El PP proposa un pla de xoc econ\u00f2mic i social davant el Covid-19 a Bu\u00f1ol"},"content":{"rendered":"\n<p class=\"wp-block-paragraph\">&#8220;Davant la greu situaci\u00f3 sanit\u00e0ria i econ\u00f2mica en qu\u00e8 ens trobem el Grup Municipal Popular porta des de fa un mes parlant amb diferents sectors socials, estudiant i proposant des del 17 de mar\u00e7 mesures concretes per poder construir un Bunyol a l&#8217;altura de les circumst\u00e0ncies. Trobem a faltar, com la major part de la ciutadania que no s&#8217;hagin posat en marxa fins ara. la posici\u00f3 de el Partit Popular ha estat des del primer moment i segueix sent de disponibilitat i consens. Ens hem fet ress\u00f2 de les necessitats de la poblaci\u00f3 , dels treballadors, de les PIMES, i dels m\u00e9s necessitats del nostre poble. \u00c9s el moment de passar de les paraules als fets &#8220;, segons han fet constar fonts de l&#8217;PP en un comunicat oficial.<\/p>\n\n\n\n<p class=\"wp-block-paragraph\">&#8220;Som conscients que no solucionaran aquestes intervingudes a el patiment de totes les fam\u00edlies, per\u00f2 s\u00ed hem d&#8217;intentar pal\u00b7liar els efectes de la mateixa. Amb aquest objectiu recollim totes les mesures des del 17 de mar\u00e7&#8221;, han afegit.<\/p>\n\n\n\n<p class=\"wp-block-paragraph\">Proposta\u00a0<\/p>\n\n\n\n<p class=\"wp-block-paragraph\">Els populars proposen &#8220;la modificaci\u00f3 dels pressupostos o modificaci\u00f3 de cr\u00e8dits. Creaci\u00f3 d&#8217;una partida pressupost\u00e0ria nova de suport a el petit comer\u00e7 i als aut\u00f2noms i incrementar la ja existent d&#8217;emerg\u00e8ncia social.<br> \u25cf 300.000 a 500.000 \u20ac per assistir a l&#8217;petit comer\u00e7.<br> \u25cf 200.000 \u20ac d&#8217;increment en emerg\u00e8ncia social per ajudar les fam\u00edlies i persones que es estiguin afectades per ERTO. sanitari<br> \u25cf Test de detecci\u00f3 de l&#8217;COVID-19 i material sanitari EPI per als treballadors de l&#8217;ambulatori, cossos de seguretat i de l&#8217;ajuntament, aix\u00ed com per als treballadors de la nostra Resid\u00e8ncia.<\/p>\n\n\n\n<p class=\"wp-block-paragraph\">Fiscals \/ econ\u00f2miques<\/p>\n\n\n\n<p class=\"wp-block-paragraph\">\u25cf Ajudes directes a aut\u00f2noms. Aquests ajuts tenen la forma de subvencions a fons perdut, i s\u00f3n despeses subvencionables els pagaments en concepte de quotes a la Seguretat Social, n\u00f2mines, lloguer, gestoria, telefonia, llum, aigua, manteniment de programes inform\u00e0tics, dominis i hosting.<br> \u25cf Pagoalosproveedoresdelayuntamiento.<br> \u25cf Bonificacions dels impostos municipals (IAE, IBI i altres tributs) de les empreses afectes pels expedient de regulaci\u00f3 d&#8217;ocupaci\u00f3 per a minimitzar les p\u00e8rdua de llocs de treball.<\/p>\n\n\n\n<p class=\"wp-block-paragraph\">PLA DE XOC ECONOMIC I SOCIAL CONTRA EL COVID-19<\/p>\n\n\n\n<p class=\"wp-block-paragraph\">\u25cf Devoluci\u00f3 d&#8217;OVP (Ocupaci\u00f3 Via P\u00fablica) de terrasses de bars i cafeteries, tant anual com mensual.<br> \u25cf Devoluci\u00f3 de les taxes d&#8217;escombraries a comerciants i Pimes, ja que no han creat cap tipus de residus en aquests moments.<br> \u25cf Ajornament \/ cancel\u00b7laci\u00f3 dels impostos de l&#8217;1o trimestre (i possibilitat de el segon) a les PIMES i comerciants.<br> \u25cf Reducci\u00f3ndelsueldodetodosloscargoselectosenun25% durant els mesos equiparables al que portin tancat els comer\u00e7os m\u00e9s afectats: sector hostaleria i serveis. educaci\u00f3<br> \u25cf Compra de tauletes per a l&#8217;alumnat amb menys recursos, i posterior donaci\u00f3 de les mateixes als col\u00b7legis i \/ o biblioteques municipals.<br> \u25cf Campusmunicipalenveranopararepasarloscontenidoscurriculares i pal\u00b7liar els efectes educatius de l&#8217;COVID-19. Laborals \/ ocupaci\u00f3<br> \u25cf Creaci\u00f3 d&#8217;ajuts excepcionals \/ formaci\u00f3 i una borsa d&#8217;ocupaci\u00f3 espec\u00edfica per als que hagin perdut la feina per causa de l&#8217;COVID-19.<br> \u25cf Bonificaci\u00f3 a les empreses de Bunyol que contractin ve\u00efns de la localitat durant aquest any i amb contractes m\u00ednims de 4 mesos. socials<br> \u25cf Creaci\u00f3 d&#8217;ajudes municipals i excepcionals per a tots els ve\u00efns que s&#8217;hagin quedat sense feina a causa de l&#8217;COVID 19.<br> \u25cf Subsidi per a empleades de la llar i treballadors amb contracte temporal.<br> \u25cf Banc solidari d&#8217;aliments. Fer una crida per donar aliments a C\u00e0ritas o crear un banc solidari d&#8217;aliments Serveis Socials. obres p\u00fabliques<br> \u25cf Criteri sobre suspensi\u00f3 de les obres p\u00fabliques de car\u00e0cter no essencial per a la localitat al llarg d&#8217;aquest any.<\/p>\n","protected":false},"excerpt":{"rendered":"<div class=\"mh-excerpt\">&#8220;Davant la greu situaci\u00f3 sanit\u00e0ria i econ\u00f2mica en qu\u00e8 ens trobem el Grup Municipal Popular porta des de fa un mes parlant amb diferents sectors socials, estudiant i proposant des del 17 de mar\u00e7 mesures <a class=\"mh-excerpt-more\" href=\"https:\/\/tucomarca.whitekongsoftware.com\/ca\/el-pp-proposa-un-pla-de-xoc-economic-i-social-davant-el-covid-19-a-bunol\/\" title=\"El PP proposa un pla de xoc econ\u00f2mic i social davant el Covid-19 a Bu\u00f1ol\">[+] <\/a><\/div>\n","protected":false},"author":1,"featured_media":104070,"comment_status":"open","ping_status":"open","sticky":false,"template":"","format":"standard","meta":{"footnotes":""},"categories":[10905,10911,11010,10948,10894,10912,10903,10947,10896,10897],"tags":[11939,11937,11940,11938,11951,11952,10914,5952],"class_list":["post-104072","post","type-post","status-publish","format-standard","has-post-thumbnail","category-agricultura-la-comarca-ca","category-bunol-ca","category-canal-salud","category-infraestructuras-ca","category-la-comarca-ca","category-la-hoya-ca","category-medio-ambiente-la-comarca-ca","category-politica","category-seccion-ca","category-sucesos-la-comarca-ca","tag-coronavirus-ca","tag-coronavirus","tag-covid-19-ca","tag-covid-19","tag-covid2019","tag-covid2019-ca","tag-la-hoya-de-bunol-chiva-ca","tag-la-hoya-de-bunol-chiva"],"_links":{"self":[{"href":"https:\/\/tucomarca.whitekongsoftware.com\/ca\/wp-json\/wp\/v2\/posts\/104072","targetHints":{"allow":["GET"]}}],"collection":[{"href":"https:\/\/tucomarca.whitekongsoftware.com\/ca\/wp-json\/wp\/v2\/posts"}],"about":[{"href":"https:\/\/tucomarca.whitekongsoftware.com\/ca\/wp-json\/wp\/v2\/types\/post"}],"author":[{"embeddable":true,"href":"https:\/\/tucomarca.whitekongsoftware.com\/ca\/wp-json\/wp\/v2\/users\/1"}],"replies":[{"embeddable":true,"href":"https:\/\/tucomarca.whitekongsoftware.com\/ca\/wp-json\/wp\/v2\/comments?post=104072"}],"version-history":[{"count":0,"href":"https:\/\/tucomarca.whitekongsoftware.com\/ca\/wp-json\/wp\/v2\/posts\/104072\/revisions"}],"wp:featuredmedia":[{"embeddable":true,"href":"https:\/\/tucomarca.whitekongsoftware.com\/ca\/wp-json\/wp\/v2\/media\/104070"}],"wp:attachment":[{"href":"https:\/\/tucomarca.whitekongsoftware.com\/ca\/wp-json\/wp\/v2\/media?parent=104072"}],"wp:term":[{"taxonomy":"category","embeddable":true,"href":"https:\/\/tucomarca.whitekongsoftware.com\/ca\/wp-json\/wp\/v2\/categories?post=104072"},{"taxonomy":"post_tag","embeddable":true,"href":"https:\/\/tucomarca.whitekongsoftware.com\/ca\/wp-json\/wp\/v2\/tags?post=104072"}],"curies":[{"name":"wp","href":"https:\/\/api.w.org\/{rel}","templated":true}]}}