{"id":104047,"date":"2020-04-21T00:27:34","date_gmt":"2020-04-20T22:27:34","guid":{"rendered":"http:\/\/www.tucomarca.com\/wordpress\/segunda\/?p=104047"},"modified":"2020-04-21T00:58:11","modified_gmt":"2020-04-20T22:58:11","slug":"cortes-de-pallars-distribueix-les-mascares-que-lliura-la-generalitat-en-totes-les-farmacies-de-la-provincia","status":"publish","type":"post","link":"https:\/\/tucomarca.whitekongsoftware.com\/ca\/cortes-de-pallars-distribueix-les-mascares-que-lliura-la-generalitat-en-totes-les-farmacies-de-la-provincia\/","title":{"rendered":"Cortes de Pall\u00e0s distribueix les m\u00e0scares que lliura la Generalitat en totes les farm\u00e0cies de la prov\u00edncia"},"content":{"rendered":"\n<p class=\"wp-block-paragraph\">L&#8217;Ajuntament de Cortes de Pall\u00e0s informa tota la poblaci\u00f3 que des de mat\u00ed dia 21 ja poden passar totes les persones majors de 65 anys i vulnerables per la farm\u00e0cia per a arreplegar 3 m\u00e0scares gratu\u00eftes, per a aix\u00f2 han de presentar la targeta SIP.<\/p>\n\n\n\n<p class=\"wp-block-paragraph\">Les persones de les aldees que no es preocupen que com \u00e9s habitual el farmac\u00e8utic personalment com de costum amb les receptes m\u00e8diques, arreplegar\u00e0 els SIP en les distintes aldees i ell mateix, se les portara a casa si els corresponen.<\/p>\n\n\n\n<p class=\"wp-block-paragraph\">Aquelles persones que per qualsevol motiu no pogueren despla\u00e7ar-se, poden cridar al tel\u00e8fon de l&#8217;ajuntament 96 251 70 01, i des d&#8217;all\u00ed es far\u00e0 la gesti\u00f3 per a arreplegar-li el SIP, i fer-li arribar les m\u00e0scares.<\/p>\n","protected":false},"excerpt":{"rendered":"<div class=\"mh-excerpt\">L&#8217;Ajuntament de Cortes de Pall\u00e0s informa tota la poblaci\u00f3 que des de mat\u00ed dia 21 ja poden passar totes les persones majors de 65 anys i vulnerables per la farm\u00e0cia per a arreplegar 3 m\u00e0scares <a class=\"mh-excerpt-more\" href=\"https:\/\/tucomarca.whitekongsoftware.com\/ca\/cortes-de-pallars-distribueix-les-mascares-que-lliura-la-generalitat-en-totes-les-farmacies-de-la-provincia\/\" title=\"Cortes de Pall\u00e0s distribueix les m\u00e0scares que lliura la Generalitat en totes les farm\u00e0cies de la prov\u00edncia\">[+] <\/a><\/div>\n","protected":false},"author":12,"featured_media":104046,"comment_status":"open","ping_status":"open","sticky":false,"template":"","format":"standard","meta":{"footnotes":""},"categories":[10951,11010,10953,10948,10894,10903,10947,10896,10897],"tags":[11216,11939,11940,11952],"class_list":["post-104047","post","type-post","status-publish","format-standard","has-post-thumbnail","category-ayora-cofrentes-ca","category-canal-salud","category-cortes-de-pallas-ca","category-infraestructuras-ca","category-la-comarca-ca","category-medio-ambiente-la-comarca-ca","category-politica","category-seccion-ca","category-sucesos-la-comarca-ca","tag-ayora-cofrentes-ca","tag-coronavirus-ca","tag-covid-19-ca","tag-covid2019-ca"],"_links":{"self":[{"href":"https:\/\/tucomarca.whitekongsoftware.com\/ca\/wp-json\/wp\/v2\/posts\/104047","targetHints":{"allow":["GET"]}}],"collection":[{"href":"https:\/\/tucomarca.whitekongsoftware.com\/ca\/wp-json\/wp\/v2\/posts"}],"about":[{"href":"https:\/\/tucomarca.whitekongsoftware.com\/ca\/wp-json\/wp\/v2\/types\/post"}],"author":[{"embeddable":true,"href":"https:\/\/tucomarca.whitekongsoftware.com\/ca\/wp-json\/wp\/v2\/users\/12"}],"replies":[{"embeddable":true,"href":"https:\/\/tucomarca.whitekongsoftware.com\/ca\/wp-json\/wp\/v2\/comments?post=104047"}],"version-history":[{"count":0,"href":"https:\/\/tucomarca.whitekongsoftware.com\/ca\/wp-json\/wp\/v2\/posts\/104047\/revisions"}],"wp:featuredmedia":[{"embeddable":true,"href":"https:\/\/tucomarca.whitekongsoftware.com\/ca\/wp-json\/wp\/v2\/media\/104046"}],"wp:attachment":[{"href":"https:\/\/tucomarca.whitekongsoftware.com\/ca\/wp-json\/wp\/v2\/media?parent=104047"}],"wp:term":[{"taxonomy":"category","embeddable":true,"href":"https:\/\/tucomarca.whitekongsoftware.com\/ca\/wp-json\/wp\/v2\/categories?post=104047"},{"taxonomy":"post_tag","embeddable":true,"href":"https:\/\/tucomarca.whitekongsoftware.com\/ca\/wp-json\/wp\/v2\/tags?post=104047"}],"curies":[{"name":"wp","href":"https:\/\/api.w.org\/{rel}","templated":true}]}}