{"id":104018,"date":"2020-04-20T13:57:49","date_gmt":"2020-04-20T11:57:49","guid":{"rendered":"http:\/\/www.tucomarca.com\/wordpress\/segunda\/?p=104018"},"modified":"2020-04-20T13:57:53","modified_gmt":"2020-04-20T11:57:53","slug":"el-departament-de-manises-amb-15-casos-nous-de-coronavirus-en-un-dia-pateix-el-major-increment-recent-i-suma-un-mort-mes","status":"publish","type":"post","link":"https:\/\/tucomarca.whitekongsoftware.com\/ca\/el-departament-de-manises-amb-15-casos-nous-de-coronavirus-en-un-dia-pateix-el-major-increment-recent-i-suma-un-mort-mes\/","title":{"rendered":"El Departament de Manises, amb 15 casos nous de coronavirus en un dia, pateix el major increment recent i suma un mort m\u00e9s"},"content":{"rendered":"\n<p class=\"wp-block-paragraph\">La Conselleria de Sanitat Universal i Salut P\u00fablica de la Generalitat Valenciana ha actualitzat aquest dilluns les xifres de el Departament de Salut de Manises, a qu\u00e8 pertanyen la majoria dels pobles de la Foia de Bunyol-Xiva, on s&#8217;ha registrat el major increment de casos dels \u00faltims dies amb un augment de 15 positius en coronavirus (ahir es va incrementar en 9) des dels 368 comptabilitzats fins diumenge el que eleva la xifra de persones contagiades a data d&#8217;avui a les 383; mentre que en tota la Comunitat Valenciana la xifra de contagiats se situa en els 10.339, que s\u00f3n 89 persones m\u00e9s que ahir.<\/p>\n\n\n\n<p class=\"wp-block-paragraph\">Pel que fa a el nombre de morts, la xifra s&#8217;ha elevat als 39, una persona m\u00e9s que ahir diumenge i una m\u00e9s tamb\u00e9 que dissabte; mentre que a la resta de la Comunitat Valenciana el nombre de morts ha crescut en 19 persones m\u00e9s situant-se en les 1.084.<\/p>\n\n\n\n<p class=\"wp-block-paragraph\">El Departament de Manises cobreix la demanda sanit\u00e0ria de 207.215 persones procedents dels 14 municipis adscrits i que s\u00f3n, a m\u00e9s de Manises, els d&#8217;Alborache, Bunyol, Macastre, Y\u00e0tova, Xest, Chiva, Quart de Poblet, Godelleta, Tur\u00eds, Loriguilla, Riba -roja, Aldaia i Mislata.<\/p>\n\n\n\n<p class=\"wp-block-paragraph\">En aquesta esmentada \u00e0rea geogr\u00e0fica, les dades de qu\u00e8 disposa la Generalitat Valenciana a data de el 20 de mar\u00e7 (que s\u00f3n els comptabilitzats fins a un dia abans) s\u00f3n d&#8217;un total de 383 positius, amb 39 morts, el que ofereix una taxa de positius de l&#8217;184,80 i una taxa de mortalitat de l&#8217;18,80. Unes dades que, segons la comparativa amb altres departaments, segueixen situant a el de Manises en el grup dels que estan lleugerament per sota de la mitjana pel que fa a afecci\u00f3 de la pand\u00e8mia.<\/p>\n","protected":false},"excerpt":{"rendered":"<div class=\"mh-excerpt\">La Conselleria de Sanitat Universal i Salut P\u00fablica de la Generalitat Valenciana ha actualitzat aquest dilluns les xifres de el Departament de Salut de Manises, a qu\u00e8 pertanyen la majoria dels pobles de la Foia <a class=\"mh-excerpt-more\" href=\"https:\/\/tucomarca.whitekongsoftware.com\/ca\/el-departament-de-manises-amb-15-casos-nous-de-coronavirus-en-un-dia-pateix-el-major-increment-recent-i-suma-un-mort-mes\/\" title=\"El Departament de Manises, amb 15 casos nous de coronavirus en un dia, pateix el major increment recent i suma un mort m\u00e9s\">[+] <\/a><\/div>\n","protected":false},"author":1,"featured_media":104017,"comment_status":"open","ping_status":"open","sticky":false,"template":"","format":"standard","meta":{"footnotes":""},"categories":[10905,10973,10911,10892,11010,10898,10977,10980,10948,10894,10912,10931,10978,10903,10947,10906,10896,10897,11047,10974,10975],"tags":[11939,11937,11940,11938,11951,11952,10914,5952],"class_list":["post-104018","post","type-post","status-publish","format-standard","has-post-thumbnail","category-agricultura-la-comarca-ca","category-alborache-ca","category-bunol-ca","category-camp-de-turia-ca","category-canal-salud","category-ventana-ca","category-godelleta-ca","category-yatova-ca","category-infraestructuras-ca","category-la-comarca-ca","category-la-hoya-ca","category-loriguilla-ca","category-macastre-ca","category-medio-ambiente-la-comarca-ca","category-politica","category-riba-roja-ca","category-seccion-ca","category-sucesos-la-comarca-ca","category-turis-ca","category-cheste-ca","category-chiva-ca","tag-coronavirus-ca","tag-coronavirus","tag-covid-19-ca","tag-covid-19","tag-covid2019","tag-covid2019-ca","tag-la-hoya-de-bunol-chiva-ca","tag-la-hoya-de-bunol-chiva"],"_links":{"self":[{"href":"https:\/\/tucomarca.whitekongsoftware.com\/ca\/wp-json\/wp\/v2\/posts\/104018","targetHints":{"allow":["GET"]}}],"collection":[{"href":"https:\/\/tucomarca.whitekongsoftware.com\/ca\/wp-json\/wp\/v2\/posts"}],"about":[{"href":"https:\/\/tucomarca.whitekongsoftware.com\/ca\/wp-json\/wp\/v2\/types\/post"}],"author":[{"embeddable":true,"href":"https:\/\/tucomarca.whitekongsoftware.com\/ca\/wp-json\/wp\/v2\/users\/1"}],"replies":[{"embeddable":true,"href":"https:\/\/tucomarca.whitekongsoftware.com\/ca\/wp-json\/wp\/v2\/comments?post=104018"}],"version-history":[{"count":0,"href":"https:\/\/tucomarca.whitekongsoftware.com\/ca\/wp-json\/wp\/v2\/posts\/104018\/revisions"}],"wp:featuredmedia":[{"embeddable":true,"href":"https:\/\/tucomarca.whitekongsoftware.com\/ca\/wp-json\/wp\/v2\/media\/104017"}],"wp:attachment":[{"href":"https:\/\/tucomarca.whitekongsoftware.com\/ca\/wp-json\/wp\/v2\/media?parent=104018"}],"wp:term":[{"taxonomy":"category","embeddable":true,"href":"https:\/\/tucomarca.whitekongsoftware.com\/ca\/wp-json\/wp\/v2\/categories?post=104018"},{"taxonomy":"post_tag","embeddable":true,"href":"https:\/\/tucomarca.whitekongsoftware.com\/ca\/wp-json\/wp\/v2\/tags?post=104018"}],"curies":[{"name":"wp","href":"https:\/\/api.w.org\/{rel}","templated":true}]}}