{"id":103929,"date":"2020-04-18T21:14:45","date_gmt":"2020-04-18T19:14:45","guid":{"rendered":"http:\/\/www.tucomarca.com\/wordpress\/segunda\/?p=103929"},"modified":"2020-04-18T21:14:47","modified_gmt":"2020-04-18T19:14:47","slug":"la-comunitat-supera-els-deu-mil-contagiats-i-els-mil-morts-amb-un-repunt-de-43-morts-i-248-nous-positius-mes-en-coronavirus","status":"publish","type":"post","link":"https:\/\/tucomarca.whitekongsoftware.com\/ca\/la-comunitat-supera-els-deu-mil-contagiats-i-els-mil-morts-amb-un-repunt-de-43-morts-i-248-nous-positius-mes-en-coronavirus\/","title":{"rendered":"La Comunitat supera els deu mil contagiats i els mil morts amb un repunt de 43 morts i 248 nous positius m\u00e9s en coronavirus"},"content":{"rendered":"\n<p class=\"wp-block-paragraph\">La consellera de Sanitat Universal i Salut P\u00fablica, Ana Barcel\u00f3, ha comparegut aquest dissabte per actualitzar la informaci\u00f3 sobre la incid\u00e8ncia de l&#8217;coronavirus a la Comunitat Valenciana. Barcel\u00f3 ha destacat que s&#8217;han donat un total de 4.306 altes (282 des de l&#8217;actualitzaci\u00f3 d&#8217;aquest divendres): 435 a la prov\u00edncia de Castell\u00f3, 1.677 a la d&#8217;Alacant i 2.194 a la prov\u00edncia de Val\u00e8ncia.<\/p>\n\n\n\n<p class=\"wp-block-paragraph\">A m\u00e9s, s&#8217;han detectat 248 nous casos positius, que eleven a 10.117 el total de casos positius, dels quals es troben actius a hores d&#8217;ara 4.769. De l&#8217;total, 1.095 es troben ingressats a l&#8217;hospital i 238 d&#8217;ells a l&#8217;UCI.<\/p>\n\n\n\n<p class=\"wp-block-paragraph\">Dels 248 nous casos positius, 56 es troben a la prov\u00edncia de Castell\u00f3, 32 a la d&#8217;Alacant i 160 a la de Val\u00e8ncia.<\/p>\n\n\n\n<p class=\"wp-block-paragraph\">Per prov\u00edncies, el nombre total de casos positius \u00e9s de 1.313 a la prov\u00edncia de Castell\u00f3, actius 739 (139 hospitalitzats, 33 d&#8217;ells a l&#8217;UCI), 3.508 a la prov\u00edncia d&#8217;Alacant, actius 1.443 (296 hospitalitzats i 91 d&#8217;ells a la UCI), i 5.292 a la prov\u00edncia de Val\u00e8ncia, actius 2.583 (660 hospitalitzats i 114 d&#8217;ells a l&#8217;UCI). A m\u00e9s, hi ha 4 casos que no s&#8217;han assignat encara.<\/p>\n\n\n\n<p class=\"wp-block-paragraph\">El nombre de professionals de la Sanitat que han donat positiu en total \u00e9s de 1.608 (214 a la prov\u00edncia de Castell\u00f3, 624 a la d&#8217;Alacant i 770 a la prov\u00edncia de Val\u00e8ncia). De tots ells, han rebut ja l&#8217;alta 699 persones.<\/p>\n\n\n\n<p class=\"wp-block-paragraph\">Fins a l&#8217;actualitat s&#8217;han produ\u00eft un total de 1.042 defuncions a la Comunitat Valenciana: 139 a la prov\u00edncia de Castell\u00f3, 388 a la Alacant i 515 a la de Val\u00e8ncia.<\/p>\n\n\n\n<p class=\"wp-block-paragraph\">Les proves que han donat un resultat negatiu fins al moment s\u00f3n 66.494 (59.034 a trav\u00e9s de PCR i 7.460 a trav\u00e9s de tests r\u00e0pids). A m\u00e9s, l&#8217;app GVA Coronavirus ha registrat 10.558 desc\u00e0rregues.<\/p>\n\n\n\n<p class=\"wp-block-paragraph\">Fins al moment, 2.416 professionals de la Sanitat s&#8217;han inscrit a la borsa de treball habilitada per la Conselleria de Sanitat perqu\u00e8 personal m\u00e8dic i d&#8217;infermeria jubilat, amb edats fins als 70 anys, i personal facultatiu que encara no t\u00e9 especialitat puguin ajudar a combatre el coronavirus.<\/p>\n\n\n\n<p class=\"wp-block-paragraph\">\u00b7 Personal m\u00e8dic jubilat amb menys de 70 anys: 105<\/p>\n\n\n\n<p class=\"wp-block-paragraph\">\u00b7 Persones graduades en Medicina sense especialitat: 1.065<\/p>\n\n\n\n<p class=\"wp-block-paragraph\">\u00b7 Persones graduades en Infermeria: 1.192<\/p>\n\n\n\n<p class=\"wp-block-paragraph\">\u00b7 Personal d&#8217;Infermeria jubilat amb menys de 70 anys: 54<\/p>\n\n\n\n<p class=\"wp-block-paragraph\">D&#8217;altra banda, s&#8217;han rebut 3.487 trucades al n\u00famero 900 36 22 36, habilitat perqu\u00e8 persones de grups de risc o amb s\u00edmptomes de coronavirus puguin sol\u00b7licitar medicaments a domicili. En total, s&#8217;han tramitat 3.705 sol\u00b7licituds (219 a la prov\u00edncia de Castell\u00f3, 1.365 a la de Val\u00e8ncia i 602 a la prov\u00edncia d&#8217;Alacant).<\/p>\n\n\n\n<p class=\"wp-block-paragraph\">Actualitzaci\u00f3 de la situaci\u00f3 en resid\u00e8ncies<\/p>\n\n\n\n<p class=\"wp-block-paragraph\">La consellera ha actualitzat tamb\u00e9 la situaci\u00f3 de les resid\u00e8ncies de la Comunitat Valenciana. En aquests moments hi ha casos positius en 98 centres (17 a la prov\u00edncia de Castell\u00f3, 20 a la d&#8217;Alacant i 61 a la prov\u00edncia de Val\u00e8ncia).<\/p>\n\n\n\n<p class=\"wp-block-paragraph\">\u00b7 Residents que han donat positiu: 1.507<\/p>\n\n\n\n<p class=\"wp-block-paragraph\">\u00b7 Personal treballador que ha donat positiu: 406<\/p>\n\n\n\n<p class=\"wp-block-paragraph\">\u00b7 Residents que han mort: 356<\/p>\n\n\n\n<p class=\"wp-block-paragraph\">A hores d&#8217;ara, es troben sota vigil\u00e0ncia activa de control sanitari 29 resid\u00e8ncies a la Comunitat Valenciana:<\/p>\n\n\n\n<p class=\"wp-block-paragraph\">\u00b7 8 a la prov\u00edncia de Castell\u00f3: 1 en el departament de Vinar\u00f2s, 3 al departament de l&#8217;Hospital General de Castell\u00f3 i 3 en el departament de la Plana. La vuitena resid\u00e8ncia pertany a el departament de Sagunt, tot i que est\u00e0 situada en un municipi de la prov\u00edncia de Castell\u00f3.<\/p>\n\n\n\n<p class=\"wp-block-paragraph\">\u00b7 7 a la prov\u00edncia d&#8217;Alacant: 2 al departament d&#8217;Alcoi, 1 en el departament de la Marina Baixa, 2 al departament de Sant Joan, 1 en el departament d&#8217;Elda i 1 en el departament de l&#8217;Alacant- Hospital General.<\/p>\n\n\n\n<p class=\"wp-block-paragraph\">\u00b7 14 a la prov\u00edncia de Val\u00e8ncia: 1 en el departament de Sagunt, 2 al departament Cl\u00ednic-Malva-rosa, 4 al departament de La Fe, 5 al departament de Requena, 1 en el departament de l&#8217;Hospital General de Val\u00e8ncia i 1 a el departament de la Ribera.<\/p>\n","protected":false},"excerpt":{"rendered":"<div class=\"mh-excerpt\">La consellera de Sanitat Universal i Salut P\u00fablica, Ana Barcel\u00f3, ha comparegut aquest dissabte per actualitzar la informaci\u00f3 sobre la incid\u00e8ncia de l&#8217;coronavirus a la Comunitat Valenciana. Barcel\u00f3 ha destacat que s&#8217;han donat un total <a class=\"mh-excerpt-more\" href=\"https:\/\/tucomarca.whitekongsoftware.com\/ca\/la-comunitat-supera-els-deu-mil-contagiats-i-els-mil-morts-amb-un-repunt-de-43-morts-i-248-nous-positius-mes-en-coronavirus\/\" title=\"La Comunitat supera els deu mil contagiats i els mil morts amb un repunt de 43 morts i 248 nous positius m\u00e9s en coronavirus\">[+] <\/a><\/div>\n","protected":false},"author":1,"featured_media":103927,"comment_status":"open","ping_status":"open","sticky":false,"template":"","format":"standard","meta":{"footnotes":""},"categories":[11010,10898,10948,10894,10904,10903,10947,10896,10897],"tags":[11939,11937,11938,11940,11951,11952],"class_list":["post-103929","post","type-post","status-publish","format-standard","has-post-thumbnail","category-canal-salud","category-ventana-ca","category-infraestructuras-ca","category-la-comarca-ca","category-sin-categorizar-ca","category-medio-ambiente-la-comarca-ca","category-politica","category-seccion-ca","category-sucesos-la-comarca-ca","tag-coronavirus-ca","tag-coronavirus","tag-covid-19","tag-covid-19-ca","tag-covid2019","tag-covid2019-ca"],"_links":{"self":[{"href":"https:\/\/tucomarca.whitekongsoftware.com\/ca\/wp-json\/wp\/v2\/posts\/103929","targetHints":{"allow":["GET"]}}],"collection":[{"href":"https:\/\/tucomarca.whitekongsoftware.com\/ca\/wp-json\/wp\/v2\/posts"}],"about":[{"href":"https:\/\/tucomarca.whitekongsoftware.com\/ca\/wp-json\/wp\/v2\/types\/post"}],"author":[{"embeddable":true,"href":"https:\/\/tucomarca.whitekongsoftware.com\/ca\/wp-json\/wp\/v2\/users\/1"}],"replies":[{"embeddable":true,"href":"https:\/\/tucomarca.whitekongsoftware.com\/ca\/wp-json\/wp\/v2\/comments?post=103929"}],"version-history":[{"count":0,"href":"https:\/\/tucomarca.whitekongsoftware.com\/ca\/wp-json\/wp\/v2\/posts\/103929\/revisions"}],"wp:featuredmedia":[{"embeddable":true,"href":"https:\/\/tucomarca.whitekongsoftware.com\/ca\/wp-json\/wp\/v2\/media\/103927"}],"wp:attachment":[{"href":"https:\/\/tucomarca.whitekongsoftware.com\/ca\/wp-json\/wp\/v2\/media?parent=103929"}],"wp:term":[{"taxonomy":"category","embeddable":true,"href":"https:\/\/tucomarca.whitekongsoftware.com\/ca\/wp-json\/wp\/v2\/categories?post=103929"},{"taxonomy":"post_tag","embeddable":true,"href":"https:\/\/tucomarca.whitekongsoftware.com\/ca\/wp-json\/wp\/v2\/tags?post=103929"}],"curies":[{"name":"wp","href":"https:\/\/api.w.org\/{rel}","templated":true}]}}