{"id":103851,"date":"2020-04-18T12:34:32","date_gmt":"2020-04-18T10:34:32","guid":{"rendered":"http:\/\/www.tucomarca.com\/wordpress\/segunda\/?p=103851"},"modified":"2020-04-18T12:34:34","modified_gmt":"2020-04-18T10:34:34","slug":"el-grup-municipal-socialista-de-bunyol-planteja-una-serie-de-mesures-per-a-la-recuperacio-economica-de-comercos-pimes-i-autonoms","status":"publish","type":"post","link":"https:\/\/tucomarca.whitekongsoftware.com\/ca\/el-grup-municipal-socialista-de-bunyol-planteja-una-serie-de-mesures-per-a-la-recuperacio-economica-de-comercos-pimes-i-autonoms\/","title":{"rendered":"El grup municipal socialista de Bunyol planteja una s\u00e8rie de mesures per a la recuperaci\u00f3 econ\u00f2mica de comer\u00e7os, pimes i aut\u00f2noms"},"content":{"rendered":"\n<p class=\"wp-block-paragraph\">Despr\u00e9s de la declaraci\u00f3 d&#8217;Estat d&#8217;Alarma decretat pel Govern estatal, el Grup Municipal Socialista de l&#8217;Ajuntament de Bunyol, des de l&#8217;Alcaldia i des de les \u00e0rees delegades que li corresponen, ha promogut &#8220;diverses iniciatives per pal\u00b7liar els efectes nocius als ve\u00efns i ve\u00efnes de Bunyol, aix\u00ed com als Comer\u00e7os, Aut\u00f2noms i PIMES de la localitat el tr\u00e0nsit a la normalitat &#8220;, com han informat fonts de l&#8217;agrupaci\u00f3.<\/p>\n\n\n\n<p class=\"wp-block-paragraph\">&#8220;L&#8217;esfor\u00e7 durant els dies de l&#8217;estat d&#8217;alarma ha estat intentar agilitzar el pagament de prove\u00efdors i concloure el tancament de l&#8217;exercici 2019 per pagar el deute extrapressupost\u00e0ria. A aix\u00f2 cal afegir, l&#8217;estudi per part dels t\u00e8cnics de les possibilitats de dur a terme ajudes directes compatibles amb altres administracions per a comer\u00e7os, propostes que serna estudiades i debatudes de forma participativa en col\u00b7laboraci\u00f3 amb l&#8217;Associaci\u00f3 de Comerciants, Empresaris i Aut\u00f2noms de Bunyol, ia les que s&#8217;afegiran altres propostes viables de col\u00b7lectius, associacions o partits pol\u00edtics., sent debatudes en el marc de el Consell Econ\u00f2mic i Social (CES) &#8220;, han afegit des del PSOE.<\/p>\n\n\n\n<p class=\"wp-block-paragraph\">&#8220;Tamb\u00e9 ser\u00e0 necess\u00e0ria la posada en marxa d&#8217;un pla d&#8217;ajuda a les fam\u00edlies amb l&#8217;adopci\u00f3 de mesures de car\u00e0cter extraordinari per a les persones que s&#8217;hagin vist afectades directament per la crisi derivada de l&#8217;COVID-19. Aquests ajuts es tramitaran des dels Serveis Socials dins el pla d&#8217;emerg\u00e8ncia social i assegurant la compatibilitat amb altres ajuts o prestacions de car\u00e0cter auton\u00f2mic o estatal &#8220;.<\/p>\n\n\n\n<p class=\"wp-block-paragraph\">Entre elles, des de l&#8217;agrupaci\u00f3 socialista plantegen:<\/p>\n\n\n\n<p class=\"wp-block-paragraph\">ACTUACIONS IMMEDIATES.<br>\nDecret de serveis m\u00ednims que va prioritzar:<br>\nNeteja (inclosos els vehicles);<br>\nAtenci\u00f3 de serveis socials refor\u00e7ada;<br>\nPagament a prove\u00efdors;<br>\nAtenci\u00f3 a l&#8217;ciutad\u00e0 per: expedici\u00f3 de documents, ajornaments i fraccionaments<br>\nTreballs de neteja i desinfecci\u00f3 de carrers i edificis p\u00fablics,<br>\nVigil\u00e0ncia i col\u00b7laboraci\u00f3 amb la ciutadania de Policia Local, Protecci\u00f3 Civil i Gu\u00e0rdia Civil.<br>\nMesures d&#8217;\u00e0mbit d&#8217;Hisenda i Recaptaci\u00f3:<br>\nAjornament dels impostos d&#8217;aigua, escombraries, vehicles i guals permanents fins l&#8217;1 de juliol (a m\u00e9s de la paralitzaci\u00f3 de l&#8217;cobrament de l&#8217;aigua i escombraries en els establiments tancats per decret i reducci\u00f3 proporcional),<br>\nAjornaments de l&#8217;IBI i IAE, fraccionaments en els ajornaments de l&#8217;cobrament<br>\nParalitzaci\u00f3 d&#8217;embargaments fins a la fi de l&#8217;estat d&#8217;alarma,<br>\nPosada en marxa d&#8217;un servei d&#8217;assessorament a el comer\u00e7, aut\u00f2noms i pimes que es presta des BUINSA i des de la Mancomunitat de la Foia de Bunyol.<\/p>\n\n\n\n<p class=\"wp-block-paragraph\">AJUDES DIRECTES A COMER\u00c7, AUT\u00d2NOMS I PIMES<\/p>\n\n\n\n<p class=\"wp-block-paragraph\">Modificaci\u00f3 pressupost\u00e0ria per disposar d&#8217;una partida econ\u00f2mica suficient (1% de l&#8217;pressupost anual) per poder en marxa un pla d&#8217;ajudes directes a Comer\u00e7, Pimes i Aut\u00f2noms compatible i complementari als plans de govern auton\u00f2mic i estatal.<\/p>\n\n\n\n<p class=\"wp-block-paragraph\">&nbsp;Bonificaci\u00f3 de taxes municipals d&#8217;escombraries, aigua i vehicles, ocupaci\u00f3 de via p\u00fablica (terrasses) corresponents a l&#8217;any 2020, als comer\u00e7os, PIMES i aut\u00f2noms obligats a el tancament pel Reial Decret, de manera proporcional a la durada de l&#8217;estat d&#8217;alarma.<\/p>\n\n\n\n<p class=\"wp-block-paragraph\">&nbsp;Ajudes directes, compatibles i complement\u00e0ries a altres ajuts de diferents administracions (estatal i auton\u00f2mica):<br>\n&nbsp;Lloguer<br>\n&nbsp;Subministraments b\u00e0sics: electricitat, aigua, RSU, connexi\u00f3 xarxes<br>\n&nbsp;contractaci\u00f3<br>\nRepesca a les ajudes d&#8217;altres administracions per percentatge menor amb defectes de forma.<\/p>\n\n\n\n<p class=\"wp-block-paragraph\">CONDICIONS:<br>\nAjudes supeditades a el manteniment dels llocs de treball i regularitzat, i \/ o la seva regularitzaci\u00f3.<br>\nPrefer\u00e8ncia als quals s&#8217;hagin quedat fora de les ajudes d&#8217;altres administracions<br>\nManteniment de l&#8217;activitat durant el per\u00edode que s&#8217;acordi<br>\nJustificaci\u00f3 de la despesa de l&#8217;import de les ajudes.<\/p>\n\n\n\n<p class=\"wp-block-paragraph\">AJUDES DIRECTES A LES FAM\u00cdLIES AFECTADES PER LA CRISI DEL COVID19<\/p>\n\n\n\n<p class=\"wp-block-paragraph\">Modificaci\u00f3 pressupost\u00e0ria per disposar d&#8217;una partida econ\u00f2mica suficient per a poder en marxa un pla d&#8217;ajudes directes i per enfortir la partida d&#8217;Emerg\u00e8ncia Social:<\/p>\n\n\n\n<p class=\"wp-block-paragraph\">Ajudes per lloguer.<br>\nAjudes per a l&#8217;adquisici\u00f3 de productes de primera necessitat<br>\nAjudes per al pagament de subministraments essencials.<br>\nALTRES INICIATIVES POSADES EN MARXA DURANT EL CONFINAMENT<\/p>\n\n\n\n<p class=\"wp-block-paragraph\"><strong>Campanya tur\u00edstica &#8211; visites virtuals de Bunyol<\/strong><\/p>\n\n\n\n<p class=\"wp-block-paragraph\">Des de la Regidoria de Turisme de l&#8217;Ajuntament de Bunyol, lidera per Mar\u00eda Vall\u00e9s, ha posat en marxa una enginyosa iniciativa que permet donar a con\u00e8ixer el seu poble de manera diferent i actualitzar-se. Per a aix\u00f2, des dels seus perfils en xarxes socials com a trav\u00e9s del seu web, llancen di\u00e0riament visites virtuals dels seus paratges m\u00e9s emblem\u00e0tics, com el seu castell de l&#8217;S-XIV (un dels m\u00e9s ben conservats de la Comunitat Valenciana) o del seu espectacular paratge natural de la Cova Turche, decorat per una cascada i \u00faltim tram de la seva Ruta del Aigua, aix\u00ed com de la seva Auditori a l&#8217;aire lliure constru\u00eft en roca escarpada.<br> Per\u00f2 a m\u00e9s d&#8217;aix\u00f2, al llarg d&#8217;aquesta quarantena, estan pujant documentals i v\u00eddeos de curiositats hist\u00f2riques del municipi, com la del seu cementiri ma\u00e7\u00f2nic, l&#8217;\u00fanic conservat en el franquisme i que ha arribat fins als nostres dies. Una infinitat de recursos per entretenir-se i con\u00e8ixer Bunyol de forma diferent i viatjar sense moure&#8217;t de casa. Podeu veure # Bu\u00f1olDesdeCasa al seu web o al seu Facebook o Instagram.<br> Finalment, tota aquesta situaci\u00f3 canviar\u00e0 i tornarem als carrers i per a aquest moment la regidoria de turisme tamb\u00e9 aquesta preparant-se amb una nova ruta &#8220;Bunyol a trav\u00e9s de les seves fonts&#8221; una activitat gratu\u00efta per fomentar el turisme familiar i atreure turistes a con\u00e8ixer el nostre poble , cosa que d&#8217;altra banda fomentar\u00e0 l&#8217;economia local.<br> M\u00e0xima seguretat sanit\u00e0ria<br> Per la seva banda, la Regidoria d&#8217;Interior de l&#8217;Ajuntament de Bu\u00f1ol va informar a mitjans de mar\u00e7 que des de la Comunitat Xina a Val\u00e8ncia ia trav\u00e9s de la iniciativa #Luchamos junts # havien rebut una inestimable donaci\u00f3 per a la Policia Local i per l&#8217;\u00fas de personal de l&#8217;Consistori . S&#8217;havia donat alcohol de 96\u00ba amb polvoritzadors per a superf\u00edcies, hidrogel, m\u00e0scares de nivell 2 i guants de l\u00e0tex en enormes quantitats.<br> Tamb\u00e9 la setmana passada, tant Jonquera Carrascosa, alcaldessa de Bunyol, com Maria Vall\u00e8s, regidora d&#8217;Interior de l&#8217;consistori, van fer lliurament de pantalles protectores, realitzades de forma altruista amb una impressora 3D.<br> Tamb\u00e9 des d&#8217;associacions i entitats ve\u00efnals s&#8217;estan realitzant m\u00e0scares de forma altruista per a tota la poblaci\u00f3. Bunyol \u00e9s solidari. Bunyol est\u00e0 unit.<\/p>\n\n\n\n<p class=\"wp-block-paragraph\"><strong>Actuacions culturals<\/strong><\/p>\n\n\n\n<p class=\"wp-block-paragraph\">Des de la Regidoria de Cultura tamb\u00e9 van traslladar a la ciutadania que el Conservatori de M\u00fasica Professional Sant Rafael de Bunyol estava completament adaptat a les noves tecnologies, i per aix\u00f2 despr\u00e9s del seu tancament despr\u00e9s de decretar-se el Estat d&#8217;Alarma es va tra\u00e7ar un pla docent en el qual quedaven establerts els criteris d&#8217;avaluaci\u00f3, les classes, els canals d&#8217;informaci\u00f3 entre pares, alumnes i docents i les plataformes digitals establertes, aix\u00ed com la llibertat de c\u00e0tedra perqu\u00e8 cada professor pugui adaptar-se en funci\u00f3 del seu tipus de classe, el seu alumne o el seu instrument a la plataforma digital que consider\u00e9s.<br> Per\u00f2 dos emotives iniciatives culturals han provocat la sensibilitat entre els bu\u00f1olenses, seguides en massa per gran part de la poblaci\u00f3. El passat 19 de mar\u00e7 m\u00fasics i ve\u00efns van sortir als seus balcons, finestres i terrasses per tocar a les 12h 2 pasdobles valencians: Paquito el Chocolatero i Amparito Roca, en honor a les nostres Falles, al nostre dia gran, el Dia de Sant Josep, a record a tots els que treballen per eradicar el virus, per demostrar que Bunyol est\u00e0 unit davant l&#8217;adversitat i demostrar-ho de la millor manera possible, del millor que sap fer el poble de Bunyol, amb m\u00fasica, amb els nostres m\u00fasics.<br> I despr\u00e9s d&#8217;aquesta iniciativa, el passat diumenge 5 d&#8217;abril, el Diumenge de Rams, a les 12 h, tamb\u00e9 els nostres m\u00fasics i ve\u00efns van sortir a tocar i cantar l&#8217;Himne a Bunyol. Amb molts dels que van sortir s&#8217;ha fet un v\u00eddeo il\u00b7lustratiu en qu\u00e8 reflecteix la uni\u00f3 de tot un poble, de les dues societats musicals, de les dues escoles d&#8217;educands, de tots els nostres m\u00fasics, inclosos els que estan fora que tamb\u00e9 van sortir a tocar l&#8217;Himne a Bunyol en honor a tots els treballadors ia tots els nostres ancians.<\/p>\n\n\n\n<p class=\"wp-block-paragraph\"><strong>Actuacions en Comunicaci\u00f3<\/strong><\/p>\n\n\n\n<p class=\"wp-block-paragraph\">Tamb\u00e9 la regidoria de Comunicaci\u00f3 de l&#8217;Ajuntament de Bunyol, a trav\u00e9s de R\u00e0dio Bunyol TV, va transmetre a tots els municipis de la comarca la possibilitat de poder gravar falques informatives per als seus ve\u00efns o qualsevol altre material que pogu\u00e9s ser d&#8217;utilitat en aquests moments. Per a aix\u00f2, assegura el responsable de l&#8217;\u00e0rea de Comunicaci\u00f3 de l&#8217;consistori que, ja que nom\u00e9s poden entrar els treballadors de R\u00e0dio Bunyol TV a les seves instal\u00b7lacions, haurien de contactar per correu o telef\u00f2nicament amb R\u00e0dio Bunyol TV i plantejar el projecte comunicatiu que entenguin que es pot desenvolupar des de les instal\u00b7lacions de l&#8217;mitj\u00e0 de comunicaci\u00f3 municipal. Els canals per poder contactar s\u00f3n:a trav\u00e9s del mail: radiobunyol@gmail.com; a trav\u00e9s de el tel\u00e8fon 962504508 o a l&#8217;600442657; tamb\u00e9 deixant un missatge a la p\u00e0gina de Facebook de R\u00e0dio Bunyol.<\/p>\n\n\n\n<p class=\"wp-block-paragraph\">Des la radio municipal s&#8217;ha fet un esfor\u00e7 per part de la regidoria i els treballadors per garantir informaci\u00f3 i entreteniment cada mat\u00ed amb entrevistes, programes informatius, can\u00e7ons dedicades i connexions a RNE garantint la fiabilitat i veracitat de la seva r\u00e0dio, a la seva gent amb canals informatius de qualitat.<\/p>\n\n\n\n<p class=\"wp-block-paragraph\"><strong>Tasques en Esport<\/strong><\/p>\n\n\n\n<p class=\"wp-block-paragraph\">Des de la Regidoria d&#8217;Esports confirmen que tot i que el municipi no compta amb escoles esportives municipals, des d&#8217;aquesta regidoria s&#8217;han posat en contacte amb aquelles escoles que compten amb treballadors per oferir-los els serveis de l&#8217;Ajuntament en la mesura de les seves necessitats.<br> A m\u00e9s, tamb\u00e9 s&#8217;ha creat durant aquest estat d&#8217;alarma un grup de WhatsApp on estan representats tots els Esports de la localitat, perqu\u00e8 hi hagi la major coordinaci\u00f3 possible, a l&#8217;hora d&#8217;informar, suspendre i \/ o ajornar aquells esdeveniments que estaven programats a aquestes setmanes d&#8217;estat d&#8217;alarma.<br> Manuel Sierra, regidor de el ram bu\u00f1olense, ha destacat que s&#8217;ha ofert a les regidories d&#8217;Esports de la comarca de la Foia de Bunyol que utilitzin els recursos que els proporciona R\u00e0dio Bunyol TV, per poder informar els seus ciutadans i realitzar falques informatives. Tamb\u00e9 el preparador f\u00edsic i capit\u00e0 de l&#8217;Club Futbol Sala (CFSS) Bunyol, Paco Ram\u00edrez, est\u00e0 intervenint setmanalment en aquesta emissora municipal donant consells a l&#8217;audi\u00e8ncia per a la pr\u00e0ctica d&#8217;exercici f\u00edsic a casa en aquestes setmanes de confinament.<br> I finalment, pel que fa a aquesta regidoria, el regidor Serra afirma que Bunyol \u00c9s Esport, en coordinaci\u00f3 amb els professors d&#8217;Educaci\u00f3 F\u00edsica de les escoles de Bunyol, segueix subministrant informaci\u00f3 i exercicis als integrants de les seves activitats extraescolars i alumnat en general.<\/p>\n","protected":false},"excerpt":{"rendered":"<div class=\"mh-excerpt\">Despr\u00e9s de la declaraci\u00f3 d&#8217;Estat d&#8217;Alarma decretat pel Govern estatal, el Grup Municipal Socialista de l&#8217;Ajuntament de Bunyol, des de l&#8217;Alcaldia i des de les \u00e0rees delegades que li corresponen, ha promogut &#8220;diverses iniciatives per <a class=\"mh-excerpt-more\" href=\"https:\/\/tucomarca.whitekongsoftware.com\/ca\/el-grup-municipal-socialista-de-bunyol-planteja-una-serie-de-mesures-per-a-la-recuperacio-economica-de-comercos-pimes-i-autonoms\/\" title=\"El grup municipal socialista de Bunyol planteja una s\u00e8rie de mesures per a la recuperaci\u00f3 econ\u00f2mica de comer\u00e7os, pimes i aut\u00f2noms\">[+] <\/a><\/div>\n","protected":false},"author":1,"featured_media":85533,"comment_status":"open","ping_status":"open","sticky":false,"template":"","format":"standard","meta":{"footnotes":""},"categories":[10905,10911,11010,10948,10894,10912,10903,10947,10896,10897],"tags":[10913,11939,11956,11952,10914,11378],"class_list":["post-103851","post","type-post","status-publish","format-standard","has-post-thumbnail","category-agricultura-la-comarca-ca","category-bunol-ca","category-canal-salud","category-infraestructuras-ca","category-la-comarca-ca","category-la-hoya-ca","category-medio-ambiente-la-comarca-ca","category-politica","category-seccion-ca","category-sucesos-la-comarca-ca","tag-bunol-ca","tag-coronavirus-ca","tag-covid19-ca","tag-covid2019-ca","tag-la-hoya-de-bunol-chiva-ca","tag-psoe-ca"],"_links":{"self":[{"href":"https:\/\/tucomarca.whitekongsoftware.com\/ca\/wp-json\/wp\/v2\/posts\/103851","targetHints":{"allow":["GET"]}}],"collection":[{"href":"https:\/\/tucomarca.whitekongsoftware.com\/ca\/wp-json\/wp\/v2\/posts"}],"about":[{"href":"https:\/\/tucomarca.whitekongsoftware.com\/ca\/wp-json\/wp\/v2\/types\/post"}],"author":[{"embeddable":true,"href":"https:\/\/tucomarca.whitekongsoftware.com\/ca\/wp-json\/wp\/v2\/users\/1"}],"replies":[{"embeddable":true,"href":"https:\/\/tucomarca.whitekongsoftware.com\/ca\/wp-json\/wp\/v2\/comments?post=103851"}],"version-history":[{"count":0,"href":"https:\/\/tucomarca.whitekongsoftware.com\/ca\/wp-json\/wp\/v2\/posts\/103851\/revisions"}],"wp:featuredmedia":[{"embeddable":true,"href":"https:\/\/tucomarca.whitekongsoftware.com\/ca\/wp-json\/wp\/v2\/media\/85533"}],"wp:attachment":[{"href":"https:\/\/tucomarca.whitekongsoftware.com\/ca\/wp-json\/wp\/v2\/media?parent=103851"}],"wp:term":[{"taxonomy":"category","embeddable":true,"href":"https:\/\/tucomarca.whitekongsoftware.com\/ca\/wp-json\/wp\/v2\/categories?post=103851"},{"taxonomy":"post_tag","embeddable":true,"href":"https:\/\/tucomarca.whitekongsoftware.com\/ca\/wp-json\/wp\/v2\/tags?post=103851"}],"curies":[{"name":"wp","href":"https:\/\/api.w.org\/{rel}","templated":true}]}}