{"id":103785,"date":"2020-04-17T13:39:50","date_gmt":"2020-04-17T11:39:50","guid":{"rendered":"http:\/\/www.tucomarca.com\/wordpress\/segunda\/?p=103785"},"modified":"2020-04-17T13:39:52","modified_gmt":"2020-04-17T11:39:52","slug":"la-comunitat-registra-27-morts-mes-amb-coronavirus-254-nous-contagis-i-322-altes","status":"publish","type":"post","link":"https:\/\/tucomarca.whitekongsoftware.com\/ca\/la-comunitat-registra-27-morts-mes-amb-coronavirus-254-nous-contagis-i-322-altes\/","title":{"rendered":"La Comunitat registra 27 morts m\u00e9s amb coronavirus, 254 nous contagis i 322 altes"},"content":{"rendered":"\n<p class=\"wp-block-paragraph\">La consellera de Sanitat Universal i Salut P\u00fablica, Ana Barcel\u00f3, ha comparegut aquest divendres per actualitzar la informaci\u00f3 sobre la incid\u00e8ncia de l&#8217;coronavirus a la Comunitat Valenciana. Barcel\u00f3 ha destacat que s&#8217;ha donat un total de 4.024 altes (322 des de l&#8217;actualitzaci\u00f3 d&#8217;aquest dijous): 412 a la prov\u00edncia de Castell\u00f3, 1.547 a la d&#8217;Alacant i 2.065 a la prov\u00edncia de Val\u00e8ncia.<\/p>\n\n\n\n<p class=\"wp-block-paragraph\">A m\u00e9s, s&#8217;han detectat 254 nous casos positius, que eleven a 9.869 el total de casos positius, dels quals 1.173 es troben ingressats a l&#8217;hospital i 252 d&#8217;ells a l&#8217;UCI.<\/p>\n\n\n\n<p class=\"wp-block-paragraph\">Dels 254 nous casos positius, 39 es troben a la prov\u00edncia de Castell\u00f3, 75 a la d&#8217;Alacant i 140 a la de Val\u00e8ncia.<\/p>\n\n\n\n<p class=\"wp-block-paragraph\">Per prov\u00edncies, el nombre total de casos positius \u00e9s de 1.257 a la prov\u00edncia de Castell\u00f3 (163 hospitalitzats, 34 d&#8217;ells a l&#8217;UCI), 3.476 a la prov\u00edncia d&#8217;Alacant (322 hospitalitzats i 94 d&#8217;ells a l&#8217;UCI), i 5.131 en la prov\u00edncia de Val\u00e8ncia (688 hospitalitzats i 124 d&#8217;ells a l&#8217;UCI). A m\u00e9s, hi ha 5 casos que no s&#8217;han assignat encara.<\/p>\n\n\n\n<p class=\"wp-block-paragraph\">El nombre de professionals de la Sanitat que han donat positiu en total \u00e9s de 1.581 (208 a la prov\u00edncia de Castell\u00f3, 619 a la d&#8217;Alacant i 754 a la prov\u00edncia de Val\u00e8ncia). De tots ells, han rebut ja l&#8217;alta 637 persones.<\/p>\n\n\n\n<p class=\"wp-block-paragraph\">Fins a l&#8217;actualitat s&#8217;han produ\u00eft un total de 999 morts a la Comunitat Valenciana: 129 a la prov\u00edncia de Castell\u00f3, 380 a la Alacant i 490 a la de Val\u00e8ncia.<\/p>\n\n\n\n<p class=\"wp-block-paragraph\">Les proves que han donat un resultat negatiu fins al moment s\u00f3n 40.948 (35.664 a trav\u00e9s de PCR i 5.284 a trav\u00e9s de tests r\u00e0pids). A m\u00e9s, l&#8217;app GVA Coronavirus ha registrat 10.191 desc\u00e0rregues.<\/p>\n\n\n\n<p class=\"wp-block-paragraph\">Fins al moment, 2.412 professionals de la Sanitat s&#8217;han inscrit a la borsa de treball habilitada per la Conselleria de Sanitat perqu\u00e8 personal m\u00e8dic i d&#8217;Infermeria jubilat amb edats fins als 70 anys i personal facultatiu que encara no t\u00e9 especialitat puguin ajudar a combatre el coronavirus.<\/p>\n\n\n\n<p class=\"wp-block-paragraph\">\u00b7 Personal m\u00e8dic jubilat amb menys de 70 anys: 105<\/p>\n\n\n\n<p class=\"wp-block-paragraph\">\u00b7 Persones graduades en Medicina sense especialitat: 1.063<\/p>\n\n\n\n<p class=\"wp-block-paragraph\">\u00b7 Persones graduades en Infermeria: 1.190<\/p>\n\n\n\n<p class=\"wp-block-paragraph\">\u00b7 Personal d&#8217;Infermeria jubilat amb menys de 70 anys: 54<\/p>\n\n\n\n<p class=\"wp-block-paragraph\">D&#8217;altra banda, s&#8217;han rebut 3.487 trucades al n\u00famero 900 36 22 36, habilitat perqu\u00e8 persones de grups de risc o amb s\u00edmptomes de coronavirus puguin sol\u00b7licitar medicaments a domicili. En total, s&#8217;han tramitat 2.087 sol\u00b7licituds (207 a la prov\u00edncia de Castell\u00f3, 1.304 a la de Val\u00e8ncia i 576 a la prov\u00edncia d&#8217;Alacant).<\/p>\n\n\n\n<p class=\"wp-block-paragraph\">Actualitzaci\u00f3 de la situaci\u00f3 en resid\u00e8ncies<\/p>\n\n\n\n<p class=\"wp-block-paragraph\">La consellera ha actualitzat tamb\u00e9 la situaci\u00f3 de les resid\u00e8ncies de la Comunitat Valenciana. En aquests moments hi ha casos positius en 95 centres (16 a la prov\u00edncia de Castell\u00f3, 20 a la d&#8217;Alacant i 59 a la prov\u00edncia de Val\u00e8ncia).<\/p>\n\n\n\n<p class=\"wp-block-paragraph\">\u00b7 Residents que han donat positiu: 1.470<\/p>\n\n\n\n<p class=\"wp-block-paragraph\">\u00b7 Personal treballador que ha donat positiu: 390<\/p>\n\n\n\n<p class=\"wp-block-paragraph\">\u00b7 Residents que han mort: 344<\/p>\n\n\n\n<p class=\"wp-block-paragraph\">A hores d&#8217;ara, es troben sota vigil\u00e0ncia activa de control sanitari 29 resid\u00e8ncies a la Comunitat Valenciana:<\/p>\n\n\n\n<p class=\"wp-block-paragraph\">\u00b7 8 a la prov\u00edncia de Castell\u00f3: 1 en el departament de Vinar\u00f2s, 3 al departament de l&#8217;Hospital General de Castell\u00f3 i 3 en el departament de la Plana. La vuitena resid\u00e8ncia pertany a el departament de Sagunt, tot i que est\u00e0 situada en un municipi de la prov\u00edncia de Castell\u00f3.<\/p>\n\n\n\n<p class=\"wp-block-paragraph\">\u00b7 7 a la prov\u00edncia d&#8217;Alacant: 2 al departament d&#8217;Alcoi, 1 en el departament de la Marina Baixa, 2 al departament de Sant Joan, 1 en el departament d&#8217;Elda i 1 en el departament de l&#8217;Alacant- Hospital General.<\/p>\n\n\n\n<p class=\"wp-block-paragraph\">\u00b7 14 a la prov\u00edncia de Val\u00e8ncia: 1 en el departament de Sagunt, 2 al departament Cl\u00ednic-Malva-rosa, 4 al departament de La Fe, 5 al departament de Requena, 1 en el departament de l&#8217;Hospital General de Val\u00e8ncia i 1 a el departament de la Ribera.<\/p>\n\n\n\n<p class=\"wp-block-paragraph\">Per consultar aquesta informaci\u00f3 al portal:\u00a0<a href=\"https:\/\/www.gva.es\/web\/portal\/inicio\/area_de_prensa\/not_detalle_area_prensa?id=854452\">a\u00e7\u00ed<\/a><\/p>\n","protected":false},"excerpt":{"rendered":"<div class=\"mh-excerpt\">La consellera de Sanitat Universal i Salut P\u00fablica, Ana Barcel\u00f3, ha comparegut aquest divendres per actualitzar la informaci\u00f3 sobre la incid\u00e8ncia de l&#8217;coronavirus a la Comunitat Valenciana. Barcel\u00f3 ha destacat que s&#8217;ha donat un total <a class=\"mh-excerpt-more\" href=\"https:\/\/tucomarca.whitekongsoftware.com\/ca\/la-comunitat-registra-27-morts-mes-amb-coronavirus-254-nous-contagis-i-322-altes\/\" title=\"La Comunitat registra 27 morts m\u00e9s amb coronavirus, 254 nous contagis i 322 altes\">[+] <\/a><\/div>\n","protected":false},"author":1,"featured_media":103783,"comment_status":"open","ping_status":"open","sticky":false,"template":"","format":"standard","meta":{"footnotes":""},"categories":[11010,10898,10948,10894,10904,10903,10947,10896,10897],"tags":[11937,11939,11956,11955,11951,11952],"class_list":["post-103785","post","type-post","status-publish","format-standard","has-post-thumbnail","category-canal-salud","category-ventana-ca","category-infraestructuras-ca","category-la-comarca-ca","category-sin-categorizar-ca","category-medio-ambiente-la-comarca-ca","category-politica","category-seccion-ca","category-sucesos-la-comarca-ca","tag-coronavirus","tag-coronavirus-ca","tag-covid19-ca","tag-covid19","tag-covid2019","tag-covid2019-ca"],"_links":{"self":[{"href":"https:\/\/tucomarca.whitekongsoftware.com\/ca\/wp-json\/wp\/v2\/posts\/103785","targetHints":{"allow":["GET"]}}],"collection":[{"href":"https:\/\/tucomarca.whitekongsoftware.com\/ca\/wp-json\/wp\/v2\/posts"}],"about":[{"href":"https:\/\/tucomarca.whitekongsoftware.com\/ca\/wp-json\/wp\/v2\/types\/post"}],"author":[{"embeddable":true,"href":"https:\/\/tucomarca.whitekongsoftware.com\/ca\/wp-json\/wp\/v2\/users\/1"}],"replies":[{"embeddable":true,"href":"https:\/\/tucomarca.whitekongsoftware.com\/ca\/wp-json\/wp\/v2\/comments?post=103785"}],"version-history":[{"count":0,"href":"https:\/\/tucomarca.whitekongsoftware.com\/ca\/wp-json\/wp\/v2\/posts\/103785\/revisions"}],"wp:featuredmedia":[{"embeddable":true,"href":"https:\/\/tucomarca.whitekongsoftware.com\/ca\/wp-json\/wp\/v2\/media\/103783"}],"wp:attachment":[{"href":"https:\/\/tucomarca.whitekongsoftware.com\/ca\/wp-json\/wp\/v2\/media?parent=103785"}],"wp:term":[{"taxonomy":"category","embeddable":true,"href":"https:\/\/tucomarca.whitekongsoftware.com\/ca\/wp-json\/wp\/v2\/categories?post=103785"},{"taxonomy":"post_tag","embeddable":true,"href":"https:\/\/tucomarca.whitekongsoftware.com\/ca\/wp-json\/wp\/v2\/tags?post=103785"}],"curies":[{"name":"wp","href":"https:\/\/api.w.org\/{rel}","templated":true}]}}