{"id":103776,"date":"2020-04-17T13:23:04","date_gmt":"2020-04-17T11:23:04","guid":{"rendered":"http:\/\/www.tucomarca.com\/wordpress\/segunda\/?p=103776"},"modified":"2020-04-17T13:23:07","modified_gmt":"2020-04-17T11:23:07","slug":"els-contagis-de-coronavirus-al-departament-de-manises-creixen-en-7-persones-i-en-2-els-morts-i-se-situen-en-344-i-36-respectivament","status":"publish","type":"post","link":"https:\/\/tucomarca.whitekongsoftware.com\/ca\/els-contagis-de-coronavirus-al-departament-de-manises-creixen-en-7-persones-i-en-2-els-morts-i-se-situen-en-344-i-36-respectivament\/","title":{"rendered":"Els contagis de coronavirus al Departament de Manises creixen en 7 persones i en 2 els morts i se situen en 344 i 36, respectivament"},"content":{"rendered":"\n<p class=\"wp-block-paragraph\">Segons les xifres actualitzades aquest divendres a la conselleria de Sanitat Universal i Salut P\u00fablica de la Generalitat Valenciana, en el Departament de Salut de Manises, a qu\u00e8 pertanyen la majoria dels pobles de la Foia de Bunyol-Xiva, s&#8217;ha registrat un augment de 7 casos positius en coronavirus des dels 337 comptabilitzats fins ahir dijous (jornada en qu\u00e8 es va produir un increment de 9) el que eleva la xifra de persones contagiades a data d&#8217;avui als 344; mentre que en tota la Comunitat Valenciana la xifra de contagiats se situa en els 9.869, que s\u00f3n 254 persones m\u00e9s que ahir.<\/p>\n\n\n\n<p class=\"wp-block-paragraph\">Pel que fa a el nombre de morts, la xifra s&#8217;ha elevat als 36, dues persones m\u00e9s que ahir dijous; mentre que a la resta de la Comunitat Valenciana el nombre de morts ha crescut en 27 persones m\u00e9s situant-se en les 999.<\/p>\n\n\n\n<p class=\"wp-block-paragraph\">El Departament de Manises cobreix la demanda sanit\u00e0ria de 207.215 persones procedents dels 14 municipis adscrits i que s\u00f3n, a m\u00e9s de Manises, els d&#8217;Alborache, Bunyol, Macastre, Y\u00e0tova, Xest, Chiva, Quart de Poblet, Godelleta, Tur\u00eds, Loriguilla, Riba -roja, Aldaia i Mislata.<\/p>\n\n\n\n<p class=\"wp-block-paragraph\">En aquesta esmentada \u00e0rea geogr\u00e0fica, les dades de qu\u00e8 disposa la Generalitat Valenciana a data de el 17 de mar\u00e7 (que s\u00f3n els comptabilitzats fins a un dia abans) s\u00f3n d&#8217;un total de 344 positius, amb 36 morts, el que ofereix una taxa de positius de l&#8217;166,00 i una taxa de mortalitat de l&#8217;17,40. Unes dades que, segons la comparativa amb altres departaments, segueixen situant a el de Manises en el grup dels que estan lleugerament per sota de la mitjana pel que fa a afecci\u00f3 de la pand\u00e8mia.<\/p>\n","protected":false},"excerpt":{"rendered":"<div class=\"mh-excerpt\">Segons les xifres actualitzades aquest divendres a la conselleria de Sanitat Universal i Salut P\u00fablica de la Generalitat Valenciana, en el Departament de Salut de Manises, a qu\u00e8 pertanyen la majoria dels pobles de la <a class=\"mh-excerpt-more\" href=\"https:\/\/tucomarca.whitekongsoftware.com\/ca\/els-contagis-de-coronavirus-al-departament-de-manises-creixen-en-7-persones-i-en-2-els-morts-i-se-situen-en-344-i-36-respectivament\/\" title=\"Els contagis de coronavirus al Departament de Manises creixen en 7 persones i en 2 els morts i se situen en 344 i 36, respectivament\">[+] <\/a><\/div>\n","protected":false},"author":1,"featured_media":103773,"comment_status":"open","ping_status":"open","sticky":false,"template":"","format":"standard","meta":{"footnotes":""},"categories":[10973,10911,10892,11010,10898,10977,10980,10948,10894,10912,10902,10931,10978,10903,10947,10906,10896,10897,11047,10974,10975],"tags":[11939,11937,11938,11940,11951,11952,136,11092,5952,10914],"class_list":["post-103776","post","type-post","status-publish","format-standard","has-post-thumbnail","category-alborache-ca","category-bunol-ca","category-camp-de-turia-ca","category-canal-salud","category-ventana-ca","category-godelleta-ca","category-yatova-ca","category-infraestructuras-ca","category-la-comarca-ca","category-la-hoya-ca","category-la-ribera-ca","category-loriguilla-ca","category-macastre-ca","category-medio-ambiente-la-comarca-ca","category-politica","category-riba-roja-ca","category-seccion-ca","category-sucesos-la-comarca-ca","category-turis-ca","category-cheste-ca","category-chiva-ca","tag-coronavirus-ca","tag-coronavirus","tag-covid-19","tag-covid-19-ca","tag-covid2019","tag-covid2019-ca","tag-hospital-de-manises","tag-hospital-de-manises-ca","tag-la-hoya-de-bunol-chiva","tag-la-hoya-de-bunol-chiva-ca"],"_links":{"self":[{"href":"https:\/\/tucomarca.whitekongsoftware.com\/ca\/wp-json\/wp\/v2\/posts\/103776","targetHints":{"allow":["GET"]}}],"collection":[{"href":"https:\/\/tucomarca.whitekongsoftware.com\/ca\/wp-json\/wp\/v2\/posts"}],"about":[{"href":"https:\/\/tucomarca.whitekongsoftware.com\/ca\/wp-json\/wp\/v2\/types\/post"}],"author":[{"embeddable":true,"href":"https:\/\/tucomarca.whitekongsoftware.com\/ca\/wp-json\/wp\/v2\/users\/1"}],"replies":[{"embeddable":true,"href":"https:\/\/tucomarca.whitekongsoftware.com\/ca\/wp-json\/wp\/v2\/comments?post=103776"}],"version-history":[{"count":0,"href":"https:\/\/tucomarca.whitekongsoftware.com\/ca\/wp-json\/wp\/v2\/posts\/103776\/revisions"}],"wp:featuredmedia":[{"embeddable":true,"href":"https:\/\/tucomarca.whitekongsoftware.com\/ca\/wp-json\/wp\/v2\/media\/103773"}],"wp:attachment":[{"href":"https:\/\/tucomarca.whitekongsoftware.com\/ca\/wp-json\/wp\/v2\/media?parent=103776"}],"wp:term":[{"taxonomy":"category","embeddable":true,"href":"https:\/\/tucomarca.whitekongsoftware.com\/ca\/wp-json\/wp\/v2\/categories?post=103776"},{"taxonomy":"post_tag","embeddable":true,"href":"https:\/\/tucomarca.whitekongsoftware.com\/ca\/wp-json\/wp\/v2\/tags?post=103776"}],"curies":[{"name":"wp","href":"https:\/\/api.w.org\/{rel}","templated":true}]}}