{"id":103770,"date":"2020-04-17T22:38:34","date_gmt":"2020-04-17T20:38:34","guid":{"rendered":"http:\/\/www.tucomarca.com\/wordpress\/segunda\/?p=103770"},"modified":"2020-04-17T22:38:36","modified_gmt":"2020-04-17T20:38:36","slug":"lajuntament-de-bunyol-informa-que-esta-permes-atendre-lhorta","status":"publish","type":"post","link":"https:\/\/tucomarca.whitekongsoftware.com\/ca\/lajuntament-de-bunyol-informa-que-esta-permes-atendre-lhorta\/","title":{"rendered":"L&#8217;Ajuntament de Bunyol informa que est\u00e0 perm\u00e9s atendre l&#8217;horta"},"content":{"rendered":"\n<p class=\"wp-block-paragraph\"><strong>Permeten l&#8217;activitat agr\u00edcola durant l&#8217;Estat d&#8217;Alarma decretat pel Govern de la Naci\u00f3 per\u00f2 el temps estrictament necessari i per a tasques imprescindibles<\/strong><\/p>\n\n\n\n<p class=\"wp-block-paragraph\">L&#8217;Ajuntament de Bunyol comunica que els agricultors de la localitat poden atendre l&#8217;horta per a tasques imprescindibles, i nom\u00e9s el temps estrictament necessari, seguint totes les obligacions de seguretat Covid19 i acreditant la propietat amb qualsevol d&#8217;estos documents:<\/p>\n\n\n\n<p class=\"wp-block-paragraph\">&#8211; Escriptura de propietat <\/p>\n\n\n\n<p class=\"wp-block-paragraph\">&#8211; Registre Agr\u00edcola <\/p>\n\n\n\n<p class=\"wp-block-paragraph\">&#8211; Rebut d&#8217;IBI R\u00fastica <\/p>\n\n\n\n<p class=\"wp-block-paragraph\">&#8211; Rebut del pagament de l&#8217;aigua a la partida de reg<\/p>\n\n\n\n<p class=\"wp-block-paragraph\">A m\u00e9s, el consistori bunyolense tamb\u00e9 informa del comunicat de la Conselleria d&#8217;Agricultura, que ha decidit al\u00e7ar parcialment la prohibici\u00f3 de les cremes agr\u00edcoles amb motiu del Covid-19 a partir del pr\u00f2xim 21 d&#8217;abril i fins al 31 de maig.<\/p>\n\n\n\n<p class=\"wp-block-paragraph\">Per a la conselleria les successives pr\u00f2rrogues de l&#8217;estat d&#8217;alarma fan necessari limitar la prohibici\u00f3 davant del risc fitosanitari que implica no eliminar les restes agr\u00edcoles. Les condicions per a les cremes, que comprenen el per\u00edode compr\u00e9s entre el 21 d&#8217;abril i el 31 de maig, inclouen especificacions relatives al dia, l&#8217;hora, al nivell d&#8217;emerg\u00e8ncia o al pron\u00f2stic meteorol\u00f2gic.<\/p>\n\n\n\n<p class=\"wp-block-paragraph\">En este sentit, nom\u00e9s podran autoritzar-se la crema de restes vegetals de dilluns a divendres, i sempre que el nivell de preemerg\u00e8ncia per risc d&#8217;incendis siga el m\u00e9s davall de l&#8217;escala. Els dissabtes, diumenges i festius no est\u00e0 perm\u00e9s realitzar cremes.<\/p>\n","protected":false},"excerpt":{"rendered":"<div class=\"mh-excerpt\">Permeten l&#8217;activitat agr\u00edcola durant l&#8217;Estat d&#8217;Alarma decretat pel Govern de la Naci\u00f3 per\u00f2 el temps estrictament necessari i per a tasques imprescindibles L&#8217;Ajuntament de Bunyol comunica que els agricultors de la localitat poden atendre l&#8217;horta <a class=\"mh-excerpt-more\" href=\"https:\/\/tucomarca.whitekongsoftware.com\/ca\/lajuntament-de-bunyol-informa-que-esta-permes-atendre-lhorta\/\" title=\"L&#8217;Ajuntament de Bunyol informa que est\u00e0 perm\u00e9s atendre l&#8217;horta\">[+] <\/a><\/div>\n","protected":false},"author":12,"featured_media":103769,"comment_status":"open","ping_status":"open","sticky":false,"template":"","format":"standard","meta":{"footnotes":""},"categories":[10905,10911,11010,10948,10894,10912,10903,10947,10896,10897],"tags":[5335,11937,11938,11951,5952],"class_list":["post-103770","post","type-post","status-publish","format-standard","has-post-thumbnail","category-agricultura-la-comarca-ca","category-bunol-ca","category-canal-salud","category-infraestructuras-ca","category-la-comarca-ca","category-la-hoya-ca","category-medio-ambiente-la-comarca-ca","category-politica","category-seccion-ca","category-sucesos-la-comarca-ca","tag-ayuntamiento-de-bunol","tag-coronavirus","tag-covid-19","tag-covid2019","tag-la-hoya-de-bunol-chiva"],"_links":{"self":[{"href":"https:\/\/tucomarca.whitekongsoftware.com\/ca\/wp-json\/wp\/v2\/posts\/103770","targetHints":{"allow":["GET"]}}],"collection":[{"href":"https:\/\/tucomarca.whitekongsoftware.com\/ca\/wp-json\/wp\/v2\/posts"}],"about":[{"href":"https:\/\/tucomarca.whitekongsoftware.com\/ca\/wp-json\/wp\/v2\/types\/post"}],"author":[{"embeddable":true,"href":"https:\/\/tucomarca.whitekongsoftware.com\/ca\/wp-json\/wp\/v2\/users\/12"}],"replies":[{"embeddable":true,"href":"https:\/\/tucomarca.whitekongsoftware.com\/ca\/wp-json\/wp\/v2\/comments?post=103770"}],"version-history":[{"count":0,"href":"https:\/\/tucomarca.whitekongsoftware.com\/ca\/wp-json\/wp\/v2\/posts\/103770\/revisions"}],"wp:featuredmedia":[{"embeddable":true,"href":"https:\/\/tucomarca.whitekongsoftware.com\/ca\/wp-json\/wp\/v2\/media\/103769"}],"wp:attachment":[{"href":"https:\/\/tucomarca.whitekongsoftware.com\/ca\/wp-json\/wp\/v2\/media?parent=103770"}],"wp:term":[{"taxonomy":"category","embeddable":true,"href":"https:\/\/tucomarca.whitekongsoftware.com\/ca\/wp-json\/wp\/v2\/categories?post=103770"},{"taxonomy":"post_tag","embeddable":true,"href":"https:\/\/tucomarca.whitekongsoftware.com\/ca\/wp-json\/wp\/v2\/tags?post=103770"}],"curies":[{"name":"wp","href":"https:\/\/api.w.org\/{rel}","templated":true}]}}