{"id":103761,"date":"2020-04-17T00:57:43","date_gmt":"2020-04-16T22:57:43","guid":{"rendered":"http:\/\/www.tucomarca.com\/wordpress\/segunda\/?p=103761"},"modified":"2020-04-17T00:58:06","modified_gmt":"2020-04-16T22:58:06","slug":"eu-planteja-un-pacte-a-bunol-per-la-recuperacio-economica-de-treballadors-pimes-i-autonoms-despres-de-la-crisi-de-lcoronavirus","status":"publish","type":"post","link":"https:\/\/tucomarca.whitekongsoftware.com\/ca\/eu-planteja-un-pacte-a-bunol-per-la-recuperacio-economica-de-treballadors-pimes-i-autonoms-despres-de-la-crisi-de-lcoronavirus\/","title":{"rendered":"EU planteja un pacte a Bunyol per la &#8220;recuperaci\u00f3 econ\u00f2mica de treballadors, pimes i aut\u00f2noms&#8221; despr\u00e9s de la crisi de l&#8217;coronavirus"},"content":{"rendered":"\n<p class=\"wp-block-paragraph\"><strong>El grup municipal d&#8217;Esquerra Unida ha fet p\u00fablic la seva proposta per un pacte local &#8220;per la recuperaci\u00f3 econ\u00f2mica de la classes treballadora, pimes i aut\u00f2noms de Bunyol&#8221;, com ha estat denominat per la coalici\u00f3 d&#8217;esquerres.<\/strong><\/p>\n\n\n\n<p class=\"wp-block-paragraph\">&#8220;Des d&#8217;Esquerra Unida de Bunyol apostem per la realitzaci\u00f3 d&#8217;un Pacte Local per a la recuperaci\u00f3 econ\u00f2mica de la classe treballadora, pimes i aut\u00f2noms, un f\u00f2rum de qu\u00e8 formi part tot el teixit social i empresarial de Bunyol, l&#8217;ajuntament de Bunyol, partits pol\u00edtics, BUINSA, els sindicats majoritaris i l&#8217;Associaci\u00f3 de comerciants i empresaris de Bunyol, a m\u00e9s advoquem per donar la m\u00e0xima participaci\u00f3, per a aix\u00f2 s&#8217;habilitaran els canals necessaris perqu\u00e8 qualsevol associaci\u00f3 o persona f\u00edsica interessada en la realitzaci\u00f3 de propostes pugui presentar-les a aquest f\u00f2rum per a la seva an\u00e0lisi, estudi i debat, sempre amb el prop\u00f2sit de complir els objectius de recuperaci\u00f3 econ\u00f2mica i social del nostre poble, creiem que aquest ha de ser el f\u00f2rum de debat &#8220;, com han explicat des d&#8217;EU.<\/p>\n\n\n\n<p class=\"wp-block-paragraph\">&#8220;La crisi de l&#8217;Covid ha destapat un problema end\u00e8mic en la poblaci\u00f3, com \u00e9s la salut de l&#8217;petit comer\u00e7 local ia aix\u00f2 se suma l&#8217;obligatorietat de tancament de diferents comer\u00e7os (perruqueries, botigues que no s\u00f3n d&#8217;alimentaci\u00f3, etc\u00e8tera), el que ha provocat un problema econ\u00f2mic i financer a part de petits empresaris i aut\u00f2noms que fan necessari prendre decisions i aprovar m\u00e9s mesures que incideixin en els grups m\u00e9s vulnerables de la societat &#8220;.<\/p>\n\n\n\n<p class=\"wp-block-paragraph\">&#8220;Cal que l&#8217;ajuntament de Bunyol desenvolupi noves mesures directes i per aix\u00f2 \u00e9s necess\u00e0ria la participaci\u00f3 de tots els estaments relacionats amb l&#8217;activitat econ\u00f2mica, laboral i social de Bunyol. Des d&#8217;Esquerra Unida considerem que les propostes que s&#8217;han de desenvolupar han de tenir el major consens i suport pol\u00edtic i social, ja hem vist com en els primers dies s&#8217;han llan\u00e7at propostes inconnexes, sense cap tipus de rigor en el seu estudi i an\u00e0lisi i amb un car\u00e0cter partidista i protagonista alhora que injusta per part d&#8217;algun pol\u00edtic , per\u00f2 considerem que en aquest moment \u00e9s necessari sumar, cal un consens total per part de totes les forces pol\u00edtiques i amb suport social i ciutad\u00e0, si tots els bunyolers i bunyoleres apostem pel nostre comer\u00e7, per allunyar-nos de les grans superf\u00edcies, aconseguirem revitalitzar de forma r\u00e0pida l&#8217;activitat econ\u00f2mica local &#8220;, han afegit des d&#8217;EU.<\/p>\n\n\n\n<p class=\"wp-block-paragraph\">&#8220;Per iniciar aquest pacte comencem presentant un seguit de propostes i objectius que van en la l\u00ednia del que s&#8217;ha dit anteriorment des del punt de vista econ\u00f2mic, laboral, d&#8217;oci i per descomptat des del punt de vista de la defensa de llocs de treball, aix\u00ed com de la necessitat de protegir socialment a totes les persones que estiguin passant per dificultats econ\u00f2miques &#8220;.<\/p>\n\n\n\n<p class=\"wp-block-paragraph\">&#8220;Aquesta bateria de propostes haur\u00e0 de ser estudiada i debatuda en aquest pacte local per a la recuperaci\u00f3 econ\u00f2mica de la classe treballadora, pimes i aut\u00f2noms de Bunyol&#8221;, segons EU.<\/p>\n\n\n\n<p class=\"wp-block-paragraph\"><strong>Realitzaci\u00f3 d&#8217;un pla de comer\u00e7<\/strong><\/p>\n\n\n\n<p class=\"wp-block-paragraph\">Des d&#8217;Esquerra Unida de Bunyol advoquen per la realitzaci\u00f3 &#8220;d&#8217;un pla local pel comer\u00e7 que sigui capa\u00e7 de revitalitzar tot el teixit comercial de la localitat, aix\u00ed com el suport als establiments d&#8217;oci i bars. A m\u00e9s, el pla respecte a el tema de oci, no nom\u00e9s ha de quedar-se als establiments, sin\u00f3 que s&#8217;ha d&#8217;ampliar a les empreses d&#8217;oci, aix\u00ed com totes les que realitzen espectacles culturals, grups musicals, etc \u2026, un pla d&#8217;obres per a l&#8217;ajuda a PIMES relacionades amb la construcci\u00f3 i un pla d&#8217;ajudes a persones treballadores que s&#8217;han vist afectades per un ERTO o han estat acomiadades per causes de l&#8217;Covid 19 &#8220;.<\/p>\n\n\n\n<p class=\"wp-block-paragraph\">&#8220;Creiem molt important aquest pla local per comen\u00e7ar una recuperaci\u00f3 econ\u00f2mica en un sector que ja des de fa molts anys t\u00e9 problemes end\u00e8mics clars, on ha desaparegut molta part de l&#8217;petit comer\u00e7 i de proximitat i que la crisi de l&#8217;Covid 19 ha fet cr\u00e9ixer d&#8217;una manera molt important. \u00c9s per aix\u00f2 que totes les forces pol\u00edtiques i socials tenim la responsabilitat i tamb\u00e9 l&#8217;obligaci\u00f3 de realitzar un seguit d&#8217;actuacions que vagin adre\u00e7ades directament a la millora del nostre comer\u00e7 local, de les petites empreses que dia rere dia han de lluitar per poder guanyar-se la vida com millor poden &#8220;, afegeixen des d&#8217;EU de Bunyol.<\/p>\n\n\n\n<p class=\"wp-block-paragraph\">&#8220;Aquest document, a m\u00e9s, intentar\u00e0 recollir tots els ajuts que complementin a les ja conegudes per part de les diferents administracions ia l&#8217;espera de m\u00e9s ajudes que estem segurs es van a implementar en els propers mesos en suport dels aut\u00f2noms, pimes i fam\u00edlies treballadores per compte ali\u00e8 que estan patint aquesta crisi. \u00c9s un document obert i viu que ha de ser enriquit per part de tots els ciutadans interessats, siguin afectats o no, per\u00f2 amb la vista posada en qu\u00e8 no quedi cap pime, aut\u00f2nom o fam\u00edlia sense el suport econ\u00f2mic necessari i que aix\u00f2 tamb\u00e9 es pugui veure tradu\u00eft en creaci\u00f3 i millora d&#8217;ocupaci\u00f3 en la localitat &#8220;.<\/p>\n\n\n\n<p class=\"wp-block-paragraph\"><strong>Com s&#8217;ha d&#8217;executar aquest pla<\/strong><\/p>\n\n\n\n<p class=\"wp-block-paragraph\">Segons EU de Bunyol, aquest pla &#8220;sobretot i abans de res amb la participaci\u00f3 de tots els agents implicats, el Pla ha de dissenyar considerant les opinions de totes les parts interessades en el desenvolupament de el comer\u00e7 local com \u00e9s el propi sector i l&#8217;associaci\u00f3 de comerciants , les institucions directament i indirectament relacionades, els ciutadans i la mateixa Administraci\u00f3. T\u00e9 i ha de ser un pla viable i realitzable, \u00e9s a dir, a l&#8217;hora de proposar les mesures a adoptar, s&#8217;haur\u00e0 de tenir en compte la seva adaptaci\u00f3 a al sector de el comer\u00e7 , seleccionant \u00fanicament accions de possible implementaci\u00f3. El Pla s&#8217;ha de dissenyar sobre la base d&#8217;un clar comprom\u00eds de participaci\u00f3 de totes les parts que han intervingut. ha de ser un pla de tots i per a tots, cap pla est\u00e0 exempt de modificacions i aix\u00ed ha de ser per adaptar-se a un entorn canviant com l&#8217;actual en qu\u00e8 ens trobem. a m\u00e9s, les accions que es proposen s&#8217;han de realitzar des de la m\u00e9s abso luta honestedat i nom\u00e9s s&#8217;han de plantejar aquelles q\u00fcestions sobre les quals hi hagi la convicci\u00f3 que es poden posar en marxa i que generaran resultats &#8220;.<\/p>\n\n\n\n<p class=\"wp-block-paragraph\">Pel que fa a tot el comer\u00e7 local es proposa que el pacte local, entre altres coses, &#8220;reculli diferents propostes per dinamitzar la col\u00b7laboraci\u00f3, innovaci\u00f3 i promoci\u00f3 de el comer\u00e7 local. Aquestes propostes han de desenvolupar campanyes i productes tur\u00edstics-comercials, on es complementin la dinamitzaci\u00f3 econ\u00f2mica de el sector i la projecci\u00f3 regional del municipi com a ciutat de compres &#8220;.<\/p>\n\n\n\n<p class=\"wp-block-paragraph\">&#8220;S&#8217;ha de donar una resposta eficient i integral a les necessitats de sector de el comer\u00e7 de Bunyol, proporcionant als professionals de sector un ferm suport institucional dirigit a la consecuci\u00f3 dels nivells de competitivitat exigibles en l&#8217;actualitat, a el mateix temps que millorar la qualitat percebuda per part dels ciutadans-consumidors. Un prop\u00f2sit que es traduir\u00e0 en l&#8217;adopci\u00f3 de mesures en diferents \u00e0mbits, dins de l&#8217;abast de les compet\u00e8ncies pr\u00f2pies de l&#8217;Administraci\u00f3 Local &#8220;, tal com expliquen des d&#8217;EU.<\/p>\n\n\n\n<p class=\"wp-block-paragraph\"><strong>Pla complet i propostes<\/strong><\/p>\n\n\n\n<p class=\"wp-block-paragraph\">Pots descarregar el pla complet i les propostes en aquest <a rel=\"noreferrer noopener\" href=\"http:\/\/www.tucomarca.com\/wordpress\/segunda\/wp-content\/uploads\/2020\/04\/PactoLocal-Covid.pdf\" target=\"_blank\">enlla\u00e7<\/a>.<\/p>\n","protected":false},"excerpt":{"rendered":"<div class=\"mh-excerpt\">El grup municipal d&#8217;Esquerra Unida ha fet p\u00fablic la seva proposta per un pacte local &#8220;per la recuperaci\u00f3 econ\u00f2mica de la classes treballadora, pimes i aut\u00f2noms de Bunyol&#8221;, com ha estat denominat per la coalici\u00f3 <a class=\"mh-excerpt-more\" href=\"https:\/\/tucomarca.whitekongsoftware.com\/ca\/eu-planteja-un-pacte-a-bunol-per-la-recuperacio-economica-de-treballadors-pimes-i-autonoms-despres-de-la-crisi-de-lcoronavirus\/\" title=\"EU planteja un pacte a Bunyol per la &#8220;recuperaci\u00f3 econ\u00f2mica de treballadors, pimes i aut\u00f2noms&#8221; despr\u00e9s de la crisi de l&#8217;coronavirus\">[+] <\/a><\/div>\n","protected":false},"author":1,"featured_media":103759,"comment_status":"open","ping_status":"open","sticky":false,"template":"","format":"standard","meta":{"footnotes":""},"categories":[10905,10911,11010,10948,10894,10912,10903,10947,10896,10897],"tags":[10385,10913,11939,11937,11940,11938,11952,11951],"class_list":["post-103761","post","type-post","status-publish","format-standard","has-post-thumbnail","category-agricultura-la-comarca-ca","category-bunol-ca","category-canal-salud","category-infraestructuras-ca","category-la-comarca-ca","category-la-hoya-ca","category-medio-ambiente-la-comarca-ca","category-politica","category-seccion-ca","category-sucesos-la-comarca-ca","tag-bunol","tag-bunol-ca","tag-coronavirus-ca","tag-coronavirus","tag-covid-19-ca","tag-covid-19","tag-covid2019-ca","tag-covid2019"],"_links":{"self":[{"href":"https:\/\/tucomarca.whitekongsoftware.com\/ca\/wp-json\/wp\/v2\/posts\/103761","targetHints":{"allow":["GET"]}}],"collection":[{"href":"https:\/\/tucomarca.whitekongsoftware.com\/ca\/wp-json\/wp\/v2\/posts"}],"about":[{"href":"https:\/\/tucomarca.whitekongsoftware.com\/ca\/wp-json\/wp\/v2\/types\/post"}],"author":[{"embeddable":true,"href":"https:\/\/tucomarca.whitekongsoftware.com\/ca\/wp-json\/wp\/v2\/users\/1"}],"replies":[{"embeddable":true,"href":"https:\/\/tucomarca.whitekongsoftware.com\/ca\/wp-json\/wp\/v2\/comments?post=103761"}],"version-history":[{"count":0,"href":"https:\/\/tucomarca.whitekongsoftware.com\/ca\/wp-json\/wp\/v2\/posts\/103761\/revisions"}],"wp:featuredmedia":[{"embeddable":true,"href":"https:\/\/tucomarca.whitekongsoftware.com\/ca\/wp-json\/wp\/v2\/media\/103759"}],"wp:attachment":[{"href":"https:\/\/tucomarca.whitekongsoftware.com\/ca\/wp-json\/wp\/v2\/media?parent=103761"}],"wp:term":[{"taxonomy":"category","embeddable":true,"href":"https:\/\/tucomarca.whitekongsoftware.com\/ca\/wp-json\/wp\/v2\/categories?post=103761"},{"taxonomy":"post_tag","embeddable":true,"href":"https:\/\/tucomarca.whitekongsoftware.com\/ca\/wp-json\/wp\/v2\/tags?post=103761"}],"curies":[{"name":"wp","href":"https:\/\/api.w.org\/{rel}","templated":true}]}}