{"id":103698,"date":"2020-04-16T17:43:20","date_gmt":"2020-04-16T15:43:20","guid":{"rendered":"http:\/\/www.tucomarca.com\/wordpress\/segunda\/?p=103698"},"modified":"2020-04-16T17:58:19","modified_gmt":"2020-04-16T15:58:19","slug":"la-policia-local-de-requena-reparteix-mascaretes-i-gels-als-comercos-oberts","status":"publish","type":"post","link":"https:\/\/tucomarca.whitekongsoftware.com\/ca\/la-policia-local-de-requena-reparteix-mascaretes-i-gels-als-comercos-oberts\/","title":{"rendered":"La Policia Local de Requena reparteix mascaretes i gels contra el coronavirus als comer\u00e7os oberts"},"content":{"rendered":"\n<p class=\"wp-block-paragraph\">L&#8217;Ajuntament de Requena ha informat que la Policia Local ha comen\u00e7at a repartir mascaretes i gels hidroalcoh\u00f2lics en tots els comer\u00e7os oberts de la localitat.<\/p>\n\n\n\n<p class=\"wp-block-paragraph\">&#8220;Si a la fi de el dia hi ha algun establiment requenense dels que estan oberts a qu\u00e8 no se li hagi repartit, s&#8217;ha de posar en contacte amb el consistori per solucionar-ho&#8221;, segons han manifestat. <\/p>\n\n\n\n<p class=\"wp-block-paragraph\">D&#8217;aquesta manera, des de l&#8217;Ajuntament de Requena es continua treballant &#8220;per evitar la propagaci\u00f3 de l&#8217;coronavirus en la mesura del possible. No obstant aix\u00f2, recalcar que la principal recomanaci\u00f3 continua sent respectar el confinament sempre que sigui possible i, en qualsevol cas, mantenir la dist\u00e0ncia m\u00ednima de seguretat, rentar-se freq\u00fcentment les mans amb aigua i sab\u00f3 i evitar tocar-se el nas, ulls i boca&#8221;, han finalitzat des de l&#8217;Ajuntament.<\/p>\n","protected":false},"excerpt":{"rendered":"<div class=\"mh-excerpt\">L&#8217;Ajuntament de Requena ha informat que la Policia Local ha comen\u00e7at a repartir mascaretes i gels hidroalcoh\u00f2lics en tots els comer\u00e7os oberts de la localitat. &#8220;Si a la fi de el dia hi ha algun <a class=\"mh-excerpt-more\" href=\"https:\/\/tucomarca.whitekongsoftware.com\/ca\/la-policia-local-de-requena-reparteix-mascaretes-i-gels-als-comercos-oberts\/\" title=\"La Policia Local de Requena reparteix mascaretes i gels contra el coronavirus als comer\u00e7os oberts\">[+] <\/a><\/div>\n","protected":false},"author":1,"featured_media":103696,"comment_status":"open","ping_status":"open","sticky":false,"template":"","format":"standard","meta":{"footnotes":""},"categories":[11010,10948,10894,10903,10947,10908,10909,10896,10897],"tags":[11937,11938,11951,10387],"class_list":["post-103698","post","type-post","status-publish","format-standard","has-post-thumbnail","category-canal-salud","category-infraestructuras-ca","category-la-comarca-ca","category-medio-ambiente-la-comarca-ca","category-politica","category-requena-ca","category-requena-utiel-ca","category-seccion-ca","category-sucesos-la-comarca-ca","tag-coronavirus","tag-covid-19","tag-covid2019","tag-requena-utiel"],"_links":{"self":[{"href":"https:\/\/tucomarca.whitekongsoftware.com\/ca\/wp-json\/wp\/v2\/posts\/103698","targetHints":{"allow":["GET"]}}],"collection":[{"href":"https:\/\/tucomarca.whitekongsoftware.com\/ca\/wp-json\/wp\/v2\/posts"}],"about":[{"href":"https:\/\/tucomarca.whitekongsoftware.com\/ca\/wp-json\/wp\/v2\/types\/post"}],"author":[{"embeddable":true,"href":"https:\/\/tucomarca.whitekongsoftware.com\/ca\/wp-json\/wp\/v2\/users\/1"}],"replies":[{"embeddable":true,"href":"https:\/\/tucomarca.whitekongsoftware.com\/ca\/wp-json\/wp\/v2\/comments?post=103698"}],"version-history":[{"count":0,"href":"https:\/\/tucomarca.whitekongsoftware.com\/ca\/wp-json\/wp\/v2\/posts\/103698\/revisions"}],"wp:featuredmedia":[{"embeddable":true,"href":"https:\/\/tucomarca.whitekongsoftware.com\/ca\/wp-json\/wp\/v2\/media\/103696"}],"wp:attachment":[{"href":"https:\/\/tucomarca.whitekongsoftware.com\/ca\/wp-json\/wp\/v2\/media?parent=103698"}],"wp:term":[{"taxonomy":"category","embeddable":true,"href":"https:\/\/tucomarca.whitekongsoftware.com\/ca\/wp-json\/wp\/v2\/categories?post=103698"},{"taxonomy":"post_tag","embeddable":true,"href":"https:\/\/tucomarca.whitekongsoftware.com\/ca\/wp-json\/wp\/v2\/tags?post=103698"}],"curies":[{"name":"wp","href":"https:\/\/api.w.org\/{rel}","templated":true}]}}