{"id":103689,"date":"2020-04-16T14:35:18","date_gmt":"2020-04-16T12:35:18","guid":{"rendered":"http:\/\/www.tucomarca.com\/wordpress\/segunda\/?p=103689"},"modified":"2020-04-16T14:35:20","modified_gmt":"2020-04-16T12:35:20","slug":"la-comunitat-registra-aquest-dijous-27-morts-amb-coronavirus-342-altes-i-191-nous-contagis","status":"publish","type":"post","link":"https:\/\/tucomarca.whitekongsoftware.com\/ca\/la-comunitat-registra-aquest-dijous-27-morts-amb-coronavirus-342-altes-i-191-nous-contagis\/","title":{"rendered":"La Comunitat registra aquest dijous 27 morts amb coronavirus, 342 altes i 191 nous contagis"},"content":{"rendered":"\n<p class=\"wp-block-paragraph\">La consellera de Sanitat Universal i Salut P\u00fablica, Ana Barcel\u00f3, ha comparegut aquest dijous per donar les xifres actualitzades en una jornada en qu\u00e8 s&#8217;han registrat 191 nous positius detectats de coronavirus, 27 morts per coronavirus (set d&#8217;ells de persones de resid\u00e8ncies) i 342 altes, el que eleva a un total de 9.615 les persones contagiades, a 972 les mortes i 3.702 curades des de l&#8217;inici de la pand\u00e8mia.<\/p>\n\n\n\n<p class=\"wp-block-paragraph\">Ana Barcel\u00f3 ha destacat que s&#8217;ha donat un total de 3.702 altes (342 des de l&#8217;actualitzaci\u00f3 d&#8217;aquest dimecres): 373 a la prov\u00edncia de Castell\u00f3, 1.402 a la d&#8217;Alacant i 1.927 a la prov\u00edncia de Val\u00e8ncia.<br> A m\u00e9s, s&#8217;han detectat 191 nous casos positius, que eleven a 9.615 el total de casos positius, dels quals 1.247 es troben ingressats a l&#8217;hospital i 274 d&#8217;ells a l&#8217;UCI.<\/p>\n\n\n\n<p class=\"wp-block-paragraph\">Dels 191 nous casos positius, 26 es troben a la prov\u00edncia de Castell\u00f3, 23 a la d&#8217;Alacant i 142 a la de Val\u00e8ncia.<\/p>\n\n\n\n<p class=\"wp-block-paragraph\">Per prov\u00edncies, el nombre total de casos positius \u00e9s de 1.218 a la prov\u00edncia de Castell\u00f3 (183 hospitalitzats, 34 d&#8217;ells a l&#8217;UCI), 3.401 a la prov\u00edncia d&#8217;Alacant (347 hospitalitzats i 105 d&#8217;ells a l&#8217;UCI), i 4.991 en la prov\u00edncia de Val\u00e8ncia (717 hospitalitzats i 135 d&#8217;ells a l&#8217;UCI). A m\u00e9s, hi ha 5 casos que no s&#8217;han assignat encara.<\/p>\n\n\n\n<p class=\"wp-block-paragraph\">El nombre de professionals de la Sanitat que han donat positiu en total \u00e9s de 1.544 (200 a la prov\u00edncia de Castell\u00f3, 604 a la d&#8217;Alacant i 740 a la prov\u00edncia de Val\u00e8ncia). De tots ells, han rebut ja l&#8217;alta 543 persones.<\/p>\n\n\n\n<p class=\"wp-block-paragraph\">Fins a l&#8217;actualitat s&#8217;ha produ\u00eft un total de 972 morts a la Comunitat Valenciana: 128 a la prov\u00edncia de Castell\u00f3, 369 a la Alacant i 475 a la de Val\u00e8ncia.<\/p>\n\n\n\n<p class=\"wp-block-paragraph\">Les proves que han donat un resultat negatiu fins al moment s\u00f3n 33.805.<\/p>\n\n\n\n<p class=\"wp-block-paragraph\">Fins al moment, 2.405 professionals de la Sanitat s&#8217;han inscrit a la borsa de treball habilitada per la Conselleria de Sanitat perqu\u00e8 personal m\u00e8dic i d&#8217;Infermeria jubilat amb edats fins als 70 anys i personal facultatiu que encara no t\u00e9 especialitat puguin ajudar a combatre el coronavirus.<\/p>\n\n\n\n<p class=\"wp-block-paragraph\">\u00b7 Personal m\u00e8dic jubilat amb menys de 70 anys: 105<\/p>\n\n\n\n<p class=\"wp-block-paragraph\">\u00b7 Persones graduades en Medicina sense especialitat: 1.059<\/p>\n\n\n\n<p class=\"wp-block-paragraph\">\u00b7 Persones graduades en Infermeria: 1.187<\/p>\n\n\n\n<p class=\"wp-block-paragraph\">\u00b7 Personal d&#8217;Infermeria jubilat amb menys de 70 anys: 54<\/p>\n\n\n\n<p class=\"wp-block-paragraph\">D&#8217;altra banda, s&#8217;han rebut 3.246 trucades al n\u00famero 900 36 22 36, habilitat perqu\u00e8 persones de grups de risc o amb s\u00edmptomes de coronavirus puguin sol\u00b7licitar medicaments a domicili. En total, s&#8217;han tramitat 1.908 sol\u00b7licituds (197 a la prov\u00edncia de Castell\u00f3, 1.203 a la de Val\u00e8ncia i 535 a la prov\u00edncia d&#8217;Alacant).<\/p>\n\n\n\n<p class=\"wp-block-paragraph\">Actualitzaci\u00f3 de la situaci\u00f3 en resid\u00e8ncies<\/p>\n\n\n\n<p class=\"wp-block-paragraph\">La consellera ha actualitzat tamb\u00e9 la situaci\u00f3 de les resid\u00e8ncies de la Comunitat Valenciana. En aquests moments, hi ha casos positius en 95 centres (16 a la prov\u00edncia de Castell\u00f3, 20 a la d&#8217;Alacant i 59 a la prov\u00edncia de Val\u00e8ncia).<\/p>\n\n\n\n<p class=\"wp-block-paragraph\">\u00b7 Residents que han donat positiu: 1.347<\/p>\n\n\n\n<p class=\"wp-block-paragraph\">\u00b7 Personal treballador que ha donat positiu: 336<\/p>\n\n\n\n<p class=\"wp-block-paragraph\">\u00b7 Residents que han mort: 323<\/p>\n\n\n\n<p class=\"wp-block-paragraph\">A hores d&#8217;ara, es troben sota vigil\u00e0ncia activa de control sanitari 24 resid\u00e8ncies a la Comunitat Valenciana:<\/p>\n\n\n\n<p class=\"wp-block-paragraph\">\u00b7 5 a la prov\u00edncia de Castell\u00f3: 1 en el departament de Vinar\u00f2s, 1 en el departament de l&#8217;Hospital General de Castell\u00f3 i 2 en el departament de la Plana. La cinquena resid\u00e8ncia pertany a el departament de Sagunt, tot i que est\u00e0 situada en un municipi de la prov\u00edncia de Castell\u00f3.<\/p>\n\n\n\n<p class=\"wp-block-paragraph\">\u00b7 6 a la prov\u00edncia d&#8217;Alacant: 2 al departament d&#8217;Alcoi, 1 en el departament de la Marina Baixa, 1 en el departament de Sant Joan, 1 en el departament d&#8217;Elda i 1 en el departament de l&#8217;Alacant- Hospital General.<\/p>\n\n\n\n<p class=\"wp-block-paragraph\">\u00b7 13 a la prov\u00edncia de Val\u00e8ncia: 1 en el departament de Sagunt, 2 al departament Cl\u00ednic-Malva-rosa, 4 al departament de La Fe, 5 al departament de Requena i 1 en el departament de l&#8217;Hospital General de Val\u00e8ncia.<\/p>\n\n\n\n<p class=\"wp-block-paragraph\">Tota la informaci\u00f3 actualitzada:\u00a0<a rel=\"noreferrer noopener\" href=\"http:\/\/coronavirus.san.gva.es\/ca\/inicio\" target=\"_blank\">consultar aqu\u00ed<\/a><\/p>\n","protected":false},"excerpt":{"rendered":"<div class=\"mh-excerpt\">La consellera de Sanitat Universal i Salut P\u00fablica, Ana Barcel\u00f3, ha comparegut aquest dijous per donar les xifres actualitzades en una jornada en qu\u00e8 s&#8217;han registrat 191 nous positius detectats de coronavirus, 27 morts per <a class=\"mh-excerpt-more\" href=\"https:\/\/tucomarca.whitekongsoftware.com\/ca\/la-comunitat-registra-aquest-dijous-27-morts-amb-coronavirus-342-altes-i-191-nous-contagis\/\" title=\"La Comunitat registra aquest dijous 27 morts amb coronavirus, 342 altes i 191 nous contagis\">[+] <\/a><\/div>\n","protected":false},"author":1,"featured_media":103668,"comment_status":"open","ping_status":"open","sticky":false,"template":"","format":"standard","meta":{"footnotes":""},"categories":[11010,10898,10948,10894,10904,10903,10947,10896,10897],"tags":[11937,11939,11940,11938,11952,11951],"class_list":["post-103689","post","type-post","status-publish","format-standard","has-post-thumbnail","category-canal-salud","category-ventana-ca","category-infraestructuras-ca","category-la-comarca-ca","category-sin-categorizar-ca","category-medio-ambiente-la-comarca-ca","category-politica","category-seccion-ca","category-sucesos-la-comarca-ca","tag-coronavirus","tag-coronavirus-ca","tag-covid-19-ca","tag-covid-19","tag-covid2019-ca","tag-covid2019"],"_links":{"self":[{"href":"https:\/\/tucomarca.whitekongsoftware.com\/ca\/wp-json\/wp\/v2\/posts\/103689","targetHints":{"allow":["GET"]}}],"collection":[{"href":"https:\/\/tucomarca.whitekongsoftware.com\/ca\/wp-json\/wp\/v2\/posts"}],"about":[{"href":"https:\/\/tucomarca.whitekongsoftware.com\/ca\/wp-json\/wp\/v2\/types\/post"}],"author":[{"embeddable":true,"href":"https:\/\/tucomarca.whitekongsoftware.com\/ca\/wp-json\/wp\/v2\/users\/1"}],"replies":[{"embeddable":true,"href":"https:\/\/tucomarca.whitekongsoftware.com\/ca\/wp-json\/wp\/v2\/comments?post=103689"}],"version-history":[{"count":0,"href":"https:\/\/tucomarca.whitekongsoftware.com\/ca\/wp-json\/wp\/v2\/posts\/103689\/revisions"}],"wp:featuredmedia":[{"embeddable":true,"href":"https:\/\/tucomarca.whitekongsoftware.com\/ca\/wp-json\/wp\/v2\/media\/103668"}],"wp:attachment":[{"href":"https:\/\/tucomarca.whitekongsoftware.com\/ca\/wp-json\/wp\/v2\/media?parent=103689"}],"wp:term":[{"taxonomy":"category","embeddable":true,"href":"https:\/\/tucomarca.whitekongsoftware.com\/ca\/wp-json\/wp\/v2\/categories?post=103689"},{"taxonomy":"post_tag","embeddable":true,"href":"https:\/\/tucomarca.whitekongsoftware.com\/ca\/wp-json\/wp\/v2\/tags?post=103689"}],"curies":[{"name":"wp","href":"https:\/\/api.w.org\/{rel}","templated":true}]}}