{"id":103651,"date":"2020-04-16T11:01:59","date_gmt":"2020-04-16T09:01:59","guid":{"rendered":"http:\/\/www.tucomarca.com\/wordpress\/segunda\/?p=103651"},"modified":"2020-04-16T11:02:00","modified_gmt":"2020-04-16T09:02:00","slug":"larnau-de-vilanova-crega-un-programa-de-rehabilitacio-especific-per-a-pacients-ingressats-de-covid-19","status":"publish","type":"post","link":"https:\/\/tucomarca.whitekongsoftware.com\/ca\/larnau-de-vilanova-crega-un-programa-de-rehabilitacio-especific-per-a-pacients-ingressats-de-covid-19\/","title":{"rendered":"L&#8217;Arnau de Vilanova crega un programa de rehabilitaci\u00f3 espec\u00edfic per a pacients ingressats de Covid-19"},"content":{"rendered":"\n<p class=\"wp-block-paragraph\"><strong>El v\u00eddeo s&#8217;emet per les televisions de les habitacions evitant riscos als professionals<\/strong><\/p>\n\n\n\n<p class=\"wp-block-paragraph\">El Servici de Medicina F\u00edsica i Rehabilitaci\u00f3 del Departament Arnau de Vilanova-Lliria ha elaborat una s\u00e8rie de recomanacions sobre la import\u00e0ncia de la mobilitzaci\u00f3 en els pacients ingressats per Covid-19, aix\u00ed com unes taules d&#8217;exercicis de rehabilitaci\u00f3 per als pacients hospitalitzats.<\/p>\n\n\n\n<p class=\"wp-block-paragraph\">Assegurar la recuperaci\u00f3 de la funcionalitat durant la seua estada en l&#8217;hospital \u00e9s un dels objectius de les cures f\u00edsiques que proposa el Servici de Medicina F\u00edsica i Rehabilitaci\u00f3 per als pacients Covid-19 ingressats en els centres hospitalaris del departament. La mitjana de temps d&#8217;ingr\u00e9s hospitalari \u00e9s de 15 dies, la qual cosa provoca debilitat muscular.<\/p>\n\n\n\n<p class=\"wp-block-paragraph\">Estos consells s&#8217;han gravat en un v\u00eddeo que es visualitza en les televisions de les habitacions dels pacients ingressats, perqu\u00e8 puguen realitzar els exercicis. Els missatges se centren en la import\u00e0ncia de realitzar moviments de les diferents parts del cos tres vegades al dia, aix\u00ed com canvis posturals cada 2-3 hores de la persona enllitada si el seu estat ho permet.<\/p>\n\n\n\n<p class=\"wp-block-paragraph\">Els exercicis estan estructurats en dos blocs: una s\u00e8rie d&#8217;activitats per a realitzar des del llit, una altra secci\u00f3 es pot realitzar des de la cadira, incloent exercicis explicatius per a al\u00e7ar-se del llit o de la cadira de manera correcta.<\/p>\n\n\n\n<p class=\"wp-block-paragraph\">Les imatges estan recolzades per les explicacions del metge rehabilitador Javier Ballester, que mostra les q\u00fcestions a tindre en compte a l&#8217;hora de realitzar estos exercicis. Entre els pr\u00e0ctiques propostes apareixen els que es poden realitzar des del llit, com elevar els bra\u00e7os fins a posar-los rectes i tancar les mans; o un altre en qu\u00e8 el pacient es troba tombat boca per amunt o de costat, mantenint una de les seues cames estirada per a tornar a la posici\u00f3 inicial.<\/p>\n\n\n\n<p class=\"wp-block-paragraph\">Tamb\u00e9 figuren activitats per a realitzar estant en la cadira, si el facultatiu se&#8217;l permet i el pacient t\u00e9 capacitat, exercita la for\u00e7a tractant elevar el seu cos mentres s&#8217;agafa al reposabra\u00e7os, estirant els colzes i al\u00e7ant-se, posant-se de peu per a tornar a assentar-se sense deixar-se caure.<\/p>\n\n\n\n<p class=\"wp-block-paragraph\">Des del Servici de Rehabilitaci\u00f3 asseguren que les persones que patixen el Covid-19 patixen un gran deteriorament funcional amb dolor muscular, ast\u00e8nia, entre altres s\u00edmptomes, per la qual cosa estos exercicis resulten molt beneficiosos en el proc\u00e9s de millora del pacient i volta a la vida quotidiana.<br><\/p>\n","protected":false},"excerpt":{"rendered":"<div class=\"mh-excerpt\">El v\u00eddeo s&#8217;emet per les televisions de les habitacions evitant riscos als professionals El Servici de Medicina F\u00edsica i Rehabilitaci\u00f3 del Departament Arnau de Vilanova-Lliria ha elaborat una s\u00e8rie de recomanacions sobre la import\u00e0ncia de <a class=\"mh-excerpt-more\" href=\"https:\/\/tucomarca.whitekongsoftware.com\/ca\/larnau-de-vilanova-crega-un-programa-de-rehabilitacio-especific-per-a-pacients-ingressats-de-covid-19\/\" title=\"L&#8217;Arnau de Vilanova crega un programa de rehabilitaci\u00f3 espec\u00edfic per a pacients ingressats de Covid-19\">[+] <\/a><\/div>\n","protected":false},"author":12,"featured_media":103650,"comment_status":"open","ping_status":"open","sticky":false,"template":"","format":"standard","meta":{"footnotes":""},"categories":[10892,11010,10898,10948,10894,10904,10928,10896,10897],"tags":[11937,11938,11951,11998],"class_list":["post-103651","post","type-post","status-publish","format-standard","has-post-thumbnail","category-camp-de-turia-ca","category-canal-salud","category-ventana-ca","category-infraestructuras-ca","category-la-comarca-ca","category-sin-categorizar-ca","category-lliria-ca","category-seccion-ca","category-sucesos-la-comarca-ca","tag-coronavirus","tag-covid-19","tag-covid2019","tag-hospital-arnau-de-vilanova"],"_links":{"self":[{"href":"https:\/\/tucomarca.whitekongsoftware.com\/ca\/wp-json\/wp\/v2\/posts\/103651","targetHints":{"allow":["GET"]}}],"collection":[{"href":"https:\/\/tucomarca.whitekongsoftware.com\/ca\/wp-json\/wp\/v2\/posts"}],"about":[{"href":"https:\/\/tucomarca.whitekongsoftware.com\/ca\/wp-json\/wp\/v2\/types\/post"}],"author":[{"embeddable":true,"href":"https:\/\/tucomarca.whitekongsoftware.com\/ca\/wp-json\/wp\/v2\/users\/12"}],"replies":[{"embeddable":true,"href":"https:\/\/tucomarca.whitekongsoftware.com\/ca\/wp-json\/wp\/v2\/comments?post=103651"}],"version-history":[{"count":0,"href":"https:\/\/tucomarca.whitekongsoftware.com\/ca\/wp-json\/wp\/v2\/posts\/103651\/revisions"}],"wp:featuredmedia":[{"embeddable":true,"href":"https:\/\/tucomarca.whitekongsoftware.com\/ca\/wp-json\/wp\/v2\/media\/103650"}],"wp:attachment":[{"href":"https:\/\/tucomarca.whitekongsoftware.com\/ca\/wp-json\/wp\/v2\/media?parent=103651"}],"wp:term":[{"taxonomy":"category","embeddable":true,"href":"https:\/\/tucomarca.whitekongsoftware.com\/ca\/wp-json\/wp\/v2\/categories?post=103651"},{"taxonomy":"post_tag","embeddable":true,"href":"https:\/\/tucomarca.whitekongsoftware.com\/ca\/wp-json\/wp\/v2\/tags?post=103651"}],"curies":[{"name":"wp","href":"https:\/\/api.w.org\/{rel}","templated":true}]}}