{"id":103637,"date":"2020-04-15T20:27:48","date_gmt":"2020-04-15T18:27:48","guid":{"rendered":"http:\/\/www.tucomarca.com\/wordpress\/segunda\/?p=103637"},"modified":"2020-04-15T20:29:53","modified_gmt":"2020-04-15T18:29:53","slug":"video-celebracio-a-carrec-de-la-sm-la-artistica-de-xiva-de-la-mananica-de-pasqua-des-dels-balcons-la-localitat","status":"publish","type":"post","link":"https:\/\/tucomarca.whitekongsoftware.com\/ca\/video-celebracio-a-carrec-de-la-sm-la-artistica-de-xiva-de-la-mananica-de-pasqua-des-dels-balcons-la-localitat\/","title":{"rendered":"V\u00eddeo: celebraci\u00f3 a c\u00e0rrec de la SM &#8220;La Art\u00edstica&#8221; de Xiva de la &#8220;Ma\u00f1anica&#8221; de Pasqua des dels balcons la localitat"},"content":{"rendered":"\n<p class=\"wp-block-paragraph\">V\u00eddeo elaborat per la Societat Musical &#8220;L&#8217;Art\u00edstica&#8221; de Xiva de la celebraci\u00f3 de la &#8220;Ma\u00f1anica&#8221; de Pasqua des dels balcons de la localitat i que la pand\u00e8mia per coronavirus no ha perm\u00e8s realitzar amb normalitat.<\/p>\n\n\n\n<figure class=\"wp-block-embed-youtube wp-block-embed is-type-video is-provider-youtube wp-embed-aspect-4-3 wp-has-aspect-ratio\"><div class=\"wp-block-embed__wrapper\">\n<iframe loading=\"lazy\" title=\"Celebraci\u00f3n de la &quot;Ma\u00f1anica&quot; de Pascua desde los balcones en Chiva\" width=\"500\" height=\"375\" src=\"https:\/\/www.youtube.com\/embed\/Fc7uc3AW3Bc?feature=oembed\" frameborder=\"0\" allow=\"accelerometer; autoplay; clipboard-write; encrypted-media; gyroscope; picture-in-picture; web-share\" referrerpolicy=\"strict-origin-when-cross-origin\" allowfullscreen><\/iframe>\n<\/div><\/figure>\n","protected":false},"excerpt":{"rendered":"<div class=\"mh-excerpt\">V\u00eddeo elaborat per la Societat Musical &#8220;L&#8217;Art\u00edstica&#8221; de Xiva de la celebraci\u00f3 de la &#8220;Ma\u00f1anica&#8221; de Pasqua des dels balcons de la localitat i que la pand\u00e8mia per coronavirus no ha perm\u00e8s realitzar amb normalitat.<\/div>\n","protected":false},"author":1,"featured_media":103635,"comment_status":"open","ping_status":"open","sticky":false,"template":"","format":"video","meta":{"footnotes":""},"categories":[11005,11010,10948,10894,10912,11004,11007,11008,10896,10897,11062,10975],"tags":[11939,11940,11952,11108],"class_list":["post-103637","post","type-post","status-publish","format-video","has-post-thumbnail","category-canal-musica","category-canal-salud","category-infraestructuras-ca","category-la-comarca-ca","category-la-hoya-ca","category-la-semana-en-imagenes-ca","category-ocio-y-cultura-ca","category-pueblos-en-fiestas-ca","category-seccion-ca","category-sucesos-la-comarca-ca","category-videos","category-chiva-ca","tag-coronavirus-ca","tag-covid-19-ca","tag-covid2019-ca","tag-la-foia-de-bunyol-xiva","post_format-post-format-video"],"_links":{"self":[{"href":"https:\/\/tucomarca.whitekongsoftware.com\/ca\/wp-json\/wp\/v2\/posts\/103637","targetHints":{"allow":["GET"]}}],"collection":[{"href":"https:\/\/tucomarca.whitekongsoftware.com\/ca\/wp-json\/wp\/v2\/posts"}],"about":[{"href":"https:\/\/tucomarca.whitekongsoftware.com\/ca\/wp-json\/wp\/v2\/types\/post"}],"author":[{"embeddable":true,"href":"https:\/\/tucomarca.whitekongsoftware.com\/ca\/wp-json\/wp\/v2\/users\/1"}],"replies":[{"embeddable":true,"href":"https:\/\/tucomarca.whitekongsoftware.com\/ca\/wp-json\/wp\/v2\/comments?post=103637"}],"version-history":[{"count":0,"href":"https:\/\/tucomarca.whitekongsoftware.com\/ca\/wp-json\/wp\/v2\/posts\/103637\/revisions"}],"wp:featuredmedia":[{"embeddable":true,"href":"https:\/\/tucomarca.whitekongsoftware.com\/ca\/wp-json\/wp\/v2\/media\/103635"}],"wp:attachment":[{"href":"https:\/\/tucomarca.whitekongsoftware.com\/ca\/wp-json\/wp\/v2\/media?parent=103637"}],"wp:term":[{"taxonomy":"category","embeddable":true,"href":"https:\/\/tucomarca.whitekongsoftware.com\/ca\/wp-json\/wp\/v2\/categories?post=103637"},{"taxonomy":"post_tag","embeddable":true,"href":"https:\/\/tucomarca.whitekongsoftware.com\/ca\/wp-json\/wp\/v2\/tags?post=103637"}],"curies":[{"name":"wp","href":"https:\/\/api.w.org\/{rel}","templated":true}]}}