{"id":103267,"date":"2020-04-13T02:36:24","date_gmt":"2020-04-13T00:36:24","guid":{"rendered":"http:\/\/www.tucomarca.com\/wordpress\/segunda\/?p=103267"},"modified":"2020-06-01T19:50:42","modified_gmt":"2020-06-01T17:50:42","slug":"video-rememora-la-trobada-de-la-mananica-de-pasqua-de-bunyol","status":"publish","type":"post","link":"https:\/\/tucomarca.whitekongsoftware.com\/ca\/video-rememora-la-trobada-de-la-mananica-de-pasqua-de-bunyol\/","title":{"rendered":"V\u00eddeo: rememora la trobada de la &#8220;ma\u00f1anica&#8221; de Pasqua de Bunyol"},"content":{"rendered":"\n<p class=\"wp-block-paragraph\">En una at\u00edpica Setmana Santa en la qual la pand\u00e8mia per coronavirus no ha perm\u00e8s cap tipus de celebraci\u00f3, pots rememorar la Trobada de Resurrecci\u00f3 de la &#8220;ma\u00f1anica&#8221; de Pasqua a Bunyol, gr\u00e0cies a aquest v\u00eddeo elaborat per <strong>tucomarca televisi\u00f3<\/strong>.<\/p>\n\n\n\n<figure class=\"wp-block-embed-youtube wp-block-embed is-type-video is-provider-youtube wp-embed-aspect-16-9 wp-has-aspect-ratio\"><div class=\"wp-block-embed__wrapper\">\n<iframe loading=\"lazy\" title=\"Encuentro de Resurrecci\u00f3n de la &quot;ma\u00f1anica&quot; de Pascua en Bu\u00f1ol\" width=\"500\" height=\"281\" src=\"https:\/\/www.youtube.com\/embed\/bM852LKr4F4?feature=oembed\" frameborder=\"0\" allow=\"accelerometer; autoplay; clipboard-write; encrypted-media; gyroscope; picture-in-picture; web-share\" referrerpolicy=\"strict-origin-when-cross-origin\" allowfullscreen><\/iframe>\n<\/div><\/figure>\n","protected":false},"excerpt":{"rendered":"<div class=\"mh-excerpt\">En una at\u00edpica Setmana Santa en la qual la pand\u00e8mia per coronavirus no ha perm\u00e8s cap tipus de celebraci\u00f3, pots rememorar la Trobada de Resurrecci\u00f3 de la &#8220;ma\u00f1anica&#8221; de Pasqua a Bunyol, gr\u00e0cies a aquest <a class=\"mh-excerpt-more\" href=\"https:\/\/tucomarca.whitekongsoftware.com\/ca\/video-rememora-la-trobada-de-la-mananica-de-pasqua-de-bunyol\/\" title=\"V\u00eddeo: rememora la trobada de la &#8220;ma\u00f1anica&#8221; de Pasqua de Bunyol\">[+] <\/a><\/div>\n","protected":false},"author":1,"featured_media":103265,"comment_status":"open","ping_status":"open","sticky":false,"template":"","format":"video","meta":{"footnotes":""},"categories":[10911,11010,10898,10894,10912,11004,11008,10896,10897,11062],"tags":[10385,11937,11955,11951,783],"class_list":["post-103267","post","type-post","status-publish","format-video","has-post-thumbnail","category-bunol-ca","category-canal-salud","category-ventana-ca","category-la-comarca-ca","category-la-hoya-ca","category-la-semana-en-imagenes-ca","category-pueblos-en-fiestas-ca","category-seccion-ca","category-sucesos-la-comarca-ca","category-videos","tag-bunol","tag-coronavirus","tag-covid19","tag-covid2019","tag-semana-santa","post_format-post-format-video"],"_links":{"self":[{"href":"https:\/\/tucomarca.whitekongsoftware.com\/ca\/wp-json\/wp\/v2\/posts\/103267","targetHints":{"allow":["GET"]}}],"collection":[{"href":"https:\/\/tucomarca.whitekongsoftware.com\/ca\/wp-json\/wp\/v2\/posts"}],"about":[{"href":"https:\/\/tucomarca.whitekongsoftware.com\/ca\/wp-json\/wp\/v2\/types\/post"}],"author":[{"embeddable":true,"href":"https:\/\/tucomarca.whitekongsoftware.com\/ca\/wp-json\/wp\/v2\/users\/1"}],"replies":[{"embeddable":true,"href":"https:\/\/tucomarca.whitekongsoftware.com\/ca\/wp-json\/wp\/v2\/comments?post=103267"}],"version-history":[{"count":0,"href":"https:\/\/tucomarca.whitekongsoftware.com\/ca\/wp-json\/wp\/v2\/posts\/103267\/revisions"}],"wp:featuredmedia":[{"embeddable":true,"href":"https:\/\/tucomarca.whitekongsoftware.com\/ca\/wp-json\/wp\/v2\/media\/103265"}],"wp:attachment":[{"href":"https:\/\/tucomarca.whitekongsoftware.com\/ca\/wp-json\/wp\/v2\/media?parent=103267"}],"wp:term":[{"taxonomy":"category","embeddable":true,"href":"https:\/\/tucomarca.whitekongsoftware.com\/ca\/wp-json\/wp\/v2\/categories?post=103267"},{"taxonomy":"post_tag","embeddable":true,"href":"https:\/\/tucomarca.whitekongsoftware.com\/ca\/wp-json\/wp\/v2\/tags?post=103267"}],"curies":[{"name":"wp","href":"https:\/\/api.w.org\/{rel}","templated":true}]}}