{"id":103040,"date":"2020-04-10T10:00:41","date_gmt":"2020-04-10T08:00:41","guid":{"rendered":"http:\/\/www.tucomarca.com\/wordpress\/segunda\/?p=103040"},"modified":"2020-04-11T13:51:49","modified_gmt":"2020-04-11T11:51:49","slug":"lajuntament-llanca-un-video-amb-la-interpretacio-del-himne-a-bunyol-pels-musics-de-les-seues-societats-des-dels-seus-balcons-finestres-i-terrasses","status":"publish","type":"post","link":"https:\/\/tucomarca.whitekongsoftware.com\/ca\/lajuntament-llanca-un-video-amb-la-interpretacio-del-himne-a-bunyol-pels-musics-de-les-seues-societats-des-dels-seus-balcons-finestres-i-terrasses\/","title":{"rendered":"L&#8217;Ajuntament llan\u00e7a un v\u00eddeo amb la interpretaci\u00f3 del &#8216;Himne a Bunyol&#8217; pels m\u00fasics de les seues societats des dels seus balcons, finestres i terrasses"},"content":{"rendered":"\n<p class=\"wp-block-paragraph\"><strong>Juan Luis Pall\u00e1s, regidor de Cultura bunyolense, transmet un ampli agra\u00efment a tots els m\u00fasics i ve\u00efns que van col\u00b7laborar, a les dos societats musicals per transmetre fidelment tota la informaci\u00f3 als seus m\u00fasics i a tots els treballadors que lluiten dia a dia per eradicar este virus, &#8220;sin oblidar-nos dels nostres majors; per a ells, per a tots llancem este sentit v\u00eddeo de l&#8217;Himne a Bunyol tocat i cantat pels nostres m\u00fasics, pels nostres vecinos&#8221;<\/strong><\/p>\n\n\n\n<p class=\"wp-block-paragraph\">La Regidoria de Cultura de l&#8217;Ajuntament de Bunyol ha volgut llan\u00e7ar un agra\u00efment molt especial a tots els m\u00fasics i m\u00fasiques, a les dos societats musicals, als seus presidents i presidentes de banda, i a tots els ve\u00efns en general que van eixir a cantar i tocar l&#8217;Himne a Bu\u00f1ol diumenge passat 5 d&#8217;abril en homenatge a tots els que estan treballant per la lluita contra el COVID-19 i a tots els nostres majors, que s\u00f3n els m\u00e9s afectats per esta epid\u00e8mia.<\/p>\n\n\n\n<p class=\"wp-block-paragraph\">Aix\u00ed ho ha volgut manifestar Juan Luis Pall\u00e1s, regidor de Cultura del Consistori bu\u00f1olense, que s&#8217;ha mostrat especialment agra\u00eft a Onda Films, que ha produ\u00eft el v\u00eddeo de l&#8217;Himne de Bu\u00f1ol amb alguns dels molts m\u00fasics que van eixir als seus balcons, finestres o terrasses diumenge passat a les 12h per a manifestar que Bu\u00f1ol \u00e9s m\u00fasica i que estem units davant de l&#8217;adversitat.<\/p>\n\n\n\n<p class=\"wp-block-paragraph\">&#8220;Ha quedat un v\u00eddeo francament preci\u00f3s, que reflectix fidelment l&#8217;inter\u00e9s que des de molt xicotets tots els nostres m\u00fasics d&#8217;ambd\u00f3s societats musicals han mostrat per la m\u00fasica, i que alguns d&#8217;ells a pesar d&#8217;estar fora tamb\u00e9 van eixir a tocar el nostre himne per a unir-nos m\u00e9s que mai, per a agrair la important labor de tots i per a no oblidar-nos dels nostres majors, que estan patint m\u00e9s que ning\u00fa esta enfermedad&#8221;, va destacar l&#8217;edil del ram.<\/p>\n\n\n\n<p class=\"wp-block-paragraph\">Pall\u00e1s vol transmetre a tots els m\u00fasics de Bunyol les ganes que tots tenim de veure tocar Al Palau de la M\u00fasica, en el Teatre Montecarlo, i en l&#8217;Auditori de Sant Llu\u00eds, &#8220;pero que ara toca esperar fins que tot a\u00e7\u00f2 passe, i qu\u00e8 millor manera que unir-nos amb una de les coses m\u00e9s caracter\u00edstiques del nostre poble, que m\u00e9s ens definix, la m\u00fasica, la nostra \u00e0mplia cultura de l&#8217;esfor\u00e7, del sacrifici per la m\u00fasica i prova d&#8217;aix\u00f2 \u00e9s este v\u00eddeo que llancem perqu\u00e8 tot el m\u00f3n veja el que som capa\u00e7os de fer en Bunyol&#8221;, va finalitzar el responsable de l&#8217;\u00e0rea de Cultura de l&#8217;Ajuntament de Bunyol.<\/p>\n","protected":false},"excerpt":{"rendered":"<div class=\"mh-excerpt\">Juan Luis Pall\u00e1s, regidor de Cultura bunyolense, transmet un ampli agra\u00efment a tots els m\u00fasics i ve\u00efns que van col\u00b7laborar, a les dos societats musicals per transmetre fidelment tota la informaci\u00f3 als seus m\u00fasics i <a class=\"mh-excerpt-more\" href=\"https:\/\/tucomarca.whitekongsoftware.com\/ca\/lajuntament-llanca-un-video-amb-la-interpretacio-del-himne-a-bunyol-pels-musics-de-les-seues-societats-des-dels-seus-balcons-finestres-i-terrasses\/\" title=\"L&#8217;Ajuntament llan\u00e7a un v\u00eddeo amb la interpretaci\u00f3 del &#8216;Himne a Bunyol&#8217; pels m\u00fasics de les seues societats des dels seus balcons, finestres i terrasses\">[+] <\/a><\/div>\n","protected":false},"author":12,"featured_media":103130,"comment_status":"open","ping_status":"open","sticky":false,"template":"","format":"video","meta":{"footnotes":""},"categories":[10911,11005,11010,10948,10894,10912,11007,10947,10896,10897,11062],"tags":[10385,10913,11939,11937,11938,11940,11951,11952,11961,11962,10914,5952],"class_list":["post-103040","post","type-post","status-publish","format-video","has-post-thumbnail","category-bunol-ca","category-canal-musica","category-canal-salud","category-infraestructuras-ca","category-la-comarca-ca","category-la-hoya-ca","category-ocio-y-cultura-ca","category-politica","category-seccion-ca","category-sucesos-la-comarca-ca","category-videos","tag-bunol","tag-bunol-ca","tag-coronavirus-ca","tag-coronavirus","tag-covid-19","tag-covid-19-ca","tag-covid2019","tag-covid2019-ca","tag-himno-a-bunol","tag-himno-a-bunol-ca","tag-la-hoya-de-bunol-chiva-ca","tag-la-hoya-de-bunol-chiva","post_format-post-format-video"],"_links":{"self":[{"href":"https:\/\/tucomarca.whitekongsoftware.com\/ca\/wp-json\/wp\/v2\/posts\/103040","targetHints":{"allow":["GET"]}}],"collection":[{"href":"https:\/\/tucomarca.whitekongsoftware.com\/ca\/wp-json\/wp\/v2\/posts"}],"about":[{"href":"https:\/\/tucomarca.whitekongsoftware.com\/ca\/wp-json\/wp\/v2\/types\/post"}],"author":[{"embeddable":true,"href":"https:\/\/tucomarca.whitekongsoftware.com\/ca\/wp-json\/wp\/v2\/users\/12"}],"replies":[{"embeddable":true,"href":"https:\/\/tucomarca.whitekongsoftware.com\/ca\/wp-json\/wp\/v2\/comments?post=103040"}],"version-history":[{"count":0,"href":"https:\/\/tucomarca.whitekongsoftware.com\/ca\/wp-json\/wp\/v2\/posts\/103040\/revisions"}],"wp:featuredmedia":[{"embeddable":true,"href":"https:\/\/tucomarca.whitekongsoftware.com\/ca\/wp-json\/wp\/v2\/media\/103130"}],"wp:attachment":[{"href":"https:\/\/tucomarca.whitekongsoftware.com\/ca\/wp-json\/wp\/v2\/media?parent=103040"}],"wp:term":[{"taxonomy":"category","embeddable":true,"href":"https:\/\/tucomarca.whitekongsoftware.com\/ca\/wp-json\/wp\/v2\/categories?post=103040"},{"taxonomy":"post_tag","embeddable":true,"href":"https:\/\/tucomarca.whitekongsoftware.com\/ca\/wp-json\/wp\/v2\/tags?post=103040"}],"curies":[{"name":"wp","href":"https:\/\/api.w.org\/{rel}","templated":true}]}}