{"id":103020,"date":"2020-04-09T12:07:40","date_gmt":"2020-04-09T10:07:40","guid":{"rendered":"http:\/\/www.tucomarca.com\/wordpress\/segunda\/?p=103020"},"modified":"2020-04-10T11:09:05","modified_gmt":"2020-04-10T09:09:05","slug":"sanitat-confirma-428-noves-altes-i-309-nous-casos-de-coronavirus-a-la-comunitat-valenciana","status":"publish","type":"post","link":"https:\/\/tucomarca.whitekongsoftware.com\/ca\/sanitat-confirma-428-noves-altes-i-309-nous-casos-de-coronavirus-a-la-comunitat-valenciana\/","title":{"rendered":"Sanitat confirma 428 noves altes i 309 nous casos de coronavirus a la Comunitat Valenciana"},"content":{"rendered":"\n<p class=\"wp-block-paragraph\">La consellera de Sanitat Universal i Salut P\u00fablica, Ana Barcel\u00f3, ha comparegut aquest dijous per actualitzar la informaci\u00f3 sobre la incid\u00e8ncia de l&#8217;coronavirus a la Comunitat Valenciana. Barcel\u00f3 ha destacat que s&#8217;han donat en total 1.772 altes (428 des de l&#8217;actualitzaci\u00f3 d&#8217;aquest dimecres): 194 a la prov\u00edncia de Castell\u00f3, 632 a la d&#8217;Alacant i 946 a la prov\u00edncia de Val\u00e8ncia.<\/p>\n\n\n\n<p class=\"wp-block-paragraph\">A m\u00e9s, s&#8217;han detectat 309 nous casos positius, que eleven a 7.964 el total de casos positius, dels quals 1.616 es troben ingressats a l&#8217;hospital i 348 d&#8217;ells a l&#8217;UCI.<\/p>\n\n\n\n<p class=\"wp-block-paragraph\">Dels 309 nous casos positius, 22 es troben a la prov\u00edncia de Castell\u00f3, 47 a la d&#8217;Alacant i 238 a la de Val\u00e8ncia. A m\u00e9s, hi ha 2 sense assignar encara.<\/p>\n\n\n\n<p class=\"wp-block-paragraph\">Per prov\u00edncies, el nombre total de casos positius \u00e9s de 921 a la prov\u00edncia de Castell\u00f3 (219 hospitalitzats, 41 d&#8217;ells a l&#8217;UCI), 2.850 a la prov\u00edncia d&#8217;Alacant (487 hospitalitzats i 131 d&#8217;ells a l&#8217;UCI), i 4.188 en la prov\u00edncia de Val\u00e8ncia (910 hospitalitzats i 176 d&#8217;ells a l&#8217;UCI). A m\u00e9s, hi ha 5 casos que no s&#8217;han assignat encara.<\/p>\n\n\n\n<p class=\"wp-block-paragraph\">El nombre de professionals de la Sanitat que han donat positiu en total \u00e9s de 1.377 (172 a la prov\u00edncia de Castell\u00f3, 566 a la d&#8217;Alacant i 639 a la prov\u00edncia de Val\u00e8ncia). De tots ells, han rebut ja l&#8217;alta 242 persones.<\/p>\n\n\n\n<p class=\"wp-block-paragraph\">Fins a l&#8217;actualitat, s&#8217;ha produ\u00eft un total de 767 morts a la Comunitat Valenciana: 96 a la prov\u00edncia de Castell\u00f3, 310 a la Alacant i 361 a la de Val\u00e8ncia.<\/p>\n\n\n\n<p class=\"wp-block-paragraph\">Les proves que han donat un resultat negatiu fins al moment s\u00f3n 25.214.<\/p>\n\n\n\n<p class=\"wp-block-paragraph\">Fins al moment, 2.325 professionals de la Sanitat s&#8217;han inscrit a la borsa de treball habilitada per la Conselleria de Sanitat perqu\u00e8 personal m\u00e8dic i d&#8217;Infermeria jubilat amb edats fins als 70 anys i personal facultatiu que encara no t\u00e9 especialitat puguin ajudar a combatre el coronavirus.<\/p>\n\n\n\n<p class=\"wp-block-paragraph\">\u00b7 Personal m\u00e8dic jubilat amb menys de 70 anys: 104<\/p>\n\n\n\n<p class=\"wp-block-paragraph\">\u00b7 Persones graduades en Medicina sense especialitat: 1.025<\/p>\n\n\n\n<p class=\"wp-block-paragraph\">\u00b7 Persones graduades en Infermeria: 1.142<\/p>\n\n\n\n<p class=\"wp-block-paragraph\">\u00b7 Personal d&#8217;Infermeria jubilat amb menys de 70 anys: 54<\/p>\n\n\n\n<p class=\"wp-block-paragraph\">Actualitzaci\u00f3 de la situaci\u00f3 en resid\u00e8ncies<\/p>\n\n\n\n<p class=\"wp-block-paragraph\">La consellera ha actualitzat tamb\u00e9 la situaci\u00f3 de les resid\u00e8ncies de la Comunitat Valenciana. En aquests moments hi ha casos positius en 89 centres (13 a la prov\u00edncia de Castell\u00f3, 23 a la d&#8217;Alacant i 63 a la prov\u00edncia de Val\u00e8ncia).<\/p>\n\n\n\n<p class=\"wp-block-paragraph\">Barcel\u00f3 ha explicat que el nombre \u00e9s inferior a el de dies anteriors perqu\u00e8 hi ha algunes resid\u00e8ncies en qu\u00e8 ja no hi ha cap cas actiu de coronavirus i deixen, per tant, de comptabilitzar-se com resid\u00e8ncies afectades per coronavirus.<\/p>\n\n\n\n<p class=\"wp-block-paragraph\">\u00b7 Residents que han donat positiu: 976<\/p>\n\n\n\n<p class=\"wp-block-paragraph\">\u00b7 Personal treballador que ha donat positiu: 239<\/p>\n\n\n\n<p class=\"wp-block-paragraph\">\u00b7 Residents que han mort: 233<\/p>\n\n\n\n<p class=\"wp-block-paragraph\">A hores d&#8217;ara, es troben sota vigil\u00e0ncia activa de control sanitari 13 resid\u00e8ncies a la Comunitat Valenciana: 4 a la prov\u00edncia de Castell\u00f3, 5 a la d&#8217;Alacant i 4 a la prov\u00edncia de Val\u00e8ncia.<\/p>\n\n\n\n<p class=\"wp-block-paragraph\">Tota la informaci\u00f3 actualitzada:\u00a0<a rel=\"noreferrer noopener\" href=\"http:\/\/coronavirus.san.gva.es\/ca\/inicio\" target=\"_blank\">consultar aqu\u00ed<\/a><\/p>\n","protected":false},"excerpt":{"rendered":"<div class=\"mh-excerpt\">La consellera de Sanitat Universal i Salut P\u00fablica, Ana Barcel\u00f3, ha comparegut aquest dijous per actualitzar la informaci\u00f3 sobre la incid\u00e8ncia de l&#8217;coronavirus a la Comunitat Valenciana. Barcel\u00f3 ha destacat que s&#8217;han donat en total <a class=\"mh-excerpt-more\" href=\"https:\/\/tucomarca.whitekongsoftware.com\/ca\/sanitat-confirma-428-noves-altes-i-309-nous-casos-de-coronavirus-a-la-comunitat-valenciana\/\" title=\"Sanitat confirma 428 noves altes i 309 nous casos de coronavirus a la Comunitat Valenciana\">[+] <\/a><\/div>\n","protected":false},"author":1,"featured_media":101879,"comment_status":"open","ping_status":"open","sticky":false,"template":"","format":"standard","meta":{"footnotes":""},"categories":[11010,10898,10948,10894,10904,10903,10947,10897],"tags":[11939,11937,11940,11938,11952,11951],"class_list":["post-103020","post","type-post","status-publish","format-standard","has-post-thumbnail","category-canal-salud","category-ventana-ca","category-infraestructuras-ca","category-la-comarca-ca","category-sin-categorizar-ca","category-medio-ambiente-la-comarca-ca","category-politica","category-sucesos-la-comarca-ca","tag-coronavirus-ca","tag-coronavirus","tag-covid-19-ca","tag-covid-19","tag-covid2019-ca","tag-covid2019"],"_links":{"self":[{"href":"https:\/\/tucomarca.whitekongsoftware.com\/ca\/wp-json\/wp\/v2\/posts\/103020","targetHints":{"allow":["GET"]}}],"collection":[{"href":"https:\/\/tucomarca.whitekongsoftware.com\/ca\/wp-json\/wp\/v2\/posts"}],"about":[{"href":"https:\/\/tucomarca.whitekongsoftware.com\/ca\/wp-json\/wp\/v2\/types\/post"}],"author":[{"embeddable":true,"href":"https:\/\/tucomarca.whitekongsoftware.com\/ca\/wp-json\/wp\/v2\/users\/1"}],"replies":[{"embeddable":true,"href":"https:\/\/tucomarca.whitekongsoftware.com\/ca\/wp-json\/wp\/v2\/comments?post=103020"}],"version-history":[{"count":0,"href":"https:\/\/tucomarca.whitekongsoftware.com\/ca\/wp-json\/wp\/v2\/posts\/103020\/revisions"}],"wp:featuredmedia":[{"embeddable":true,"href":"https:\/\/tucomarca.whitekongsoftware.com\/ca\/wp-json\/wp\/v2\/media\/101879"}],"wp:attachment":[{"href":"https:\/\/tucomarca.whitekongsoftware.com\/ca\/wp-json\/wp\/v2\/media?parent=103020"}],"wp:term":[{"taxonomy":"category","embeddable":true,"href":"https:\/\/tucomarca.whitekongsoftware.com\/ca\/wp-json\/wp\/v2\/categories?post=103020"},{"taxonomy":"post_tag","embeddable":true,"href":"https:\/\/tucomarca.whitekongsoftware.com\/ca\/wp-json\/wp\/v2\/tags?post=103020"}],"curies":[{"name":"wp","href":"https:\/\/api.w.org\/{rel}","templated":true}]}}