{"id":102906,"date":"2020-04-09T11:11:20","date_gmt":"2020-04-09T09:11:20","guid":{"rendered":"http:\/\/www.tucomarca.com\/wordpress\/segunda\/?p=102906"},"modified":"2020-04-09T11:11:42","modified_gmt":"2020-04-09T09:11:42","slug":"el-centre-de-salut-de-cortes-de-pallas-pot-realitzar-test-de-diagnostics-del-coronavirus-gracies-a-lajuntament","status":"publish","type":"post","link":"https:\/\/tucomarca.whitekongsoftware.com\/ca\/el-centre-de-salut-de-cortes-de-pallas-pot-realitzar-test-de-diagnostics-del-coronavirus-gracies-a-lajuntament\/","title":{"rendered":"El centre de salut de Cortes de Pall\u00e0s pot realitzar test de diagn\u00f2stics del coronavirus gr\u00e0cies a l&#8217;Ajuntament"},"content":{"rendered":"\n<p class=\"wp-block-paragraph\">L&#8217;Ajuntament de Corts de Pall\u00e0s ha informat que ha aconseguit &#8220;cinquanta test de proves diagn\u00f2stiques r\u00e0pides del COVID19, a l&#8217;mirar-lo i sol\u00b7licitar-ho en els diferents f\u00f2rums que hi ha&#8221;, segons ha informat la tinent d&#8217;alcalde de l&#8217;Ajuntament cortes\u00e0, Rosa Robledo, que no i aix\u00f2 ha destacat que, de moment, no s&#8217;ha registrat cap cas de contagi a la localitat.<\/p>\n\n\n\n<p class=\"wp-block-paragraph\">&#8220;Aquesta partida que hem aconseguit ha estat facilitada a el Centre de Salut de la localitat perqu\u00e8 el personal sanitari pugua utilitzar-lo sota el seu criteri amb persones que ells vegin convenients&#8221;, ha afegit la responsable municipal.<\/p>\n\n\n\n<p class=\"wp-block-paragraph\">&#8220;Aix\u00ed mateix seguim intentant onseguir m\u00e9s EPIS (Equips de Protecci\u00f3 Individual) per a tota la poblaci\u00f3, com ara m\u00e0scares, bussos sol \u00fas i m\u00e9s test, entre altres elements necessaris per a combatre en condicions aquest virus&#8221;.<\/p>\n","protected":false},"excerpt":{"rendered":"<div class=\"mh-excerpt\">L&#8217;Ajuntament de Corts de Pall\u00e0s ha informat que ha aconseguit &#8220;cinquanta test de proves diagn\u00f2stiques r\u00e0pides del COVID19, a l&#8217;mirar-lo i sol\u00b7licitar-ho en els diferents f\u00f2rums que hi ha&#8221;, segons ha informat la tinent d&#8217;alcalde <a class=\"mh-excerpt-more\" href=\"https:\/\/tucomarca.whitekongsoftware.com\/ca\/el-centre-de-salut-de-cortes-de-pallas-pot-realitzar-test-de-diagnostics-del-coronavirus-gracies-a-lajuntament\/\" title=\"El centre de salut de Cortes de Pall\u00e0s pot realitzar test de diagn\u00f2stics del coronavirus gr\u00e0cies a l&#8217;Ajuntament\">[+] <\/a><\/div>\n","protected":false},"author":1,"featured_media":102903,"comment_status":"open","ping_status":"open","sticky":false,"template":"","format":"standard","meta":{"footnotes":""},"categories":[10951,11010,10953,10948,10894,10903,10947,10896,10897],"tags":[11939,11937,11230,10392,11938,11940,11951,11952],"class_list":["post-102906","post","type-post","status-publish","format-standard","has-post-thumbnail","category-ayora-cofrentes-ca","category-canal-salud","category-cortes-de-pallas-ca","category-infraestructuras-ca","category-la-comarca-ca","category-medio-ambiente-la-comarca-ca","category-politica","category-seccion-ca","category-sucesos-la-comarca-ca","tag-coronavirus-ca","tag-coronavirus","tag-cortes-de-pallas-ca","tag-cortes-de-pallas","tag-covid-19","tag-covid-19-ca","tag-covid2019","tag-covid2019-ca"],"_links":{"self":[{"href":"https:\/\/tucomarca.whitekongsoftware.com\/ca\/wp-json\/wp\/v2\/posts\/102906","targetHints":{"allow":["GET"]}}],"collection":[{"href":"https:\/\/tucomarca.whitekongsoftware.com\/ca\/wp-json\/wp\/v2\/posts"}],"about":[{"href":"https:\/\/tucomarca.whitekongsoftware.com\/ca\/wp-json\/wp\/v2\/types\/post"}],"author":[{"embeddable":true,"href":"https:\/\/tucomarca.whitekongsoftware.com\/ca\/wp-json\/wp\/v2\/users\/1"}],"replies":[{"embeddable":true,"href":"https:\/\/tucomarca.whitekongsoftware.com\/ca\/wp-json\/wp\/v2\/comments?post=102906"}],"version-history":[{"count":0,"href":"https:\/\/tucomarca.whitekongsoftware.com\/ca\/wp-json\/wp\/v2\/posts\/102906\/revisions"}],"wp:featuredmedia":[{"embeddable":true,"href":"https:\/\/tucomarca.whitekongsoftware.com\/ca\/wp-json\/wp\/v2\/media\/102903"}],"wp:attachment":[{"href":"https:\/\/tucomarca.whitekongsoftware.com\/ca\/wp-json\/wp\/v2\/media?parent=102906"}],"wp:term":[{"taxonomy":"category","embeddable":true,"href":"https:\/\/tucomarca.whitekongsoftware.com\/ca\/wp-json\/wp\/v2\/categories?post=102906"},{"taxonomy":"post_tag","embeddable":true,"href":"https:\/\/tucomarca.whitekongsoftware.com\/ca\/wp-json\/wp\/v2\/tags?post=102906"}],"curies":[{"name":"wp","href":"https:\/\/api.w.org\/{rel}","templated":true}]}}