{"id":102891,"date":"2020-04-09T10:33:53","date_gmt":"2020-04-09T08:33:53","guid":{"rendered":"http:\/\/www.tucomarca.com\/wordpress\/segunda\/?p=102891"},"modified":"2020-04-09T10:33:56","modified_gmt":"2020-04-09T08:33:56","slug":"lajuntament-de-godelleta-mante-la-recollida-daliments-solidaris-amb-la-collaboracio-dels-comercos-locals","status":"publish","type":"post","link":"https:\/\/tucomarca.whitekongsoftware.com\/ca\/lajuntament-de-godelleta-mante-la-recollida-daliments-solidaris-amb-la-collaboracio-dels-comercos-locals\/","title":{"rendered":"L&#8217;Ajuntament de Godelleta mant\u00e9 la recollida d&#8217;aliments solidaris amb la col\u00b7laboraci\u00f3 dels comer\u00e7os locals"},"content":{"rendered":"\n<p class=\"wp-block-paragraph\">La regidora de d&#8217;Urbanisme, Administraci\u00f3 General, Benestar Social i Sanitat de l&#8217;Ajuntament de Godelleta, Mar\u00eda Amparo Pardo, ha informat que la campanya de recollida d&#8217;aliments per als m\u00e9s necessitats de la localitat segueix en marxa aquests dies al municipi. A m\u00e9s, ha volgut destacar els establiments en qu\u00e8 es desenvolupa la campanya, que com ha recordat s\u00f3n &#8220;Fricarne, Charter Joan Gil, Coarval i Charter benzinera&#8221;.<\/p>\n\n\n\n<ul class=\"wp-block-gallery columns-3 is-cropped wp-block-gallery-1 is-layout-flex wp-block-gallery-is-layout-flex\"><li class=\"blocks-gallery-item\"><figure><img loading=\"lazy\" decoding=\"async\" width=\"768\" height=\"1024\" src=\"http:\/\/www.tucomarca.com\/wordpress\/segunda\/wp-content\/uploads\/2020\/04\/GodelletaAlimentosCorona4-768x1024.jpg\" alt=\"\" data-id=\"102888\" data-link=\"http:\/\/www.tucomarca.com\/wordpress\/segunda\/?attachment_id=102888\" class=\"wp-image-102888\" srcset=\"https:\/\/tucomarca.whitekongsoftware.com\/wp-content\/uploads\/2020\/04\/GodelletaAlimentosCorona4-768x1024.jpg 768w, https:\/\/tucomarca.whitekongsoftware.com\/wp-content\/uploads\/2020\/04\/GodelletaAlimentosCorona4-225x300.jpg 225w, https:\/\/tucomarca.whitekongsoftware.com\/wp-content\/uploads\/2020\/04\/GodelletaAlimentosCorona4.jpg 1536w\" sizes=\"auto, (max-width: 768px) 100vw, 768px\" \/><\/figure><\/li><li class=\"blocks-gallery-item\"><figure><img loading=\"lazy\" decoding=\"async\" width=\"768\" height=\"1024\" src=\"http:\/\/www.tucomarca.com\/wordpress\/segunda\/wp-content\/uploads\/2020\/04\/GodelletaAlimentosCorona3-768x1024.jpg\" alt=\"\" data-id=\"102886\" data-link=\"http:\/\/www.tucomarca.com\/wordpress\/segunda\/?attachment_id=102886\" class=\"wp-image-102886\" srcset=\"https:\/\/tucomarca.whitekongsoftware.com\/wp-content\/uploads\/2020\/04\/GodelletaAlimentosCorona3-768x1024.jpg 768w, https:\/\/tucomarca.whitekongsoftware.com\/wp-content\/uploads\/2020\/04\/GodelletaAlimentosCorona3-225x300.jpg 225w, https:\/\/tucomarca.whitekongsoftware.com\/wp-content\/uploads\/2020\/04\/GodelletaAlimentosCorona3.jpg 1536w\" sizes=\"auto, (max-width: 768px) 100vw, 768px\" \/><\/figure><\/li><li class=\"blocks-gallery-item\"><figure><img loading=\"lazy\" decoding=\"async\" width=\"768\" height=\"1024\" src=\"http:\/\/www.tucomarca.com\/wordpress\/segunda\/wp-content\/uploads\/2020\/04\/GodelletaAlimentosCorona2-768x1024.jpg\" alt=\"\" data-id=\"102884\" data-link=\"http:\/\/www.tucomarca.com\/wordpress\/segunda\/?attachment_id=102884\" class=\"wp-image-102884\" srcset=\"https:\/\/tucomarca.whitekongsoftware.com\/wp-content\/uploads\/2020\/04\/GodelletaAlimentosCorona2-768x1024.jpg 768w, https:\/\/tucomarca.whitekongsoftware.com\/wp-content\/uploads\/2020\/04\/GodelletaAlimentosCorona2-225x300.jpg 225w, https:\/\/tucomarca.whitekongsoftware.com\/wp-content\/uploads\/2020\/04\/GodelletaAlimentosCorona2.jpg 1536w\" sizes=\"auto, (max-width: 768px) 100vw, 768px\" \/><\/figure><\/li><li class=\"blocks-gallery-item\"><figure><img loading=\"lazy\" decoding=\"async\" width=\"1024\" height=\"768\" src=\"http:\/\/www.tucomarca.com\/wordpress\/segunda\/wp-content\/uploads\/2020\/04\/GodelletaAlimentosCorona1-1024x768.jpg\" alt=\"\" data-id=\"102882\" data-link=\"http:\/\/www.tucomarca.com\/wordpress\/segunda\/?attachment_id=102882\" class=\"wp-image-102882\" srcset=\"https:\/\/tucomarca.whitekongsoftware.com\/wp-content\/uploads\/2020\/04\/GodelletaAlimentosCorona1-1024x768.jpg 1024w, https:\/\/tucomarca.whitekongsoftware.com\/wp-content\/uploads\/2020\/04\/GodelletaAlimentosCorona1-300x225.jpg 300w, https:\/\/tucomarca.whitekongsoftware.com\/wp-content\/uploads\/2020\/04\/GodelletaAlimentosCorona1-768x576.jpg 768w, https:\/\/tucomarca.whitekongsoftware.com\/wp-content\/uploads\/2020\/04\/GodelletaAlimentosCorona1-678x509.jpg 678w, https:\/\/tucomarca.whitekongsoftware.com\/wp-content\/uploads\/2020\/04\/GodelletaAlimentosCorona1-326x245.jpg 326w, https:\/\/tucomarca.whitekongsoftware.com\/wp-content\/uploads\/2020\/04\/GodelletaAlimentosCorona1-80x60.jpg 80w, https:\/\/tucomarca.whitekongsoftware.com\/wp-content\/uploads\/2020\/04\/GodelletaAlimentosCorona1.jpg 2048w\" sizes=\"auto, (max-width: 1024px) 100vw, 1024px\" \/><\/figure><\/li><\/ul>\n","protected":false},"excerpt":{"rendered":"<div class=\"mh-excerpt\">La regidora de d&#8217;Urbanisme, Administraci\u00f3 General, Benestar Social i Sanitat de l&#8217;Ajuntament de Godelleta, Mar\u00eda Amparo Pardo, ha informat que la campanya de recollida d&#8217;aliments per als m\u00e9s necessitats de la localitat segueix en marxa <a class=\"mh-excerpt-more\" href=\"https:\/\/tucomarca.whitekongsoftware.com\/ca\/lajuntament-de-godelleta-mante-la-recollida-daliments-solidaris-amb-la-collaboracio-dels-comercos-locals\/\" title=\"L&#8217;Ajuntament de Godelleta mant\u00e9 la recollida d&#8217;aliments solidaris amb la col\u00b7laboraci\u00f3 dels comer\u00e7os locals\">[+] <\/a><\/div>\n","protected":false},"author":1,"featured_media":102883,"comment_status":"open","ping_status":"open","sticky":false,"template":"","format":"standard","meta":{"footnotes":""},"categories":[11010,10977,10948,10894,10912,10903,10947,10896,10897],"tags":[11937,11939,11940,11938,11952,11951],"class_list":["post-102891","post","type-post","status-publish","format-standard","has-post-thumbnail","category-canal-salud","category-godelleta-ca","category-infraestructuras-ca","category-la-comarca-ca","category-la-hoya-ca","category-medio-ambiente-la-comarca-ca","category-politica","category-seccion-ca","category-sucesos-la-comarca-ca","tag-coronavirus","tag-coronavirus-ca","tag-covid-19-ca","tag-covid-19","tag-covid2019-ca","tag-covid2019"],"_links":{"self":[{"href":"https:\/\/tucomarca.whitekongsoftware.com\/ca\/wp-json\/wp\/v2\/posts\/102891","targetHints":{"allow":["GET"]}}],"collection":[{"href":"https:\/\/tucomarca.whitekongsoftware.com\/ca\/wp-json\/wp\/v2\/posts"}],"about":[{"href":"https:\/\/tucomarca.whitekongsoftware.com\/ca\/wp-json\/wp\/v2\/types\/post"}],"author":[{"embeddable":true,"href":"https:\/\/tucomarca.whitekongsoftware.com\/ca\/wp-json\/wp\/v2\/users\/1"}],"replies":[{"embeddable":true,"href":"https:\/\/tucomarca.whitekongsoftware.com\/ca\/wp-json\/wp\/v2\/comments?post=102891"}],"version-history":[{"count":0,"href":"https:\/\/tucomarca.whitekongsoftware.com\/ca\/wp-json\/wp\/v2\/posts\/102891\/revisions"}],"wp:featuredmedia":[{"embeddable":true,"href":"https:\/\/tucomarca.whitekongsoftware.com\/ca\/wp-json\/wp\/v2\/media\/102883"}],"wp:attachment":[{"href":"https:\/\/tucomarca.whitekongsoftware.com\/ca\/wp-json\/wp\/v2\/media?parent=102891"}],"wp:term":[{"taxonomy":"category","embeddable":true,"href":"https:\/\/tucomarca.whitekongsoftware.com\/ca\/wp-json\/wp\/v2\/categories?post=102891"},{"taxonomy":"post_tag","embeddable":true,"href":"https:\/\/tucomarca.whitekongsoftware.com\/ca\/wp-json\/wp\/v2\/tags?post=102891"}],"curies":[{"name":"wp","href":"https:\/\/api.w.org\/{rel}","templated":true}]}}