{"id":102771,"date":"2020-04-08T21:22:46","date_gmt":"2020-04-08T19:22:46","guid":{"rendered":"http:\/\/www.tucomarca.com\/wordpress\/segunda\/?p=102771"},"modified":"2020-04-08T21:22:49","modified_gmt":"2020-04-08T19:22:49","slug":"sanitat-confirma-212-nous-casos-de-coronavirus-i-un-total-de-1-344-altes-a-la-comunitat-valenciana","status":"publish","type":"post","link":"https:\/\/tucomarca.whitekongsoftware.com\/ca\/sanitat-confirma-212-nous-casos-de-coronavirus-i-un-total-de-1-344-altes-a-la-comunitat-valenciana\/","title":{"rendered":"Sanitat confirma 212 nous casos de coronavirus i un total de 1.344 altes a la Comunitat Valenciana"},"content":{"rendered":"\n<p class=\"wp-block-paragraph\">La consellera de Sanitat Universal i Salut P\u00fablica, Ana Barcel\u00f3, ha comparegut aquest dimecres per actualitzar la informaci\u00f3 sobre la incid\u00e8ncia de l&#8217;coronavirus a la Comunitat Valenciana. Barcel\u00f3 ha destacat que s&#8217;han donat en total 1.344 altes (241 des de l&#8217;actualitzaci\u00f3 d&#8217;aquest dimarts): 142 a la prov\u00edncia de Castell\u00f3, 469 a la d&#8217;Alacant i 733 a la prov\u00edncia de Val\u00e8ncia.<\/p>\n\n\n\n<p class=\"wp-block-paragraph\">A m\u00e9s, s&#8217;han detectat 212 nous casos positius, que eleven a 7.655 el total de casos positius, dels quals 1.714 es troben ingressats a l&#8217;hospital i 371 d&#8217;ells a l&#8217;UCI.<\/p>\n\n\n\n<p class=\"wp-block-paragraph\">Dels 212 nous casos positius, 23 es troben a la prov\u00edncia de Castell\u00f3, 89 a la d&#8217;Alacant i 99 a la de Val\u00e8ncia. A m\u00e9s, hi ha un altre sense assignar encara.<\/p>\n\n\n\n<p class=\"wp-block-paragraph\">Per prov\u00edncies, el nombre total de casos positius \u00e9s de 899 a la prov\u00edncia de Castell\u00f3 (222 hospitalitzats, 43 d&#8217;ells a l&#8217;UCI), 2.803 a la prov\u00edncia d&#8217;Alacant (545 hospitalitzats i 139 d&#8217;ells a l&#8217;UCI), i 3.949 en la prov\u00edncia de Val\u00e8ncia (947 hospitalitzats i 189 d&#8217;ells a l&#8217;UCI). A m\u00e9s, hi ha 4 casos que no s&#8217;han assignat encara.<\/p>\n\n\n\n<p class=\"wp-block-paragraph\">El nombre de professionals de la Sanitat que han donat positiu en total \u00e9s de 1.303 (161 a la prov\u00edncia de Castell\u00f3, 547 a la d&#8217;Alacant i 595 a la prov\u00edncia de Val\u00e8ncia).<\/p>\n\n\n\n<p class=\"wp-block-paragraph\">Fins a l&#8217;actualitat s&#8217;han produ\u00eft un total de 724 morts a la Comunitat Valenciana: 89 a la prov\u00edncia de Castell\u00f3, 292 a la Alacant i 343 a la de Val\u00e8ncia.<\/p>\n\n\n\n<p class=\"wp-block-paragraph\">Les proves que han donat un resultat negatiu fins al moment s\u00f3n 23.707.<\/p>\n\n\n\n<p class=\"wp-block-paragraph\">Fins aquest moment, 2.314 professionals de la Sanitat s&#8217;han inscrit a la borsa de treball habilitada per la Conselleria de Sanitat perqu\u00e8 personal m\u00e8dic i d&#8217;Infermeria jubilat amb edats fins als 70 anys i personal facultatiu que encara no t\u00e9 especialitat puguin ajudar a combatre el coronavirus.<\/p>\n\n\n\n<p class=\"wp-block-paragraph\">\u00b7 Personal m\u00e8dic jubilat amb menys de 70 anys: 104<\/p>\n\n\n\n<p class=\"wp-block-paragraph\">\u00b7 Persones graduades en Medicina sense especialitat: 1.019<\/p>\n\n\n\n<p class=\"wp-block-paragraph\">\u00b7 Persones graduades en Infermeria: 1.137<\/p>\n\n\n\n<p class=\"wp-block-paragraph\">\u00b7 Personal d&#8217;Infermeria jubilat amb menys de 70 anys: 54<\/p>\n\n\n\n<p class=\"wp-block-paragraph\">Actualitzaci\u00f3 de la situaci\u00f3 en resid\u00e8ncies<\/p>\n\n\n\n<p class=\"wp-block-paragraph\">La consellera ha actualitzat tamb\u00e9 la situaci\u00f3 de les resid\u00e8ncies de la Comunitat Valenciana. Fins al moment, s&#8217;han detectat casos positius en 103 centres.<\/p>\n\n\n\n<p class=\"wp-block-paragraph\">\u00b7 Residents que han donat positiu: 890<\/p>\n\n\n\n<p class=\"wp-block-paragraph\">\u00b7 Personal treballador que ha donat positiu: 248<\/p>\n\n\n\n<p class=\"wp-block-paragraph\">\u00b7 Residents que han mort: 218<\/p>\n\n\n\n<p class=\"wp-block-paragraph\">A hores d&#8217;ara, es troben sota vigil\u00e0ncia activa de control sanitari 12 resid\u00e8ncies a la Comunitat Valenciana: 3 a la prov\u00edncia de Castell\u00f3, 5 a la d&#8217;Alacant i 4 a la prov\u00edncia de Val\u00e8ncia.<\/p>\n\n\n\n<p class=\"wp-block-paragraph\">Tota la informaci\u00f3 actualitzada:\u00a0<a rel=\"noreferrer noopener\" href=\"http:\/\/www.san.gva.es\/web_estatica\/coronavirus\/coronavirus_es.html\" target=\"_blank\">consultar aqu\u00ed<\/a><\/p>\n","protected":false},"excerpt":{"rendered":"<div class=\"mh-excerpt\">La consellera de Sanitat Universal i Salut P\u00fablica, Ana Barcel\u00f3, ha comparegut aquest dimecres per actualitzar la informaci\u00f3 sobre la incid\u00e8ncia de l&#8217;coronavirus a la Comunitat Valenciana. Barcel\u00f3 ha destacat que s&#8217;han donat en total <a class=\"mh-excerpt-more\" href=\"https:\/\/tucomarca.whitekongsoftware.com\/ca\/sanitat-confirma-212-nous-casos-de-coronavirus-i-un-total-de-1-344-altes-a-la-comunitat-valenciana\/\" title=\"Sanitat confirma 212 nous casos de coronavirus i un total de 1.344 altes a la Comunitat Valenciana\">[+] <\/a><\/div>\n","protected":false},"author":1,"featured_media":102417,"comment_status":"open","ping_status":"open","sticky":false,"template":"","format":"standard","meta":{"footnotes":""},"categories":[11010,10898,10948,10894,10904,10903,10947,10896,10897],"tags":[11939,11937,11938,11940,11951,11952],"class_list":["post-102771","post","type-post","status-publish","format-standard","has-post-thumbnail","category-canal-salud","category-ventana-ca","category-infraestructuras-ca","category-la-comarca-ca","category-sin-categorizar-ca","category-medio-ambiente-la-comarca-ca","category-politica","category-seccion-ca","category-sucesos-la-comarca-ca","tag-coronavirus-ca","tag-coronavirus","tag-covid-19","tag-covid-19-ca","tag-covid2019","tag-covid2019-ca"],"_links":{"self":[{"href":"https:\/\/tucomarca.whitekongsoftware.com\/ca\/wp-json\/wp\/v2\/posts\/102771","targetHints":{"allow":["GET"]}}],"collection":[{"href":"https:\/\/tucomarca.whitekongsoftware.com\/ca\/wp-json\/wp\/v2\/posts"}],"about":[{"href":"https:\/\/tucomarca.whitekongsoftware.com\/ca\/wp-json\/wp\/v2\/types\/post"}],"author":[{"embeddable":true,"href":"https:\/\/tucomarca.whitekongsoftware.com\/ca\/wp-json\/wp\/v2\/users\/1"}],"replies":[{"embeddable":true,"href":"https:\/\/tucomarca.whitekongsoftware.com\/ca\/wp-json\/wp\/v2\/comments?post=102771"}],"version-history":[{"count":0,"href":"https:\/\/tucomarca.whitekongsoftware.com\/ca\/wp-json\/wp\/v2\/posts\/102771\/revisions"}],"wp:featuredmedia":[{"embeddable":true,"href":"https:\/\/tucomarca.whitekongsoftware.com\/ca\/wp-json\/wp\/v2\/media\/102417"}],"wp:attachment":[{"href":"https:\/\/tucomarca.whitekongsoftware.com\/ca\/wp-json\/wp\/v2\/media?parent=102771"}],"wp:term":[{"taxonomy":"category","embeddable":true,"href":"https:\/\/tucomarca.whitekongsoftware.com\/ca\/wp-json\/wp\/v2\/categories?post=102771"},{"taxonomy":"post_tag","embeddable":true,"href":"https:\/\/tucomarca.whitekongsoftware.com\/ca\/wp-json\/wp\/v2\/tags?post=102771"}],"curies":[{"name":"wp","href":"https:\/\/api.w.org\/{rel}","templated":true}]}}