{"id":102717,"date":"2020-04-08T22:01:24","date_gmt":"2020-04-08T20:01:24","guid":{"rendered":"http:\/\/www.tucomarca.com\/wordpress\/segunda\/?p=102717"},"modified":"2020-04-08T22:02:04","modified_gmt":"2020-04-08T20:02:04","slug":"lajuntament-de-xest-agraeix-especialment-lesforc-del-personal-de-la-residencia-saba-de-livadis-i-de-la-casa-tutelat","status":"publish","type":"post","link":"https:\/\/tucomarca.whitekongsoftware.com\/ca\/lajuntament-de-xest-agraeix-especialment-lesforc-del-personal-de-la-residencia-saba-de-livadis-i-de-la-casa-tutelat\/","title":{"rendered":"L&#8217;Ajuntament de Xest agraeix especialment l&#8217;esfor\u00e7 d&#8217;el personal de la resid\u00e8ncia Savia, de l&#8217;IVADIS i de la Casa Tutelada"},"content":{"rendered":"\n<p class=\"wp-block-paragraph\">L&#8217;equip de govern de l&#8217;Ajuntament de Xest ha volgut &#8220;agrair a la direcci\u00f3 i tots els treballadors i treballadores de la resid\u00e8ncia Savia, de l&#8217;IVADIS i de la Casa Tutelada de Xest l&#8217;esfor\u00e7 organitzatiu, de seguiment i control que s&#8217;estan duent a terme amb les persones m\u00e9s vulnerables: gent gran, persones amb diversitat funcional i en altres situacions de risc &#8220;, tal c com han manifestat.<br> &#8220;Tots i totes estan demostrant una gran professionalitat i generositat que mereix ser reconeguda&#8221;, han subratllat els membres de l&#8217;equip de govern.<\/p>\n","protected":false},"excerpt":{"rendered":"<div class=\"mh-excerpt\">L&#8217;equip de govern de l&#8217;Ajuntament de Xest ha volgut &#8220;agrair a la direcci\u00f3 i tots els treballadors i treballadores de la resid\u00e8ncia Savia, de l&#8217;IVADIS i de la Casa Tutelada de Xest l&#8217;esfor\u00e7 organitzatiu, de <a class=\"mh-excerpt-more\" href=\"https:\/\/tucomarca.whitekongsoftware.com\/ca\/lajuntament-de-xest-agraeix-especialment-lesforc-del-personal-de-la-residencia-saba-de-livadis-i-de-la-casa-tutelat\/\" title=\"L&#8217;Ajuntament de Xest agraeix especialment l&#8217;esfor\u00e7 d&#8217;el personal de la resid\u00e8ncia Savia, de l&#8217;IVADIS i de la Casa Tutelada\">[+] <\/a><\/div>\n","protected":false},"author":12,"featured_media":102716,"comment_status":"open","ping_status":"open","sticky":false,"template":"","format":"standard","meta":{"footnotes":""},"categories":[11010,10948,10894,10912,10947,10896,10897,10974],"tags":[11071,11937,11939,11940,11938,11952,11951,10914,5952],"class_list":["post-102717","post","type-post","status-publish","format-standard","has-post-thumbnail","category-canal-salud","category-infraestructuras-ca","category-la-comarca-ca","category-la-hoya-ca","category-politica","category-seccion-ca","category-sucesos-la-comarca-ca","category-cheste-ca","tag-cheste","tag-coronavirus","tag-coronavirus-ca","tag-covid-19-ca","tag-covid-19","tag-covid2019-ca","tag-covid2019","tag-la-hoya-de-bunol-chiva-ca","tag-la-hoya-de-bunol-chiva"],"_links":{"self":[{"href":"https:\/\/tucomarca.whitekongsoftware.com\/ca\/wp-json\/wp\/v2\/posts\/102717","targetHints":{"allow":["GET"]}}],"collection":[{"href":"https:\/\/tucomarca.whitekongsoftware.com\/ca\/wp-json\/wp\/v2\/posts"}],"about":[{"href":"https:\/\/tucomarca.whitekongsoftware.com\/ca\/wp-json\/wp\/v2\/types\/post"}],"author":[{"embeddable":true,"href":"https:\/\/tucomarca.whitekongsoftware.com\/ca\/wp-json\/wp\/v2\/users\/12"}],"replies":[{"embeddable":true,"href":"https:\/\/tucomarca.whitekongsoftware.com\/ca\/wp-json\/wp\/v2\/comments?post=102717"}],"version-history":[{"count":0,"href":"https:\/\/tucomarca.whitekongsoftware.com\/ca\/wp-json\/wp\/v2\/posts\/102717\/revisions"}],"wp:featuredmedia":[{"embeddable":true,"href":"https:\/\/tucomarca.whitekongsoftware.com\/ca\/wp-json\/wp\/v2\/media\/102716"}],"wp:attachment":[{"href":"https:\/\/tucomarca.whitekongsoftware.com\/ca\/wp-json\/wp\/v2\/media?parent=102717"}],"wp:term":[{"taxonomy":"category","embeddable":true,"href":"https:\/\/tucomarca.whitekongsoftware.com\/ca\/wp-json\/wp\/v2\/categories?post=102717"},{"taxonomy":"post_tag","embeddable":true,"href":"https:\/\/tucomarca.whitekongsoftware.com\/ca\/wp-json\/wp\/v2\/tags?post=102717"}],"curies":[{"name":"wp","href":"https:\/\/api.w.org\/{rel}","templated":true}]}}