{"id":102710,"date":"2020-04-08T19:50:31","date_gmt":"2020-04-08T17:50:31","guid":{"rendered":"http:\/\/www.tucomarca.com\/wordpress\/segunda\/?p=102710"},"modified":"2020-04-08T19:50:32","modified_gmt":"2020-04-08T17:50:32","slug":"la-policia-local-de-riba-roja-i-proteccio-civil-garantiran-els-passejos-terapeutics-de-persones-amb-discapacitat-intellectual-o-autisme","status":"publish","type":"post","link":"https:\/\/tucomarca.whitekongsoftware.com\/ca\/la-policia-local-de-riba-roja-i-proteccio-civil-garantiran-els-passejos-terapeutics-de-persones-amb-discapacitat-intellectual-o-autisme\/","title":{"rendered":"La Policia Local de Riba-roja i Protecci\u00f3 Civil garantiran els passejos terap\u00e8utics de persones amb discapacitat intel\u00b7lectual o autisme"},"content":{"rendered":"\n<p class=\"wp-block-paragraph\"><strong>Es pret\u00e9n evitar episodis de malentesos o incomprensi\u00f3<\/strong><\/p>\n\n\n\n<p class=\"wp-block-paragraph\">L&#8217;Ajuntament de Riba-roja de T\u00faria ha ofert el servici de la Policia Local i de Protecci\u00f3 Civil a les fam\u00edlies que tinguin membres amb discapacitats intel\u00b7lectuals i \/ o amb Trastorns de l&#8217;espectre autista (Tea) per garantir els passejos terap\u00e8utics habituals que els prescriuen els seus metges o professionals de la psicologia durant els dies de confinament per l&#8217;Estat d&#8217;Alarma.<\/p>\n\n\n\n<p class=\"wp-block-paragraph\">L&#8217;objectiu de govern municipal \u00e9s evitar els episodis de malentesos o incomprensi\u00f3 que s&#8217;han viscut en les \u00faltimes setmanes en algunes ciutats espanyoles quan els familiars han acompanyat pel carrer a les persones adultes o menors que pateixen algun tipus de discapacitat intel\u00b7lectual i \/ o autisme i que han arribat a patir fins i tot insults per la seua pres\u00e8ncia a la via p\u00fablica per part dels seus propis ve\u00efns que no entenien la situaci\u00f3.<\/p>\n\n\n\n<p class=\"wp-block-paragraph\">D&#8217;aquesta manera, l&#8217;Ajuntament de Riba-roja de T\u00faria s&#8217;ha posat en contacte amb les fam\u00edlies que tenen membres amb aquestes discapacitats perqu\u00e8, si ho consideren oport\u00fa, puguen utilitzar aquest servici d&#8217;av\u00eds o acompanyament dels agents de la Policia Local a seus passejos diaris pels carrers perqu\u00e8 les hores de confinament a l&#8217;habitatge no supose un agreujament de les seues malalties.<\/p>\n\n\n\n<p class=\"wp-block-paragraph\">Cal recordar que com a conseq\u00fc\u00e8ncia de l&#8217;Estat d&#8217;Alarma estan prohibits els passejos per la via p\u00fablica, si b\u00e9 el Ministeri de Sanitat habilitava &#8220;a persones amb discapacitat que tinguen alteracions conductuals, com ara persones amb diagn\u00f2stic de l&#8217;espectre autista i conductes disruptives, el qual es vega agreujat per la situaci\u00f3 de confinament derivada de la declaraci\u00f3 de l&#8217;estat d&#8217;alarma, i a un acompanyant, a circular per les vies d&#8217;\u00fas p\u00fablic &#8220;.<\/p>\n\n\n\n<p class=\"wp-block-paragraph\">Els familiars de les persones amb discapacitat intel\u00b7lectual podran requerir la pres\u00e8ncia de la Policia Local o de Protecci\u00f3 Civil a trav\u00e9s d&#8217;l&#8217;\u00c0rea d&#8217;Inclusi\u00f3 o Drets Socials o b\u00e9 mitjan\u00e7ant una trucada telef\u00f2nica a la policia perqu\u00e8 puguin acompanyar els familiars en els seus passejos terap\u00e8utics o simplement per informar sobre la seva sortida a la via p\u00fablica, tant pel lloc per on transcorrer\u00e0 com per la duraci\u00f3 de la mateixa.<\/p>\n","protected":false},"excerpt":{"rendered":"<div class=\"mh-excerpt\">Es pret\u00e9n evitar episodis de malentesos o incomprensi\u00f3 L&#8217;Ajuntament de Riba-roja de T\u00faria ha ofert el servici de la Policia Local i de Protecci\u00f3 Civil a les fam\u00edlies que tinguin membres amb discapacitats intel\u00b7lectuals i <a class=\"mh-excerpt-more\" href=\"https:\/\/tucomarca.whitekongsoftware.com\/ca\/la-policia-local-de-riba-roja-i-proteccio-civil-garantiran-els-passejos-terapeutics-de-persones-amb-discapacitat-intellectual-o-autisme\/\" title=\"La Policia Local de Riba-roja i Protecci\u00f3 Civil garantiran els passejos terap\u00e8utics de persones amb discapacitat intel\u00b7lectual o autisme\">[+] <\/a><\/div>\n","protected":false},"author":12,"featured_media":92810,"comment_status":"open","ping_status":"open","sticky":false,"template":"","format":"standard","meta":{"footnotes":""},"categories":[10892,11010,10948,10894,10947,10906,10896,10897],"tags":[10395,11937,11938,11951,8900],"class_list":["post-102710","post","type-post","status-publish","format-standard","has-post-thumbnail","category-camp-de-turia-ca","category-canal-salud","category-infraestructuras-ca","category-la-comarca-ca","category-politica","category-riba-roja-ca","category-seccion-ca","category-sucesos-la-comarca-ca","tag-camp-de-turia","tag-coronavirus","tag-covid-19","tag-covid2019","tag-riba-roja-del-turia"],"_links":{"self":[{"href":"https:\/\/tucomarca.whitekongsoftware.com\/ca\/wp-json\/wp\/v2\/posts\/102710","targetHints":{"allow":["GET"]}}],"collection":[{"href":"https:\/\/tucomarca.whitekongsoftware.com\/ca\/wp-json\/wp\/v2\/posts"}],"about":[{"href":"https:\/\/tucomarca.whitekongsoftware.com\/ca\/wp-json\/wp\/v2\/types\/post"}],"author":[{"embeddable":true,"href":"https:\/\/tucomarca.whitekongsoftware.com\/ca\/wp-json\/wp\/v2\/users\/12"}],"replies":[{"embeddable":true,"href":"https:\/\/tucomarca.whitekongsoftware.com\/ca\/wp-json\/wp\/v2\/comments?post=102710"}],"version-history":[{"count":0,"href":"https:\/\/tucomarca.whitekongsoftware.com\/ca\/wp-json\/wp\/v2\/posts\/102710\/revisions"}],"wp:featuredmedia":[{"embeddable":true,"href":"https:\/\/tucomarca.whitekongsoftware.com\/ca\/wp-json\/wp\/v2\/media\/92810"}],"wp:attachment":[{"href":"https:\/\/tucomarca.whitekongsoftware.com\/ca\/wp-json\/wp\/v2\/media?parent=102710"}],"wp:term":[{"taxonomy":"category","embeddable":true,"href":"https:\/\/tucomarca.whitekongsoftware.com\/ca\/wp-json\/wp\/v2\/categories?post=102710"},{"taxonomy":"post_tag","embeddable":true,"href":"https:\/\/tucomarca.whitekongsoftware.com\/ca\/wp-json\/wp\/v2\/tags?post=102710"}],"curies":[{"name":"wp","href":"https:\/\/api.w.org\/{rel}","templated":true}]}}