{"id":102694,"date":"2020-04-07T19:36:32","date_gmt":"2020-04-07T17:36:32","guid":{"rendered":"http:\/\/www.tucomarca.com\/wordpress\/segunda\/?p=102694"},"modified":"2020-04-07T19:36:34","modified_gmt":"2020-04-07T17:36:34","slug":"la-comunitat-suma-109-nous-contagis-35-morts-i-173-pacients-es-curen-de-coronavirus-en-les-ultimes-24-hores","status":"publish","type":"post","link":"https:\/\/tucomarca.whitekongsoftware.com\/ca\/la-comunitat-suma-109-nous-contagis-35-morts-i-173-pacients-es-curen-de-coronavirus-en-les-ultimes-24-hores\/","title":{"rendered":"La Comunitat suma 109 nous contagis, 35 morts i 173 pacients es curen de coronavirus en les \u00faltimes 24 hores"},"content":{"rendered":"\n<p class=\"wp-block-paragraph\">La consellera de Sandad Universal i Salut P\u00fablica, Ana Barcel\u00f3, ha comparegut aquest dimarts per actualitzar la informaci\u00f3 sobre la incid\u00e8ncia de l&#8217;coronavirus a la Comunitat Valenciana. Barcel\u00f3 ha destacat que s&#8217;ha donat un total de 1.103 altes (173 des de l&#8217;actualitzaci\u00f3 d&#8217;aquest dilluns): 107 a la prov\u00edncia de Castell\u00f3, 371 a la d&#8217;Alacant i 625 a la prov\u00edncia de Val\u00e8ncia.<\/p>\n\n\n\n<p class=\"wp-block-paragraph\">A m\u00e9s, s&#8217;han detectat 109 nous casos positius, que eleven a 7.443 el total de casos positius, dels quals 1.887 es troben ingressats a l&#8217;hospital i 384 d&#8217;ells a l&#8217;UCI.<\/p>\n\n\n\n<p class=\"wp-block-paragraph\">Dels 109 nous casos positius, 7 es troben a la prov\u00edncia de Castell\u00f3, 41 a la d&#8217;Alacant i 61 a la de Val\u00e8ncia.<\/p>\n\n\n\n<p class=\"wp-block-paragraph\">Per prov\u00edncies, el nombre total de casos positius \u00e9s de 876 a la prov\u00edncia de Castell\u00f3 (228 hospitalitzats, 44 d&#8217;ells a l&#8217;UCI), 2.714 a la prov\u00edncia d&#8217;Alacant (607 hospitalitzats i 143 d&#8217;ells a l&#8217;UCI), i 3.849 en la prov\u00edncia de Val\u00e8ncia (1.052 hospitalitzats i 197 d&#8217;ells a l&#8217;UCI). A m\u00e9s, hi ha 4 casos que no s&#8217;han assignat encara.<\/p>\n\n\n\n<p class=\"wp-block-paragraph\">El nombre de professionals de la Sanitat que han donat positiu en total \u00e9s de 1.236 (161 a la prov\u00edncia de Castell\u00f3, 527 a la d&#8217;Alacant i 548 a la prov\u00edncia de Val\u00e8ncia).<\/p>\n\n\n\n<p class=\"wp-block-paragraph\">Fins a l&#8217;actualitat s&#8217;ha produ\u00eft un total de 672 morts a la Comunitat Valenciana: 78 a la prov\u00edncia de Castell\u00f3, 283 a la Alacant i 311 a la de Val\u00e8ncia.<\/p>\n\n\n\n<p class=\"wp-block-paragraph\">Les proves que han donat un resultat negatiu fins al moment s\u00f3n 22.138.<\/p>\n\n\n\n<p class=\"wp-block-paragraph\">Fins al moment, 2.297 professionals de la Sanitat s&#8217;han inscrit a la borsa de treball habilitada per la Conselleria de Sanitat perqu\u00e8 personal m\u00e8dic i d&#8217;Infermeria jubilat amb edats fins als 70 anys i personal facultatiu que encara no t\u00e9 especialitat puguin ajudar a combatre el coronavirus.<\/p>\n\n\n\n<p class=\"wp-block-paragraph\">\u00b7 Personal m\u00e8dic jubilat amb menys de 70 anys: 103<\/p>\n\n\n\n<p class=\"wp-block-paragraph\">\u00b7 Persones graduades en Medicina sense especialitat: 1.013<\/p>\n\n\n\n<p class=\"wp-block-paragraph\">\u00b7 Persones graduades en Infermeria: 1.127<\/p>\n\n\n\n<p class=\"wp-block-paragraph\">\u00b7 Personal d&#8217;Infermeria jubilat amb menys de 70 anys: 54<\/p>\n\n\n\n<p class=\"wp-block-paragraph\">La consellera ha actualitzat tamb\u00e9 la situaci\u00f3 de les resid\u00e8ncies de la Comunitat Valenciana. Fins al moment s&#8217;han detectat casos positius en 102 centres: 12 a la prov\u00edncia de Castell\u00f3, 28 a la d&#8217;Alacant i 62 a la prov\u00edncia de Val\u00e8ncia.<\/p>\n\n\n\n<p class=\"wp-block-paragraph\">\u00b7 Residents que han donat positiu: 837<\/p>\n\n\n\n<p class=\"wp-block-paragraph\">\u00b7 Personal treballador que ha donat positiu: 227<\/p>\n\n\n\n<p class=\"wp-block-paragraph\">\u00b7 Residents que han mort: 191<\/p>\n\n\n\n<p class=\"wp-block-paragraph\">A hores d&#8217;ara, es troben sota vigil\u00e0ncia activa de control sanitari 12 resid\u00e8ncies a la Comunitat Valenciana: 3 a la prov\u00edncia de Castell\u00f3, 5 a la d&#8217;Alacant i 4 a la prov\u00edncia de Val\u00e8ncia.<\/p>\n\n\n\n<p class=\"wp-block-paragraph\">Dia Mundial de la Salut<\/p>\n\n\n\n<p class=\"wp-block-paragraph\">El 7 d&#8217;abril se celebra el Dia Mundial de la Salut en commemoraci\u00f3 de la data de creaci\u00f3 de l&#8217;Organitzaci\u00f3 Mundial de la Salut, i la consellera ha volgut reivindicar a les institucions &#8220;que vetllen per la salut de tots els ciutadans, i especialment a el personal sanitari, que \u00e9s el cor de la sanitat i que est\u00e0 contribuint d&#8217;aquesta manera tan entregada i generosa a combatre una pand\u00e8mia que mai ens pod\u00edem imaginar &#8220;.<\/p>\n\n\n\n<p class=\"wp-block-paragraph\">Barcel\u00f3 ha puntado tamb\u00e9 que &#8220;avui m\u00e9s que mai sabem quin \u00e9s el valor real que t\u00e9 la salut per a tothom. Per\u00f2 tamb\u00e9 sabem el que posa en relleu la manca de salut&#8221;. Per aix\u00f2, ha continuat, &#8220;ens han robat les abra\u00e7ades, les car\u00edcies i els petons, per\u00f2 espero que aquesta pand\u00e8mia no ens robi mai la solidaritat i l&#8217;\u00e0nim de treballar tots, colze amb colze, per superar aquesta situaci\u00f3&#8221;.<\/p>\n\n\n\n<p class=\"wp-block-paragraph\">Tota la informaci\u00f3 actualitzada a: consultar aqu\u00ed:\u00a0<a rel=\"noreferrer noopener\" href=\"http:\/\/www.san.gva.es\/web_estatica\/coronavirus\/coronavirus_es.html\" target=\"_blank\">consultar aqu\u00ed<\/a><\/p>\n","protected":false},"excerpt":{"rendered":"<div class=\"mh-excerpt\">La consellera de Sandad Universal i Salut P\u00fablica, Ana Barcel\u00f3, ha comparegut aquest dimarts per actualitzar la informaci\u00f3 sobre la incid\u00e8ncia de l&#8217;coronavirus a la Comunitat Valenciana. Barcel\u00f3 ha destacat que s&#8217;ha donat un total <a class=\"mh-excerpt-more\" href=\"https:\/\/tucomarca.whitekongsoftware.com\/ca\/la-comunitat-suma-109-nous-contagis-35-morts-i-173-pacients-es-curen-de-coronavirus-en-les-ultimes-24-hores\/\" title=\"La Comunitat suma 109 nous contagis, 35 morts i 173 pacients es curen de coronavirus en les \u00faltimes 24 hores\">[+] <\/a><\/div>\n","protected":false},"author":1,"featured_media":102185,"comment_status":"open","ping_status":"open","sticky":false,"template":"","format":"standard","meta":{"footnotes":""},"categories":[11010,10898,10948,10894,10904,10903,10947,10896,10897],"tags":[11939,11937,11955,11956,11952,11951],"class_list":["post-102694","post","type-post","status-publish","format-standard","has-post-thumbnail","category-canal-salud","category-ventana-ca","category-infraestructuras-ca","category-la-comarca-ca","category-sin-categorizar-ca","category-medio-ambiente-la-comarca-ca","category-politica","category-seccion-ca","category-sucesos-la-comarca-ca","tag-coronavirus-ca","tag-coronavirus","tag-covid19","tag-covid19-ca","tag-covid2019-ca","tag-covid2019"],"_links":{"self":[{"href":"https:\/\/tucomarca.whitekongsoftware.com\/ca\/wp-json\/wp\/v2\/posts\/102694","targetHints":{"allow":["GET"]}}],"collection":[{"href":"https:\/\/tucomarca.whitekongsoftware.com\/ca\/wp-json\/wp\/v2\/posts"}],"about":[{"href":"https:\/\/tucomarca.whitekongsoftware.com\/ca\/wp-json\/wp\/v2\/types\/post"}],"author":[{"embeddable":true,"href":"https:\/\/tucomarca.whitekongsoftware.com\/ca\/wp-json\/wp\/v2\/users\/1"}],"replies":[{"embeddable":true,"href":"https:\/\/tucomarca.whitekongsoftware.com\/ca\/wp-json\/wp\/v2\/comments?post=102694"}],"version-history":[{"count":0,"href":"https:\/\/tucomarca.whitekongsoftware.com\/ca\/wp-json\/wp\/v2\/posts\/102694\/revisions"}],"wp:featuredmedia":[{"embeddable":true,"href":"https:\/\/tucomarca.whitekongsoftware.com\/ca\/wp-json\/wp\/v2\/media\/102185"}],"wp:attachment":[{"href":"https:\/\/tucomarca.whitekongsoftware.com\/ca\/wp-json\/wp\/v2\/media?parent=102694"}],"wp:term":[{"taxonomy":"category","embeddable":true,"href":"https:\/\/tucomarca.whitekongsoftware.com\/ca\/wp-json\/wp\/v2\/categories?post=102694"},{"taxonomy":"post_tag","embeddable":true,"href":"https:\/\/tucomarca.whitekongsoftware.com\/ca\/wp-json\/wp\/v2\/tags?post=102694"}],"curies":[{"name":"wp","href":"https:\/\/api.w.org\/{rel}","templated":true}]}}