{"id":102672,"date":"2020-04-07T19:52:13","date_gmt":"2020-04-07T17:52:13","guid":{"rendered":"http:\/\/www.tucomarca.com\/wordpress\/segunda\/?p=102672"},"modified":"2020-04-07T19:55:13","modified_gmt":"2020-04-07T17:55:13","slug":"ava-asaja-reclama-al-ministeri-dagricultura-que-prioritze-als-ramaders-en-les-ajudes-anunciades-pel-covid-19-per-al-sector-ovi-capri","status":"publish","type":"post","link":"https:\/\/tucomarca.whitekongsoftware.com\/ca\/ava-asaja-reclama-al-ministeri-dagricultura-que-prioritze-als-ramaders-en-les-ajudes-anunciades-pel-covid-19-per-al-sector-ovi-capri\/","title":{"rendered":"AVA-Asaja reclama al ministeri d&#8217;Agricultura que prioritze als ramaders en les ajudes anunciades pel Coronavirus per al sector ov\u00ed-capr\u00ed"},"content":{"rendered":"\n<p class=\"wp-block-paragraph\">L&#8217;Associaci\u00f3 Valenciana d&#8217;Agricultors (AVA-ASAJA) valora positivament la intenci\u00f3 de l&#8217;ministeri d&#8217;Agricultura d&#8217;establir una l\u00ednia d&#8217;ajudes directes destinades a el sector ov\u00ed i capricho, per\u00f2 reclama que es prioritze als ramaders professionals davant de la resta de baules de la cadena comercial, ja que s\u00f3n ells els m\u00e9s damnificats d&#8217;aquesta crisi al no trobar compradors per als bens i cabrits, aix\u00ed com per a la llet i els productes lactis. Aix\u00ed mateix, l&#8217;organitzaci\u00f3 sol\u00b7licita a la Conselleria d&#8217;Agricultura un seguit de mesures extraordin\u00e0ries complement\u00e0ries a les de l&#8217;ministeri, dirigides a donar suport als ramaders valencians per pal\u00b7liar les p\u00e8rdues econ\u00f2miques que estan patint.<\/p>\n\n\n\n<p class=\"wp-block-paragraph\">La venda d&#8217;aquests animals s&#8217;ha vist bloquejada i aviat arribaran a un pes superior a l&#8217;apte per al seu consum, ja que aquesta situaci\u00f3 succeeix en el moment \u00e0lgid de la campanya de Pasq\u00fces, \u00e8poca de l&#8217;any en la que habitualment es venia la major part dels animals. A aix\u00f2 cal sumar els costos d&#8217;alimentaci\u00f3 dels animals que no poden ser venuts. Les p\u00e8rdues estimades per AVA-ASAJA ja superen els 5 milions d&#8217;euros en el que portem de crisi sanit\u00e0ria, nom\u00e9s en les explotacions de la Comunitat Valenciana, per\u00f2 podrien disparar-se fins als 30 milions durant les properes setmanes.<\/p>\n\n\n\n<p class=\"wp-block-paragraph\">Per aix\u00f2, l&#8217;organitzaci\u00f3 agr\u00e0ria reclama que el suport previst pel ministeri sigui destinat priorit\u00e0riament als ramaders professionals. Concretament, AVA-ASAJA demana a el govern que s&#8217;elevi el nombre d&#8217;animals per explotaci\u00f3 que poden obtenir ajuts a m\u00e9s dels 70 previstos inicialment i que es tinguen en consideraci\u00f3 no nom\u00e9s els animals amb destinaci\u00f3 a escorxador, sin\u00f3 tamb\u00e9 els animals destinats a reposici\u00f3 oa venda per vida, i contempli els animals vells de les explotacions. De la mateixa manera, l&#8217;associaci\u00f3 agr\u00e0ria tamb\u00e9 sol\u00b7licita que no es contempli com a data final d&#8217;aquestes ajudes el dia seg\u00fcent de la finalitzaci\u00f3 de l&#8217;estat d&#8217;alarma, sin\u00f3 a l&#8217;almenys dos mesos despr\u00e9s, que des del sector s&#8217;estima que ser\u00e0 el que tard l&#8217;hostaleria (canal HORECA) a recuperar la seva activitat.<\/p>\n\n\n\n<p class=\"wp-block-paragraph\">En el marc de les mesures sol\u00b7licitades amb anterioritat a l&#8217;Ministeri ia Brussel\u00b7les, AVA-ASAJA demana a m\u00e9s que s&#8217;agilitzin a l&#8217;m\u00e0xim els tr\u00e0mits per a la posada en marxa de les mesures d&#8217;emmagatzematge privat i que, en refer\u00e8ncia a les ajudes acoblades a l&#8217;ov\u00ed \/ capr\u00ed 2020, es consideren els animals deixats en les explotacions per a reposici\u00f3 dins el llindar dels 0,6 xais \/ cabrits per femella primable per poder optar a l&#8217;ajut associada tenint en compte l&#8217;excepcionalitat de la situaci\u00f3 actual.<\/p>\n\n\n\n<p class=\"wp-block-paragraph\">AVA-ASAJA tamb\u00e9 demana a l&#8217;administraci\u00f3 auton\u00f2mica que tingui la mateixa consideraci\u00f3 amb el sector ov\u00ed-cabrum que el ministeri i que adopti mesures extraordin\u00e0ries per evitar l&#8217;abandonament d&#8217;un sector ja de per si desestructurat i amb greus dificultats. En aquest sentit, les mesures requerides per aquesta organitzaci\u00f3 s\u00f3n: l&#8217;exoneraci\u00f3 de l&#8217;pagament de les anualitats 2020-2021 de l&#8217;aprofitament de pastures i rostolls de les muntanyes d&#8217;utilitat p\u00fablica de la conselleria, la Confederaci\u00f3 Hidrogr\u00e0fica de l&#8217;X\u00faquer (CHJ) i dels ajuntaments; la distribuci\u00f3 gratu\u00efta de subproductes hortofruct\u00edcoles a les explotacions ramaderes per reduir les despeses d&#8217;alimentaci\u00f3; que es tingui en consideraci\u00f3 que ja ha comen\u00e7at la campanya de esquilada que duien a terme quadrilles especialitzades d&#8217;altres pa\u00efsos, de manera que es demana a l&#8217;administraci\u00f3 que facilite l&#8217;arribada d&#8217;aquests treballadors temporers; que s&#8217;agilitzen a el m\u00e0xim possible els pagaments pendents de la PAC 2019 perqu\u00e8 els ramaders puguin percebre aquests ajuts abans de la finalitzaci\u00f3 de el per\u00edode de vig\u00e8ncia de l&#8217;estat d&#8217;alarma; aix\u00ed com la compra massiva del producte lacti i carni de el sector ov\u00ed-capr\u00ed per part de les administracions p\u00fabliques per a \u00fas p\u00fablic.<\/p>\n\n\n\n<p class=\"wp-block-paragraph\">Finalment, AVA-ASAJA tamb\u00e9 demana a les administracions que en les properes convocat\u00f2ries d&#8217;ajuts p\u00fablics destinats a el sector ramader es prioritzi a el sector ov\u00ed-capr\u00ed i al d&#8217;caps de bestiar braus, per ser els m\u00e9s afectats per la pand\u00e8mia de l&#8217;Covid-19.<\/p>\n","protected":false},"excerpt":{"rendered":"<div class=\"mh-excerpt\">L&#8217;Associaci\u00f3 Valenciana d&#8217;Agricultors (AVA-ASAJA) valora positivament la intenci\u00f3 de l&#8217;ministeri d&#8217;Agricultura d&#8217;establir una l\u00ednia d&#8217;ajudes directes destinades a el sector ov\u00ed i capricho, per\u00f2 reclama que es prioritze als ramaders professionals davant de la resta <a class=\"mh-excerpt-more\" href=\"https:\/\/tucomarca.whitekongsoftware.com\/ca\/ava-asaja-reclama-al-ministeri-dagricultura-que-prioritze-als-ramaders-en-les-ajudes-anunciades-pel-covid-19-per-al-sector-ovi-capri\/\" title=\"AVA-Asaja reclama al ministeri d&#8217;Agricultura que prioritze als ramaders en les ajudes anunciades pel Coronavirus per al sector ov\u00ed-capr\u00ed\">[+] <\/a><\/div>\n","protected":false},"author":12,"featured_media":102670,"comment_status":"open","ping_status":"open","sticky":false,"template":"","format":"standard","meta":{"footnotes":""},"categories":[10905,11010,10898,10948,10894,10904,10947,10896,10897],"tags":[328,11937,11955,11951,5215],"class_list":["post-102672","post","type-post","status-publish","format-standard","has-post-thumbnail","category-agricultura-la-comarca-ca","category-canal-salud","category-ventana-ca","category-infraestructuras-ca","category-la-comarca-ca","category-sin-categorizar-ca","category-politica","category-seccion-ca","category-sucesos-la-comarca-ca","tag-ava-asaja","tag-coronavirus","tag-covid19","tag-covid2019","tag-ministerio-agricultura"],"_links":{"self":[{"href":"https:\/\/tucomarca.whitekongsoftware.com\/ca\/wp-json\/wp\/v2\/posts\/102672","targetHints":{"allow":["GET"]}}],"collection":[{"href":"https:\/\/tucomarca.whitekongsoftware.com\/ca\/wp-json\/wp\/v2\/posts"}],"about":[{"href":"https:\/\/tucomarca.whitekongsoftware.com\/ca\/wp-json\/wp\/v2\/types\/post"}],"author":[{"embeddable":true,"href":"https:\/\/tucomarca.whitekongsoftware.com\/ca\/wp-json\/wp\/v2\/users\/12"}],"replies":[{"embeddable":true,"href":"https:\/\/tucomarca.whitekongsoftware.com\/ca\/wp-json\/wp\/v2\/comments?post=102672"}],"version-history":[{"count":0,"href":"https:\/\/tucomarca.whitekongsoftware.com\/ca\/wp-json\/wp\/v2\/posts\/102672\/revisions"}],"wp:featuredmedia":[{"embeddable":true,"href":"https:\/\/tucomarca.whitekongsoftware.com\/ca\/wp-json\/wp\/v2\/media\/102670"}],"wp:attachment":[{"href":"https:\/\/tucomarca.whitekongsoftware.com\/ca\/wp-json\/wp\/v2\/media?parent=102672"}],"wp:term":[{"taxonomy":"category","embeddable":true,"href":"https:\/\/tucomarca.whitekongsoftware.com\/ca\/wp-json\/wp\/v2\/categories?post=102672"},{"taxonomy":"post_tag","embeddable":true,"href":"https:\/\/tucomarca.whitekongsoftware.com\/ca\/wp-json\/wp\/v2\/tags?post=102672"}],"curies":[{"name":"wp","href":"https:\/\/api.w.org\/{rel}","templated":true}]}}