{"id":102599,"date":"2020-04-09T01:30:57","date_gmt":"2020-04-08T23:30:57","guid":{"rendered":"http:\/\/www.tucomarca.com\/wordpress\/segunda\/?p=102599"},"modified":"2020-04-09T01:30:58","modified_gmt":"2020-04-08T23:30:58","slug":"xest-se-suma-a-la-campanya-alimentaisnuestravida-en-suport-a-agricultors-ramaders-pescadors-i-la-resta-de-treballadors-del-sector-agroalimentari","status":"publish","type":"post","link":"https:\/\/tucomarca.whitekongsoftware.com\/ca\/xest-se-suma-a-la-campanya-alimentaisnuestravida-en-suport-a-agricultors-ramaders-pescadors-i-la-resta-de-treballadors-del-sector-agroalimentari\/","title":{"rendered":"Xest se suma a la campanya #Aliment\u00e1isNuestraVida en suport a agricultors, ramaders, pescadors i la resta de treballadors del sector agroalimentari"},"content":{"rendered":"\n<p class=\"wp-block-paragraph\">Xest s&#8217;unix a la iniciativa del Ministeri d&#8217;Agricultura, Pesca i Alimentaci\u00f3 per a agrair a tot el sector agroalimentari el seu esfor\u00e7 i treball durant l&#8217;actual crisi sanit\u00e0ria provocada pel COVID-19 per a garantir l&#8217;abastiment alimentari a la ciutadania. Per mitj\u00e0 de la campanya<\/p>\n\n\n\n<p class=\"wp-block-paragraph\">#Aliment\u00e1isNuestraVida, el Ministeri reconeix el treball de les persones professionals del camp, el mar i en general, de tota la cadena aliment\u00e0ria. Per a aix\u00f2, s&#8217;est\u00e0 donant difusi\u00f3 a un v\u00eddeo en qu\u00e8 artistes, com a Arc\u00e0ngel, Manuel Banderes, Queco, Ismael Serrano, Santi Rodr\u00edguez i Vicente Amic; i periodistes, com Julia Otero, Ana Rosa Quintana, Xabier Fortes, Antonio Delgado, Carlos Herrera o Susanna Griso, llancen el seu missatge d&#8217;agra\u00efment.<\/p>\n","protected":false},"excerpt":{"rendered":"<div class=\"mh-excerpt\">Xest s&#8217;unix a la iniciativa del Ministeri d&#8217;Agricultura, Pesca i Alimentaci\u00f3 per a agrair a tot el sector agroalimentari el seu esfor\u00e7 i treball durant l&#8217;actual crisi sanit\u00e0ria provocada pel COVID-19 per a garantir l&#8217;abastiment <a class=\"mh-excerpt-more\" href=\"https:\/\/tucomarca.whitekongsoftware.com\/ca\/xest-se-suma-a-la-campanya-alimentaisnuestravida-en-suport-a-agricultors-ramaders-pescadors-i-la-resta-de-treballadors-del-sector-agroalimentari\/\" title=\"Xest se suma a la campanya #Aliment\u00e1isNuestraVida en suport a agricultors, ramaders, pescadors i la resta de treballadors del sector agroalimentari\">[+] <\/a><\/div>\n","protected":false},"author":12,"featured_media":71171,"comment_status":"open","ping_status":"open","sticky":false,"template":"","format":"standard","meta":{"footnotes":""},"categories":[10905,11010,10948,10894,10912,10903,10947,10896,10897,10974],"tags":[10470,11937,11938,11951,5952,5215],"class_list":["post-102599","post","type-post","status-publish","format-standard","has-post-thumbnail","category-agricultura-la-comarca-ca","category-canal-salud","category-infraestructuras-ca","category-la-comarca-ca","category-la-hoya-ca","category-medio-ambiente-la-comarca-ca","category-politica","category-seccion-ca","category-sucesos-la-comarca-ca","category-cheste-ca","tag-ayuntamiento-de-cheste","tag-coronavirus","tag-covid-19","tag-covid2019","tag-la-hoya-de-bunol-chiva","tag-ministerio-agricultura"],"_links":{"self":[{"href":"https:\/\/tucomarca.whitekongsoftware.com\/ca\/wp-json\/wp\/v2\/posts\/102599","targetHints":{"allow":["GET"]}}],"collection":[{"href":"https:\/\/tucomarca.whitekongsoftware.com\/ca\/wp-json\/wp\/v2\/posts"}],"about":[{"href":"https:\/\/tucomarca.whitekongsoftware.com\/ca\/wp-json\/wp\/v2\/types\/post"}],"author":[{"embeddable":true,"href":"https:\/\/tucomarca.whitekongsoftware.com\/ca\/wp-json\/wp\/v2\/users\/12"}],"replies":[{"embeddable":true,"href":"https:\/\/tucomarca.whitekongsoftware.com\/ca\/wp-json\/wp\/v2\/comments?post=102599"}],"version-history":[{"count":0,"href":"https:\/\/tucomarca.whitekongsoftware.com\/ca\/wp-json\/wp\/v2\/posts\/102599\/revisions"}],"wp:featuredmedia":[{"embeddable":true,"href":"https:\/\/tucomarca.whitekongsoftware.com\/ca\/wp-json\/wp\/v2\/media\/71171"}],"wp:attachment":[{"href":"https:\/\/tucomarca.whitekongsoftware.com\/ca\/wp-json\/wp\/v2\/media?parent=102599"}],"wp:term":[{"taxonomy":"category","embeddable":true,"href":"https:\/\/tucomarca.whitekongsoftware.com\/ca\/wp-json\/wp\/v2\/categories?post=102599"},{"taxonomy":"post_tag","embeddable":true,"href":"https:\/\/tucomarca.whitekongsoftware.com\/ca\/wp-json\/wp\/v2\/tags?post=102599"}],"curies":[{"name":"wp","href":"https:\/\/api.w.org\/{rel}","templated":true}]}}