{"id":102568,"date":"2020-04-06T12:04:09","date_gmt":"2020-04-06T10:04:09","guid":{"rendered":"http:\/\/www.tucomarca.com\/wordpress\/segunda\/?p=102568"},"modified":"2020-04-06T23:59:58","modified_gmt":"2020-04-06T21:59:58","slug":"dosaigues-es-solidaritza-amb-els-malalts-dautisme-mitjancant-la-realitzacio-de-diverses-accions","status":"publish","type":"post","link":"https:\/\/tucomarca.whitekongsoftware.com\/ca\/dosaigues-es-solidaritza-amb-els-malalts-dautisme-mitjancant-la-realitzacio-de-diverses-accions\/","title":{"rendered":"Dosaig\u00fces es solidaritza amb els malalts d&#8217;autisme mitjan\u00e7ant la realitzaci\u00f3 de diverses accions"},"content":{"rendered":"\n<p class=\"wp-block-paragraph\">Tot i que aquest any no s&#8217;ha pogut celebrar el Dia de l&#8217;autisme al Col\u00b7legi Mare de D\u00e9u del Rosari de Dos Aig\u00fces, a causa de el confinament i a la situaci\u00f3 d&#8217;excepcionalitat en qu\u00e8 ens trobem per l&#8217;estat d&#8217;alarma a causa de l&#8217;coronavirus Covid-19, la poblaci\u00f3 no ha volgut deixar passar l&#8217;ocasi\u00f3 de cridar l&#8217;atenci\u00f3 sobre aquesta jornada de conscienciaci\u00f3 i solidaritat.<\/p>\n\n\n\n<p class=\"wp-block-paragraph\">&#8220;Aquest any s&#8217;ha dut a terme a casa la realitzaci\u00f3 per part dels nens d&#8217;un molinet de color blau i tamb\u00e9 s&#8217;han guarnit alguns balcons de color blau&#8221;, segons ha explicat la regidora d&#8217;Igualtat de l&#8217;Ajuntament de Dues Aig\u00fces, Mar\u00eda Pardo , que ha destacat &#8220;la participaci\u00f3 dels pares que sempre donen suport a la causa&#8221;.<\/p>\n\n\n\n<p class=\"wp-block-paragraph\">&#8220;Vull demanar a tots que ens concenciemos i tinguem m\u00e9s empatia amb ells i les seves fam\u00edlies que dia a dia afronten molts obstacles en la societat&#8221;, ha afegit la regidora.<\/p>\n\n\n\n<p class=\"wp-block-paragraph\">Per la seua banda, Atenea Pe\u00f1a, mare d&#8217;un nen amb autisme de Dues \u00c1guas, ha volgut aportar la seva experi\u00e8ncia amb l&#8217;autisme: &#8220;Parlant una mica d&#8217;autisme: Jo Atenea, nom\u00e9s s\u00f3c una de les tantes mares que t\u00e9 un nen amb autisme, suposo que ning\u00fa est\u00e0 preparat perqu\u00e8 cap metge diagnostiqui al nostre fill o filla amb cap tipus de trastorn ni similar; ja que hi ha molt\u00edssims per desgr\u00e0cia i m\u00e9s desgr\u00e0cia encara \u00e9s no donar-los la visibilitat i la import\u00e0ncia que en veritat tenen. Avui el meu fill Isaac t\u00e9 5 anys, a punt de complir 6. Portem so\u00f3lo 3 anys aprenent i creixent al seu costat i l&#8217;autisme &#8220;.<\/p>\n\n\n\n<p class=\"wp-block-paragraph\">&#8220;L&#8217;autisme per a molts ser\u00e0 simplement una paraula o un problema, per\u00f2 per a mi autisme \u00e9s amor, t&#8217;ensenyar\u00e0 i traur\u00e0 el pitjor i millor de tu, per\u00f2 mai deixes d&#8217;aprendre i sobretot m&#8217;ha ensenyat que mai cal tirar la tovallola per ells, perqu\u00e8 s\u00f3n ells els que t&#8217;ensenyen a no llen\u00e7ar mai la tovallola perqu\u00e8 mai la tiren &#8220;.<\/p>\n\n\n\n<p class=\"wp-block-paragraph\">&#8220;Se li diu aut\u00e8ntics per\u00f2 ning\u00fa diu per qu\u00e8 ho s\u00f3n i \u00e9s perqu\u00e8 tot ells s\u00f3n veritat! S\u00f3n purs mai et mentiran, mai podr\u00e0s treure-li una abra\u00e7ada ni un somriure for\u00e7at, per\u00f2 aix\u00f2 s\u00ed, quan et donin aquesta abra\u00e7ada i vegis aquest somriure en seus ulls sentir\u00e0s el que \u00e9s l&#8217;amor de veritat perqu\u00e8 coneixer\u00e0s l&#8217;amor sense paraules! &#8220;.<\/p>\n\n\n\n<p class=\"wp-block-paragraph\">#autismoamormamaazuldandlvisibilidadalautismo<\/p>\n\n\n\n<ul class=\"wp-block-gallery columns-3 is-cropped wp-block-gallery-1 is-layout-flex wp-block-gallery-is-layout-flex\"><li class=\"blocks-gallery-item\"><figure><img loading=\"lazy\" decoding=\"async\" width=\"1024\" height=\"1024\" src=\"http:\/\/www.tucomarca.com\/wordpress\/segunda\/wp-content\/uploads\/2020\/04\/DosAguasAutismo2-1024x1024.jpg\" alt=\"\" data-id=\"102558\" data-link=\"http:\/\/www.tucomarca.com\/wordpress\/segunda\/?attachment_id=102558\" class=\"wp-image-102558\" srcset=\"https:\/\/tucomarca.whitekongsoftware.com\/wp-content\/uploads\/2020\/04\/DosAguasAutismo2-1024x1024.jpg 1024w, https:\/\/tucomarca.whitekongsoftware.com\/wp-content\/uploads\/2020\/04\/DosAguasAutismo2-290x290.jpg 290w, https:\/\/tucomarca.whitekongsoftware.com\/wp-content\/uploads\/2020\/04\/DosAguasAutismo2-300x300.jpg 300w, https:\/\/tucomarca.whitekongsoftware.com\/wp-content\/uploads\/2020\/04\/DosAguasAutismo2-768x768.jpg 768w, https:\/\/tucomarca.whitekongsoftware.com\/wp-content\/uploads\/2020\/04\/DosAguasAutismo2.jpg 1600w\" sizes=\"auto, (max-width: 1024px) 100vw, 1024px\" \/><\/figure><\/li><li class=\"blocks-gallery-item\"><figure><img loading=\"lazy\" decoding=\"async\" width=\"1024\" height=\"1024\" src=\"http:\/\/www.tucomarca.com\/wordpress\/segunda\/wp-content\/uploads\/2020\/04\/DosAguasAutismo3-1024x1024.jpg\" alt=\"\" data-id=\"102560\" data-link=\"http:\/\/www.tucomarca.com\/wordpress\/segunda\/?attachment_id=102560\" class=\"wp-image-102560\" srcset=\"https:\/\/tucomarca.whitekongsoftware.com\/wp-content\/uploads\/2020\/04\/DosAguasAutismo3-1024x1024.jpg 1024w, https:\/\/tucomarca.whitekongsoftware.com\/wp-content\/uploads\/2020\/04\/DosAguasAutismo3-290x290.jpg 290w, https:\/\/tucomarca.whitekongsoftware.com\/wp-content\/uploads\/2020\/04\/DosAguasAutismo3-300x300.jpg 300w, https:\/\/tucomarca.whitekongsoftware.com\/wp-content\/uploads\/2020\/04\/DosAguasAutismo3-768x768.jpg 768w, https:\/\/tucomarca.whitekongsoftware.com\/wp-content\/uploads\/2020\/04\/DosAguasAutismo3.jpg 1600w\" sizes=\"auto, (max-width: 1024px) 100vw, 1024px\" \/><\/figure><\/li><li class=\"blocks-gallery-item\"><figure><img loading=\"lazy\" decoding=\"async\" width=\"1024\" height=\"1024\" src=\"http:\/\/www.tucomarca.com\/wordpress\/segunda\/wp-content\/uploads\/2020\/04\/DosAguasAutismo4-1024x1024.jpg\" alt=\"\" data-id=\"102562\" data-link=\"http:\/\/www.tucomarca.com\/wordpress\/segunda\/?attachment_id=102562\" class=\"wp-image-102562\" srcset=\"https:\/\/tucomarca.whitekongsoftware.com\/wp-content\/uploads\/2020\/04\/DosAguasAutismo4-1024x1024.jpg 1024w, https:\/\/tucomarca.whitekongsoftware.com\/wp-content\/uploads\/2020\/04\/DosAguasAutismo4-290x290.jpg 290w, https:\/\/tucomarca.whitekongsoftware.com\/wp-content\/uploads\/2020\/04\/DosAguasAutismo4-300x300.jpg 300w, https:\/\/tucomarca.whitekongsoftware.com\/wp-content\/uploads\/2020\/04\/DosAguasAutismo4-768x768.jpg 768w, https:\/\/tucomarca.whitekongsoftware.com\/wp-content\/uploads\/2020\/04\/DosAguasAutismo4.jpg 1600w\" sizes=\"auto, (max-width: 1024px) 100vw, 1024px\" \/><\/figure><\/li><li class=\"blocks-gallery-item\"><figure><img loading=\"lazy\" decoding=\"async\" width=\"1024\" height=\"814\" src=\"http:\/\/www.tucomarca.com\/wordpress\/segunda\/wp-content\/uploads\/2020\/04\/DosAguasAutismo5-1024x814.jpg\" alt=\"\" data-id=\"102564\" data-link=\"http:\/\/www.tucomarca.com\/wordpress\/segunda\/?attachment_id=102564\" class=\"wp-image-102564\" srcset=\"https:\/\/tucomarca.whitekongsoftware.com\/wp-content\/uploads\/2020\/04\/DosAguasAutismo5-1024x814.jpg 1024w, https:\/\/tucomarca.whitekongsoftware.com\/wp-content\/uploads\/2020\/04\/DosAguasAutismo5-300x239.jpg 300w, https:\/\/tucomarca.whitekongsoftware.com\/wp-content\/uploads\/2020\/04\/DosAguasAutismo5-768x611.jpg 768w, https:\/\/tucomarca.whitekongsoftware.com\/wp-content\/uploads\/2020\/04\/DosAguasAutismo5.jpg 1200w\" sizes=\"auto, (max-width: 1024px) 100vw, 1024px\" \/><\/figure><\/li><li class=\"blocks-gallery-item\"><figure><img loading=\"lazy\" decoding=\"async\" width=\"1024\" height=\"1024\" src=\"http:\/\/www.tucomarca.com\/wordpress\/segunda\/wp-content\/uploads\/2020\/04\/DosAguasAutismo1-1024x1024.jpg\" alt=\"\" data-id=\"102556\" data-link=\"http:\/\/www.tucomarca.com\/wordpress\/segunda\/?attachment_id=102556\" class=\"wp-image-102556\" srcset=\"https:\/\/tucomarca.whitekongsoftware.com\/wp-content\/uploads\/2020\/04\/DosAguasAutismo1-1024x1024.jpg 1024w, https:\/\/tucomarca.whitekongsoftware.com\/wp-content\/uploads\/2020\/04\/DosAguasAutismo1-290x290.jpg 290w, https:\/\/tucomarca.whitekongsoftware.com\/wp-content\/uploads\/2020\/04\/DosAguasAutismo1-300x300.jpg 300w, https:\/\/tucomarca.whitekongsoftware.com\/wp-content\/uploads\/2020\/04\/DosAguasAutismo1-768x768.jpg 768w, https:\/\/tucomarca.whitekongsoftware.com\/wp-content\/uploads\/2020\/04\/DosAguasAutismo1.jpg 1600w\" sizes=\"auto, (max-width: 1024px) 100vw, 1024px\" \/><\/figure><\/li><\/ul>\n","protected":false},"excerpt":{"rendered":"<div class=\"mh-excerpt\">Tot i que aquest any no s&#8217;ha pogut celebrar el Dia de l&#8217;autisme al Col\u00b7legi Mare de D\u00e9u del Rosari de Dos Aig\u00fces, a causa de el confinament i a la situaci\u00f3 d&#8217;excepcionalitat en qu\u00e8 <a class=\"mh-excerpt-more\" href=\"https:\/\/tucomarca.whitekongsoftware.com\/ca\/dosaigues-es-solidaritza-amb-els-malalts-dautisme-mitjancant-la-realitzacio-de-diverses-accions\/\" title=\"Dosaig\u00fces es solidaritza amb els malalts d&#8217;autisme mitjan\u00e7ant la realitzaci\u00f3 de diverses accions\">[+] <\/a><\/div>\n","protected":false},"author":1,"featured_media":102557,"comment_status":"open","ping_status":"open","sticky":false,"template":"","format":"standard","meta":{"footnotes":""},"categories":[11010,10976,10948,10894,10912,10896],"tags":[1910,11132,10914,5952],"class_list":["post-102568","post","type-post","status-publish","format-standard","has-post-thumbnail","category-canal-salud","category-dos-aguas-ca","category-infraestructuras-ca","category-la-comarca-ca","category-la-hoya-ca","category-seccion-ca","tag-autismo","tag-dos-aguas","tag-la-hoya-de-bunol-chiva-ca","tag-la-hoya-de-bunol-chiva"],"_links":{"self":[{"href":"https:\/\/tucomarca.whitekongsoftware.com\/ca\/wp-json\/wp\/v2\/posts\/102568","targetHints":{"allow":["GET"]}}],"collection":[{"href":"https:\/\/tucomarca.whitekongsoftware.com\/ca\/wp-json\/wp\/v2\/posts"}],"about":[{"href":"https:\/\/tucomarca.whitekongsoftware.com\/ca\/wp-json\/wp\/v2\/types\/post"}],"author":[{"embeddable":true,"href":"https:\/\/tucomarca.whitekongsoftware.com\/ca\/wp-json\/wp\/v2\/users\/1"}],"replies":[{"embeddable":true,"href":"https:\/\/tucomarca.whitekongsoftware.com\/ca\/wp-json\/wp\/v2\/comments?post=102568"}],"version-history":[{"count":0,"href":"https:\/\/tucomarca.whitekongsoftware.com\/ca\/wp-json\/wp\/v2\/posts\/102568\/revisions"}],"wp:featuredmedia":[{"embeddable":true,"href":"https:\/\/tucomarca.whitekongsoftware.com\/ca\/wp-json\/wp\/v2\/media\/102557"}],"wp:attachment":[{"href":"https:\/\/tucomarca.whitekongsoftware.com\/ca\/wp-json\/wp\/v2\/media?parent=102568"}],"wp:term":[{"taxonomy":"category","embeddable":true,"href":"https:\/\/tucomarca.whitekongsoftware.com\/ca\/wp-json\/wp\/v2\/categories?post=102568"},{"taxonomy":"post_tag","embeddable":true,"href":"https:\/\/tucomarca.whitekongsoftware.com\/ca\/wp-json\/wp\/v2\/tags?post=102568"}],"curies":[{"name":"wp","href":"https:\/\/api.w.org\/{rel}","templated":true}]}}