{"id":102512,"date":"2020-04-05T12:22:39","date_gmt":"2020-04-05T10:22:39","guid":{"rendered":"http:\/\/www.tucomarca.com\/wordpress\/segunda\/?p=102512"},"modified":"2020-04-05T12:22:40","modified_gmt":"2020-04-05T10:22:40","slug":"el-nombre-de-contagiats-per-coronavirus-puja-a-la-comunitat-respecte-a-ahir-pero-baixa-el-nombre-de-morts-fins-als-41","status":"publish","type":"post","link":"https:\/\/tucomarca.whitekongsoftware.com\/ca\/el-nombre-de-contagiats-per-coronavirus-puja-a-la-comunitat-respecte-a-ahir-pero-baixa-el-nombre-de-morts-fins-als-41\/","title":{"rendered":"El nombre de contagiats per coronavirus puja a la Comunitat respecte a ahir per\u00f2 baixa el nombre de morts fins als 41"},"content":{"rendered":"\n<p class=\"wp-block-paragraph\">La consellera de Sanitat Universal i Salut P\u00fablica, Ana Barcel\u00f3, ha comparegut aquest diumenge per actualitzar la informaci\u00f3 sobre la incid\u00e8ncia de l&#8217;coronavirus a la Comunitat Valenciana. Barcel\u00f3 ha destacat que s&#8217;han donat un total de 812 altes (117 des de l&#8217;actualitzaci\u00f3 d&#8217;aquest dissabte): 73 a la prov\u00edncia de Castell\u00f3, 259 a la d&#8217;Alacant i 480 a la prov\u00edncia de Val\u00e8ncia.<\/p>\n\n\n\n<p class=\"wp-block-paragraph\">A m\u00e9s, s&#8217;han detectat 283 nous casos positius, que eleven a 7.184 el total de casos positius, dels quals 1.901 es troben ingressats a l&#8217;hospital i 381 d&#8217;ells a l&#8217;UCI.<\/p>\n\n\n\n<p class=\"wp-block-paragraph\">Dels 283 nous casos positius, 65 es troben a la prov\u00edncia de Castell\u00f3, 68 a la prov\u00edncia d&#8217;Alacant i 146 a la de Val\u00e8ncia. A m\u00e9s, hi ha 4 casos que no s&#8217;han assignat encara.<\/p>\n\n\n\n<p class=\"wp-block-paragraph\">Per prov\u00edncies, el nombre total de casos positius \u00e9s de 852 a la prov\u00edncia de Castell\u00f3 (244 hospitalitzats, 44 d&#8217;ells a l&#8217;UCI), 2.627 a la prov\u00edncia d&#8217;Alacant (640 hospitalitzats i 140 d&#8217;ells a l&#8217;UCI), i 3.701 en la prov\u00edncia de Val\u00e8ncia (1.017 hospitalitzats i 197 d&#8217;ells a l&#8217;UCI). El nombre de professionals de la Sanitat que han donat positiu en total \u00e9s de 1.179 (156 a la prov\u00edncia de Castell\u00f3, 510 a la d&#8217;Alacant i 513 a la prov\u00edncia de Val\u00e8ncia).<\/p>\n\n\n\n<p class=\"wp-block-paragraph\">Fins a l&#8217;actualitat s&#8217;han produ\u00eft un total de 613 morts a la Comunitat Valenciana: 64 a la prov\u00edncia de Castell\u00f3, 263 a la Alacant i 286 a la de Val\u00e8ncia.<\/p>\n\n\n\n<p class=\"wp-block-paragraph\">Les proves que han donat un resultat negatiu fins al moment s\u00f3n 20.846.<\/p>\n\n\n\n<p class=\"wp-block-paragraph\">Fins al moment, 2.251 professionals de la Sanitat s&#8217;han inscrit a la borsa de treball habilitada per la Conselleria de Sanitat perqu\u00e8 personal m\u00e8dic i d&#8217;Infermeria jubilat amb edats fins als 70 anys i personal facultatiu que encara no t\u00e9 especialitat puguin ajudar a combatre el coronavirus.<\/p>\n\n\n\n<p class=\"wp-block-paragraph\">\u00b7 Personal m\u00e8dic jubilat amb menys de 70 anys: 103<\/p>\n\n\n\n<p class=\"wp-block-paragraph\">\u00b7 Persones graduades en Medicina sense especialitat: 985<\/p>\n\n\n\n<p class=\"wp-block-paragraph\">\u00b7 Persones graduades en Infermeria: 1.109<\/p>\n\n\n\n<p class=\"wp-block-paragraph\">\u00b7 Personal d&#8217;Infermeria jubilat amb menys de 70 anys: 54<\/p>\n\n\n\n<p class=\"wp-block-paragraph\">Actualitzaci\u00f3 de la situaci\u00f3 en resid\u00e8ncies de gent gran<\/p>\n\n\n\n<p class=\"wp-block-paragraph\">La consellera ha actualitzat tamb\u00e9 la situaci\u00f3 de les resid\u00e8ncies de majors de la Comunitat Valenciana. Fins al moment s&#8217;han detectat casos positius en 95 centres: 12 a la prov\u00edncia de Castell\u00f3, 24 a la d&#8217;Alacant i 59 a la prov\u00edncia de Val\u00e8ncia.<\/p>\n\n\n\n<p class=\"wp-block-paragraph\">\u00b7 Residents que han donat positiu: 745<\/p>\n\n\n\n<p class=\"wp-block-paragraph\">\u00b7 Personal treballador que ha donat positiu: 202<\/p>\n\n\n\n<p class=\"wp-block-paragraph\">\u00b7 Residents que han mort: 156<\/p>\n\n\n\n<p class=\"wp-block-paragraph\">A hores d&#8217;ara, es troben sota vigil\u00e0ncia activa de control sanitari 11 resid\u00e8ncies a la Comunitat Valenciana: 3 a la prov\u00edncia de Castell\u00f3, 4 a la d&#8217;Alacant i 4 a la prov\u00edncia de Val\u00e8ncia.<\/p>\n\n\n\n<p class=\"wp-block-paragraph\">Tota la informaci\u00f3 actualitzada:\u00a0\u00a0<a rel=\"noreferrer noopener\" href=\"http:\/\/www.san.gva.es\/web_estatica\/coronavirus\/coronavirus_es.html\" target=\"_blank\">consultar aqu\u00ed<\/a><\/p>\n","protected":false},"excerpt":{"rendered":"<div class=\"mh-excerpt\">La consellera de Sanitat Universal i Salut P\u00fablica, Ana Barcel\u00f3, ha comparegut aquest diumenge per actualitzar la informaci\u00f3 sobre la incid\u00e8ncia de l&#8217;coronavirus a la Comunitat Valenciana. Barcel\u00f3 ha destacat que s&#8217;han donat un total <a class=\"mh-excerpt-more\" href=\"https:\/\/tucomarca.whitekongsoftware.com\/ca\/el-nombre-de-contagiats-per-coronavirus-puja-a-la-comunitat-respecte-a-ahir-pero-baixa-el-nombre-de-morts-fins-als-41\/\" title=\"El nombre de contagiats per coronavirus puja a la Comunitat respecte a ahir per\u00f2 baixa el nombre de morts fins als 41\">[+] <\/a><\/div>\n","protected":false},"author":1,"featured_media":101530,"comment_status":"open","ping_status":"open","sticky":false,"template":"","format":"standard","meta":{"footnotes":""},"categories":[11010,10898,10948,10894,10904,10903,10947,10896,10897],"tags":[11939,11937,11940,11938,11955,11956,11951,11952],"class_list":["post-102512","post","type-post","status-publish","format-standard","has-post-thumbnail","category-canal-salud","category-ventana-ca","category-infraestructuras-ca","category-la-comarca-ca","category-sin-categorizar-ca","category-medio-ambiente-la-comarca-ca","category-politica","category-seccion-ca","category-sucesos-la-comarca-ca","tag-coronavirus-ca","tag-coronavirus","tag-covid-19-ca","tag-covid-19","tag-covid19","tag-covid19-ca","tag-covid2019","tag-covid2019-ca"],"_links":{"self":[{"href":"https:\/\/tucomarca.whitekongsoftware.com\/ca\/wp-json\/wp\/v2\/posts\/102512","targetHints":{"allow":["GET"]}}],"collection":[{"href":"https:\/\/tucomarca.whitekongsoftware.com\/ca\/wp-json\/wp\/v2\/posts"}],"about":[{"href":"https:\/\/tucomarca.whitekongsoftware.com\/ca\/wp-json\/wp\/v2\/types\/post"}],"author":[{"embeddable":true,"href":"https:\/\/tucomarca.whitekongsoftware.com\/ca\/wp-json\/wp\/v2\/users\/1"}],"replies":[{"embeddable":true,"href":"https:\/\/tucomarca.whitekongsoftware.com\/ca\/wp-json\/wp\/v2\/comments?post=102512"}],"version-history":[{"count":0,"href":"https:\/\/tucomarca.whitekongsoftware.com\/ca\/wp-json\/wp\/v2\/posts\/102512\/revisions"}],"wp:featuredmedia":[{"embeddable":true,"href":"https:\/\/tucomarca.whitekongsoftware.com\/ca\/wp-json\/wp\/v2\/media\/101530"}],"wp:attachment":[{"href":"https:\/\/tucomarca.whitekongsoftware.com\/ca\/wp-json\/wp\/v2\/media?parent=102512"}],"wp:term":[{"taxonomy":"category","embeddable":true,"href":"https:\/\/tucomarca.whitekongsoftware.com\/ca\/wp-json\/wp\/v2\/categories?post=102512"},{"taxonomy":"post_tag","embeddable":true,"href":"https:\/\/tucomarca.whitekongsoftware.com\/ca\/wp-json\/wp\/v2\/tags?post=102512"}],"curies":[{"name":"wp","href":"https:\/\/api.w.org\/{rel}","templated":true}]}}