{"id":102497,"date":"2020-04-04T22:13:14","date_gmt":"2020-04-04T20:13:14","guid":{"rendered":"http:\/\/www.tucomarca.com\/wordpress\/segunda\/?p=102497"},"modified":"2020-04-04T22:13:16","modified_gmt":"2020-04-04T20:13:16","slug":"una-setmana-santa-confinada-a-traves-de-youtube-gracies-a-el-rector-de-les-esglesies-de-bunyol-i-setaigues","status":"publish","type":"post","link":"https:\/\/tucomarca.whitekongsoftware.com\/ca\/una-setmana-santa-confinada-a-traves-de-youtube-gracies-a-el-rector-de-les-esglesies-de-bunyol-i-setaigues\/","title":{"rendered":"Una Setmana Santa confinada, a trav\u00e9s de YouTube, gr\u00e0cies a el rector de les esgl\u00e9sies de Bunyol i Setaig\u00fces"},"content":{"rendered":"\n<p class=\"wp-block-paragraph\"><strong>Enrique Boronat, el rector de les parr\u00f2quies de Sant Pere Ap\u00f2stol i de La nostra Senyora dels Dolors, a Bunyol; i de Sant Joan Baptista, en Set Aig\u00fces ha creat un canal de YouTube perqu\u00e8 els feligresos rebin les misses en els seus domicilis durant aquests durs dies de confinament.<\/strong><\/p>\n\n\n\n<figure class=\"wp-block-image\"><img loading=\"lazy\" decoding=\"async\" width=\"787\" height=\"328\" src=\"http:\/\/www.tucomarca.com\/wordpress\/segunda\/wp-content\/uploads\/2020\/04\/programaSemanaSanta.jpg\" alt=\"\" class=\"wp-image-102477\" srcset=\"https:\/\/tucomarca.whitekongsoftware.com\/wp-content\/uploads\/2020\/04\/programaSemanaSanta.jpg 787w, https:\/\/tucomarca.whitekongsoftware.com\/wp-content\/uploads\/2020\/04\/programaSemanaSanta-300x125.jpg 300w, https:\/\/tucomarca.whitekongsoftware.com\/wp-content\/uploads\/2020\/04\/programaSemanaSanta-768x320.jpg 768w\" sizes=\"auto, (max-width: 787px) 100vw, 787px\" \/><\/figure>\n\n\n\n<p class=\"wp-block-paragraph\">Com ha explicat el mateix Enrique Boronat a<strong> tucomarca.com<\/strong>, &#8220;he decidit posar en marxa aquest canal de directes a YouTube, a m\u00e9s de per donar servei a les persones que no poden sortir de casa, perqu\u00e8 \u00e9s m\u00e9s f\u00e0cil aix\u00ed, ja que les persones m\u00e9s grans poden accedir nom\u00e9s clicant a l&#8217;enlla\u00e7 &#8220;.<\/p>\n\n\n\n<p class=\"wp-block-paragraph\">&#8220;En principi vaig comen\u00e7ar per Facebook per\u00f2 per a moltes persones \u00e9s complicat fer-se un perfil&#8221;, ha afegit el rector. &#8220;Pel que ara connecto la retransmissi\u00f3 a la megafonia de la parr\u00f2quia, d&#8217;aquesta manera s&#8217;escolta perfectament, tamb\u00e9 tenen l&#8217;enlla\u00e7 a la resid\u00e8ncia que des d&#8217;un Smart TV poden posar-se-als residents&#8221;, com ha explicat el rector.<\/p>\n\n\n\n<p class=\"wp-block-paragraph\">Enrique Boronat a detallat a <strong>tucomarca.com<\/strong> que &#8220;aquest Diumenge de Rams celebrem cada un dels sacerdots, Alirio, Flaunei i jo, en les diferents parr\u00f2quies despr\u00e9s de les dotze, ja que a aquesta hora estem convocats a cantar el &#8216;Himne a Bunyol &#8216;. Despr\u00e9s d&#8217;aquest acte jo retransmitir\u00e9 des Siete Aguas. Despr\u00e9s ja el dijous Sant ens anem a ajuntar els tres sacerdots en Set Aig\u00fces ja que la lit\u00fargia \u00e9s m\u00e9s dif\u00edcil viure-la, llavors ens anem a ajuntar cada dia en un lloc. el Divendres Sant el farem a la parr\u00f2quia de la nostra Senyora dels Dolors, a Las Ventas, i la Vetlla Pasqual, el dissabte Sant a Sant Pere Ap\u00f2stol &#8220;.<\/p>\n\n\n\n<p class=\"wp-block-paragraph\">Aix\u00ed doncs, aquest Diumenge de Pasqua hi ha missa programa a les dotze del mat\u00ed des cadascuna de les parr\u00f2quies, &#8220;encara que jo des del canal retransmitir\u00e9 el que jo celebri, el canal de YouTube estar\u00e0 transmetent tota la Setmana Santa&#8221;, com ha explicat el rector a tucomarca.com.<\/p>\n\n\n\n<p class=\"wp-block-paragraph\">El canal funciona mitjan\u00e7ant subscripci\u00f3 gratu\u00efta a YouTube, si es vol participar al xat, encara que es pot accedir directament per escoltar les misses que es retransmeten cada dia a les 12 del mat\u00ed des del seg\u00fcent enlla\u00e7:<\/p>\n\n\n\n<p class=\"wp-block-paragraph\"><a href=\"https:\/\/www.youtube.com\/channel\/UCMcu2JszGTXrcXPexPbZT7g\">https:\/\/www.youtube.com\/channel\/UCMcu2JszGTXrcXPexPbZT7g<\/a><\/p>\n","protected":false},"excerpt":{"rendered":"<div class=\"mh-excerpt\">Enrique Boronat, el rector de les parr\u00f2quies de Sant Pere Ap\u00f2stol i de La nostra Senyora dels Dolors, a Bunyol; i de Sant Joan Baptista, en Set Aig\u00fces ha creat un canal de YouTube perqu\u00e8 <a class=\"mh-excerpt-more\" href=\"https:\/\/tucomarca.whitekongsoftware.com\/ca\/una-setmana-santa-confinada-a-traves-de-youtube-gracies-a-el-rector-de-les-esglesies-de-bunyol-i-setaigues\/\" title=\"Una Setmana Santa confinada, a trav\u00e9s de YouTube, gr\u00e0cies a el rector de les esgl\u00e9sies de Bunyol i Setaig\u00fces\">[+] <\/a><\/div>\n","protected":false},"author":12,"featured_media":102481,"comment_status":"open","ping_status":"open","sticky":false,"template":"","format":"standard","meta":{"footnotes":""},"categories":[11019,10911,11010,10894,10912,10896,10979,10897],"tags":[10913,10385,11939,11937,11940,11938,11952,11951,11974,11973,10381,11157],"class_list":["post-102497","post","type-post","status-publish","format-standard","has-post-thumbnail","category-agenda-ca","category-bunol-ca","category-canal-salud","category-la-comarca-ca","category-la-hoya-ca","category-seccion-ca","category-siete-aguas-ca","category-sucesos-la-comarca-ca","tag-bunol-ca","tag-bunol","tag-coronavirus-ca","tag-coronavirus","tag-covid-19-ca","tag-covid-19","tag-covid2019-ca","tag-covid2019","tag-parroquias-de-bunol-y-siete-aguas-ca","tag-parroquias-de-bunol-y-siete-aguas","tag-siete-aguas","tag-siete-aguas-ca"],"_links":{"self":[{"href":"https:\/\/tucomarca.whitekongsoftware.com\/ca\/wp-json\/wp\/v2\/posts\/102497","targetHints":{"allow":["GET"]}}],"collection":[{"href":"https:\/\/tucomarca.whitekongsoftware.com\/ca\/wp-json\/wp\/v2\/posts"}],"about":[{"href":"https:\/\/tucomarca.whitekongsoftware.com\/ca\/wp-json\/wp\/v2\/types\/post"}],"author":[{"embeddable":true,"href":"https:\/\/tucomarca.whitekongsoftware.com\/ca\/wp-json\/wp\/v2\/users\/12"}],"replies":[{"embeddable":true,"href":"https:\/\/tucomarca.whitekongsoftware.com\/ca\/wp-json\/wp\/v2\/comments?post=102497"}],"version-history":[{"count":0,"href":"https:\/\/tucomarca.whitekongsoftware.com\/ca\/wp-json\/wp\/v2\/posts\/102497\/revisions"}],"wp:featuredmedia":[{"embeddable":true,"href":"https:\/\/tucomarca.whitekongsoftware.com\/ca\/wp-json\/wp\/v2\/media\/102481"}],"wp:attachment":[{"href":"https:\/\/tucomarca.whitekongsoftware.com\/ca\/wp-json\/wp\/v2\/media?parent=102497"}],"wp:term":[{"taxonomy":"category","embeddable":true,"href":"https:\/\/tucomarca.whitekongsoftware.com\/ca\/wp-json\/wp\/v2\/categories?post=102497"},{"taxonomy":"post_tag","embeddable":true,"href":"https:\/\/tucomarca.whitekongsoftware.com\/ca\/wp-json\/wp\/v2\/tags?post=102497"}],"curies":[{"name":"wp","href":"https:\/\/api.w.org\/{rel}","templated":true}]}}