{"id":102490,"date":"2020-04-04T21:37:04","date_gmt":"2020-04-04T19:37:04","guid":{"rendered":"http:\/\/www.tucomarca.com\/wordpress\/segunda\/?p=102490"},"modified":"2020-04-04T21:37:05","modified_gmt":"2020-04-04T19:37:05","slug":"277-contagiats-i-60-morts-mes-en-24-hores-a-la-comunitat-per-coronavirus-en-el-dia-en-que-sanchez-perllonga-el-confinament-de-moment-a-el-dia-26","status":"publish","type":"post","link":"https:\/\/tucomarca.whitekongsoftware.com\/ca\/277-contagiats-i-60-morts-mes-en-24-hores-a-la-comunitat-per-coronavirus-en-el-dia-en-que-sanchez-perllonga-el-confinament-de-moment-a-el-dia-26\/","title":{"rendered":"277 contagiats i 60 morts m\u00e9s en 24 hores a la Comunitat per Coronavirus en el dia en qu\u00e8 S\u00e1nchez perllonga el confinament, de moment, a el dia 26"},"content":{"rendered":"\n<p class=\"wp-block-paragraph\">Aquest dissabte, la consellera de Sanitat Universal i Salut P\u00fablica, Ana Barcel\u00f3, ha comparegut per actualitzar la informaci\u00f3 sobre la incid\u00e8ncia de l&#8217;coronavirus a la Comunitat Valenciana. Barcel\u00f3 ha celebrat que s&#8217;hagin donat un total de 695 altes (103 des de l&#8217;actualitzaci\u00f3 d&#8217;aquest divendres i 455 en els \u00faltims tres dies): 56 a la prov\u00edncia de Castell\u00f3, 214 a la d&#8217;Alacant i 425 a la prov\u00edncia de Val\u00e8ncia.<\/p>\n\n\n\n<p class=\"wp-block-paragraph\">A m\u00e9s, s&#8217;han detectat 277 nous casos positius, que eleven a 6.901 el total de casos positius, dels quals 1.977 es troben ingressats a l&#8217;hospital i 386 d&#8217;ells a l&#8217;UCI.<\/p>\n\n\n\n<p class=\"wp-block-paragraph\">Dels 277 nous casos positius, 47 es troben a la prov\u00edncia de Castell\u00f3, 114 a la prov\u00edncia d&#8217;Alacant i 116 a la de Val\u00e8ncia.<\/p>\n\n\n\n<p class=\"wp-block-paragraph\">Per prov\u00edncies, el nombre total de casos positius \u00e9s de 787 a la prov\u00edncia de Castell\u00f3 (242 hospitalitzats, 43 d&#8217;ells a l&#8217;UCI), 2.559 a la prov\u00edncia d&#8217;Alacant (684 hospitalitzats i 143 d&#8217;ells a l&#8217;UCI), i 3.555 en la prov\u00edncia de Val\u00e8ncia (1.051 hospitalitzats i 200 d&#8217;ells a l&#8217;UCI). El nombre de professionals sanitaris que han donat positiu en total \u00e9s de 1.137 (136 a la prov\u00edncia de Castell\u00f3, 498 a la d&#8217;Alacant i 503 a la prov\u00edncia de Val\u00e8ncia).<\/p>\n\n\n\n<p class=\"wp-block-paragraph\">Fins aquest dissabte s&#8217;han produ\u00eft un total de 571 morts a la Comunitat Valenciana: 56 a la prov\u00edncia de Castell\u00f3, 245 a la Alacant i 270 a la de Val\u00e8ncia.<\/p>\n\n\n\n<p class=\"wp-block-paragraph\">Les proves que han donat un resultat negatiu fins al moment s\u00f3n 19.808.<\/p>\n\n\n\n<p class=\"wp-block-paragraph\">Fins al moment, 2.239 professionals de la Sanitat s&#8217;han inscrit a la borsa de treball habilitada per la Conselleria de Sanitat perqu\u00e8 personal m\u00e8dic i d&#8217;Infermeria jubilat amb edats fins als 70 anys i personal facultatiu que encara no t\u00e9 especialitat puguin ajudar a combatre el coronavirus.<\/p>\n\n\n\n<p class=\"wp-block-paragraph\">\u00b7 Personal m\u00e8dic amb menys de 70 anys: 103<\/p>\n\n\n\n<p class=\"wp-block-paragraph\">\u00b7 Persones graduades en Medicina sense especialitat: 980<\/p>\n\n\n\n<p class=\"wp-block-paragraph\">\u00b7 Persones graduades en Infermeria: 1.102<\/p>\n\n\n\n<p class=\"wp-block-paragraph\">\u00b7 Personal jubilat d&#8217;Infermeria amb menys de 70 anys: 54<\/p>\n\n\n\n<p class=\"wp-block-paragraph\"><strong>Actualitzaci\u00f3 de la situaci\u00f3 en resid\u00e8ncies de majors<\/strong><\/p>\n\n\n\n<p class=\"wp-block-paragraph\">La consellera ha actualizado tambi\u00e9n la situaci\u00f3n de las residencias de mayores de la Comunitat Valenciana. Hasta el momento se han detectado casos positivos en 91 centros: Residentes que han dado positivo: 658. Personal trabajador que ha dado positivo: 185. Residentes que han fallecido: 137.<\/p>\n\n\n\n<p class=\"wp-block-paragraph\">A hores d&#8217;ara, es troben sota vigil\u00e0ncia activa de control sanitari setembre resid\u00e8ncies a la Comunitat Valenciana: 2 a la prov\u00edncia de Castell\u00f3, 4 a la d&#8217;Alacant i 3 a la prov\u00edncia de Val\u00e8ncia.<\/p>\n\n\n\n<p class=\"wp-block-paragraph\"><strong>Fins al 26 d&#8217;abril, a casa<\/strong><\/p>\n\n\n\n<p class=\"wp-block-paragraph\">Tal com es preveia, el president de Govern. Pedro S\u00e1nchez ha anunciat aquest dissabte una pr\u00f2rroga de l&#8217;estat d&#8217;alarma que es prolongar\u00e0 fins al pr\u00f2xim 26 d&#8217;abril.<\/p>\n\n\n\n<p class=\"wp-block-paragraph\">Tot i aix\u00f2, el president ha advertit que ser\u00e0 &#8220;necessari tornar a prorrogar l&#8217;estat d&#8217;alerta de nou&#8221; i ha aventurat que &#8220;els sectors no essencials que s&#8217;han paralitzat fins al 9 d&#8217;abril podran tornar a treballar&#8221;, ja que el decret que ordenava la &#8220;hibernaci\u00f3 de l&#8217;economia&#8221; creu que no es prorrogar\u00e0, ja que l&#8217;escenari que el Govern desitja \u00e9s, despr\u00e9s de Setmana Santa, tornar a l&#8217;confinament que hi havia a el principi de declarar-se l&#8217;estat d&#8217;alerta.<\/p>\n\n\n\n<p class=\"wp-block-paragraph\">El format en qu\u00e8 el president ha ofert la seua compareixen\u00e7a ha estat l&#8217;habitual, de manera que, de nou, el Secretar\u00edo d&#8217;Estat de Comunicaci\u00f3 ha tornat a ser el filtre que ha impedit als periodistes formular directament les sevues preguntes en directe a el president de Govern; i aquest s&#8217;ha limitat a respondre \u00fanicament les seleccionades.<\/p>\n","protected":false},"excerpt":{"rendered":"<div class=\"mh-excerpt\">Aquest dissabte, la consellera de Sanitat Universal i Salut P\u00fablica, Ana Barcel\u00f3, ha comparegut per actualitzar la informaci\u00f3 sobre la incid\u00e8ncia de l&#8217;coronavirus a la Comunitat Valenciana. Barcel\u00f3 ha celebrat que s&#8217;hagin donat un total <a class=\"mh-excerpt-more\" href=\"https:\/\/tucomarca.whitekongsoftware.com\/ca\/277-contagiats-i-60-morts-mes-en-24-hores-a-la-comunitat-per-coronavirus-en-el-dia-en-que-sanchez-perllonga-el-confinament-de-moment-a-el-dia-26\/\" title=\"277 contagiats i 60 morts m\u00e9s en 24 hores a la Comunitat per Coronavirus en el dia en qu\u00e8 S\u00e1nchez perllonga el confinament, de moment, a el dia 26\">[+] <\/a><\/div>\n","protected":false},"author":1,"featured_media":102484,"comment_status":"open","ping_status":"open","sticky":false,"template":"","format":"standard","meta":{"footnotes":""},"categories":[11010,10898,10948,10894,10904,10947,10896,10897],"tags":[11939,11937,11938,11940,11951,11952],"class_list":["post-102490","post","type-post","status-publish","format-standard","has-post-thumbnail","category-canal-salud","category-ventana-ca","category-infraestructuras-ca","category-la-comarca-ca","category-sin-categorizar-ca","category-politica","category-seccion-ca","category-sucesos-la-comarca-ca","tag-coronavirus-ca","tag-coronavirus","tag-covid-19","tag-covid-19-ca","tag-covid2019","tag-covid2019-ca"],"_links":{"self":[{"href":"https:\/\/tucomarca.whitekongsoftware.com\/ca\/wp-json\/wp\/v2\/posts\/102490","targetHints":{"allow":["GET"]}}],"collection":[{"href":"https:\/\/tucomarca.whitekongsoftware.com\/ca\/wp-json\/wp\/v2\/posts"}],"about":[{"href":"https:\/\/tucomarca.whitekongsoftware.com\/ca\/wp-json\/wp\/v2\/types\/post"}],"author":[{"embeddable":true,"href":"https:\/\/tucomarca.whitekongsoftware.com\/ca\/wp-json\/wp\/v2\/users\/1"}],"replies":[{"embeddable":true,"href":"https:\/\/tucomarca.whitekongsoftware.com\/ca\/wp-json\/wp\/v2\/comments?post=102490"}],"version-history":[{"count":0,"href":"https:\/\/tucomarca.whitekongsoftware.com\/ca\/wp-json\/wp\/v2\/posts\/102490\/revisions"}],"wp:featuredmedia":[{"embeddable":true,"href":"https:\/\/tucomarca.whitekongsoftware.com\/ca\/wp-json\/wp\/v2\/media\/102484"}],"wp:attachment":[{"href":"https:\/\/tucomarca.whitekongsoftware.com\/ca\/wp-json\/wp\/v2\/media?parent=102490"}],"wp:term":[{"taxonomy":"category","embeddable":true,"href":"https:\/\/tucomarca.whitekongsoftware.com\/ca\/wp-json\/wp\/v2\/categories?post=102490"},{"taxonomy":"post_tag","embeddable":true,"href":"https:\/\/tucomarca.whitekongsoftware.com\/ca\/wp-json\/wp\/v2\/tags?post=102490"}],"curies":[{"name":"wp","href":"https:\/\/api.w.org\/{rel}","templated":true}]}}