{"id":102424,"date":"2020-04-03T14:33:49","date_gmt":"2020-04-03T12:33:49","guid":{"rendered":"http:\/\/www.tucomarca.com\/wordpress\/segunda\/?p=102424"},"modified":"2020-04-03T14:33:51","modified_gmt":"2020-04-03T12:33:51","slug":"la-comunitat-registra-316-nous-casos-de-coronavirus-que-eleven-a-6-624-el-total-mentre-espanya-suma-932-morts-mes-en-un-dia-i-amb-117-710-supera-italia-en-contagiats","status":"publish","type":"post","link":"https:\/\/tucomarca.whitekongsoftware.com\/ca\/la-comunitat-registra-316-nous-casos-de-coronavirus-que-eleven-a-6-624-el-total-mentre-espanya-suma-932-morts-mes-en-un-dia-i-amb-117-710-supera-italia-en-contagiats\/","title":{"rendered":"La Comunitat registra 316 nous casos de coronavirus que eleven a 6.624 el total mentre Espanya suma 932 morts m\u00e9s en un dia i amb 117.710 supera It\u00e0lia en contagiats"},"content":{"rendered":"\n<p class=\"wp-block-paragraph\">La xifra de contagiats i morts a Espanya ha tornat a cr\u00e9ixer i aquest divendres s\u00f3n 117.710 els contagis confirmats als quals cal sumar un nou pic de morts constatades en un sol dia, 932 v\u00edctimes, la qual cosa eleva el total de morts a 10.935 persones fins al moment.<\/p>\n\n\n\n<p class=\"wp-block-paragraph\">Hui Espanya tamb\u00e9 ha avan\u00e7at a It\u00e0lia en el nombre de contagiats, on segons les dades de l&#8217;Ministeri de Sanitat d&#8217;aquest divendres els 117.710 diagnosticats suposen un creixement de l&#8217;6,7% (7.472 persones) a qu\u00e8 el nostre pa\u00eds avan\u00e7a ja en gaireb\u00e9 2.500 infectats. Espanya es converteix a m\u00e9s en el segon pa\u00eds d&#8217;el planeta amb m\u00e9s casos notificats, nom\u00e9s per darrere dels Estats Units que registra ara 245.000 infectats.<\/p>\n\n\n\n<p class=\"wp-block-paragraph\">Tamb\u00e9, 6.416 pacients estan ingressats a l&#8217;UCI, 324 m\u00e9s (5,31%, dos punts m\u00e9s que ahir), i altres 8.270 persones m\u00e9s s&#8217;han recuperat de l&#8217;Covid-19 (34,73%, gaireb\u00e9 el doble), amb la qual que ja s\u00f3n 30.513.<\/p>\n\n\n\n<p class=\"wp-block-paragraph\">A la Comunitat Valenciana, la consellera de Sanitat Universal i Salut P\u00fablica, Ana Barcel\u00f3, ha comparegut aquest divendres per actualitzar la informaci\u00f3 sobre la incid\u00e8ncia de coronavirus a la Comunitat Valenciana. Barcel\u00f3 ha celebrat que s&#8217;han donat 592 altes, 160 des de l&#8217;actualitzaci\u00f3 d&#8217;aquest dijous, i 352 en els \u00faltims dos dies: 35 a la prov\u00edncia de Castell\u00f3, 209 a la d&#8217;Alacant i 348 a la prov\u00edncia de Val\u00e8ncia.<\/p>\n\n\n\n<p class=\"wp-block-paragraph\">A m\u00e9s, s&#8217;han detectat 316 nous casos positius (70 menys que dijous), que eleven a 6.624 el total de casos positius, dels quals 2.064 es troben ingressats a l&#8217;hospital i 386 d&#8217;ells a l&#8217;UCI. Dels 316 nous casos positius, 43 es troben a la prov\u00edncia de Castell\u00f3, 125 a la prov\u00edncia d&#8217;Alacant i 148 a la de Val\u00e8ncia.<\/p>\n\n\n\n<p class=\"wp-block-paragraph\">Per prov\u00edncies, el nombre total de casos positius \u00e9s de 740 a la prov\u00edncia de Castell\u00f3 (219 hospitalitzats, 43 d&#8217;ells a l&#8217;UCI), 2.445 a la prov\u00edncia d&#8217;Alacant (740 hospitalitzats i 144 d&#8217;ells a l&#8217;UCI), i 3.439 en la prov\u00edncia de Val\u00e8ncia (1.105 hospitalitzats i 199 d&#8217;ells a l&#8217;UCI).<\/p>\n\n\n\n<p class=\"wp-block-paragraph\">El nombre de professionals sanitaris que han donat positiu en total \u00e9s de 1.100 (133 a la prov\u00edncia de Castell\u00f3, 472 a la d&#8217;Alacant i 495 a la prov\u00edncia de Val\u00e8ncia). Fins aquest divendres, hi ha hagut un total de 511 morts a la Comunitat Valenciana: 50 a la prov\u00edncia de Castell\u00f3, 219 a la Alacant i 242 a la de Val\u00e8ncia.<\/p>\n\n\n\n<p class=\"wp-block-paragraph\">Les proves que han donat un resultat negatiu s\u00f3n 18.647 en total.<\/p>\n\n\n\n<p class=\"wp-block-paragraph\">Fins al moment, 2.209 professionals sanitaris s&#8217;han inscrit a la borsa de treball habilitada per la Conselleria de Sanitat perqu\u00e8 metges, metgesses i infermeres jubilats fins als 70 anys i metges i metgesses que encara no tenen especialitat puguin ajudar a combatre el coronavirus.<\/p>\n\n\n\n<p class=\"wp-block-paragraph\">\u00b7 Personal facultatius jubilat menor de 70 anys: 100<\/p>\n\n\n\n<p class=\"wp-block-paragraph\">\u00b7 Personal graduat en Medicina sense especialitat: 964<\/p>\n\n\n\n<p class=\"wp-block-paragraph\">\u00b7 Personal graduat en Infermeria: 1.092<\/p>\n\n\n\n<p class=\"wp-block-paragraph\">\u00b7 Personal jubilats Infermeria menor de 70 anys: 53<\/p>\n\n\n\n<p class=\"wp-block-paragraph\"><strong>Actualitzaci\u00f3 de la situaci\u00f3 en resid\u00e8ncies de gent gran<\/strong><\/p>\n\n\n\n<p class=\"wp-block-paragraph\">La consellera ha actualitzat tamb\u00e9 la situaci\u00f3 de les resid\u00e8ncies de persones majors de la Comunitat Valenciana. Fins al moment, s&#8217;han detectat casos positius en 91 centres (12 a la prov\u00edncia de Castell\u00f3, 24 a la prov\u00edncia d&#8217;Alacant, 55 a la prov\u00edncia de Val\u00e8ncia):<\/p>\n\n\n\n<p class=\"wp-block-paragraph\">\u00b7 Residents que han donat positiu: 604<\/p>\n\n\n\n<p class=\"wp-block-paragraph\">\u00b7 Personal treballador que han donat positiu: 176<\/p>\n\n\n\n<p class=\"wp-block-paragraph\">\u00b7 Residents morts: 131<\/p>\n\n\n\n<p class=\"wp-block-paragraph\">A hores d&#8217;ara, es troben sota vigil\u00e0ncia activa de control sanitari 8 resid\u00e8ncies a la Comunitat Valenciana: 2 a la prov\u00edncia de Castell\u00f3, 2 a la d&#8217;Alacant i 4 a la prov\u00edncia de Val\u00e8ncia.<\/p>\n\n\n\n<p class=\"wp-block-paragraph\">Tota la informaci\u00f3 actualitzada:\u00a0\u00a0<a rel=\"noreferrer noopener\" href=\"http:\/\/www.san.gva.es\/web_estatica\/coronavirus\/coronavirus_es.html\" target=\"_blank\">consultar aqu\u00ed<\/a><\/p>\n","protected":false},"excerpt":{"rendered":"<div class=\"mh-excerpt\">La xifra de contagiats i morts a Espanya ha tornat a cr\u00e9ixer i aquest divendres s\u00f3n 117.710 els contagis confirmats als quals cal sumar un nou pic de morts constatades en un sol dia, 932 <a class=\"mh-excerpt-more\" href=\"https:\/\/tucomarca.whitekongsoftware.com\/ca\/la-comunitat-registra-316-nous-casos-de-coronavirus-que-eleven-a-6-624-el-total-mentre-espanya-suma-932-morts-mes-en-un-dia-i-amb-117-710-supera-italia-en-contagiats\/\" title=\"La Comunitat registra 316 nous casos de coronavirus que eleven a 6.624 el total mentre Espanya suma 932 morts m\u00e9s en un dia i amb 117.710 supera It\u00e0lia en contagiats\">[+] <\/a><\/div>\n","protected":false},"author":1,"featured_media":102185,"comment_status":"open","ping_status":"open","sticky":false,"template":"","format":"standard","meta":{"footnotes":""},"categories":[11010,10898,10948,10894,10904,10903,10947,10896,10897],"tags":[11939,11937,11940,11938,11952,11951],"class_list":["post-102424","post","type-post","status-publish","format-standard","has-post-thumbnail","category-canal-salud","category-ventana-ca","category-infraestructuras-ca","category-la-comarca-ca","category-sin-categorizar-ca","category-medio-ambiente-la-comarca-ca","category-politica","category-seccion-ca","category-sucesos-la-comarca-ca","tag-coronavirus-ca","tag-coronavirus","tag-covid-19-ca","tag-covid-19","tag-covid2019-ca","tag-covid2019"],"_links":{"self":[{"href":"https:\/\/tucomarca.whitekongsoftware.com\/ca\/wp-json\/wp\/v2\/posts\/102424","targetHints":{"allow":["GET"]}}],"collection":[{"href":"https:\/\/tucomarca.whitekongsoftware.com\/ca\/wp-json\/wp\/v2\/posts"}],"about":[{"href":"https:\/\/tucomarca.whitekongsoftware.com\/ca\/wp-json\/wp\/v2\/types\/post"}],"author":[{"embeddable":true,"href":"https:\/\/tucomarca.whitekongsoftware.com\/ca\/wp-json\/wp\/v2\/users\/1"}],"replies":[{"embeddable":true,"href":"https:\/\/tucomarca.whitekongsoftware.com\/ca\/wp-json\/wp\/v2\/comments?post=102424"}],"version-history":[{"count":0,"href":"https:\/\/tucomarca.whitekongsoftware.com\/ca\/wp-json\/wp\/v2\/posts\/102424\/revisions"}],"wp:featuredmedia":[{"embeddable":true,"href":"https:\/\/tucomarca.whitekongsoftware.com\/ca\/wp-json\/wp\/v2\/media\/102185"}],"wp:attachment":[{"href":"https:\/\/tucomarca.whitekongsoftware.com\/ca\/wp-json\/wp\/v2\/media?parent=102424"}],"wp:term":[{"taxonomy":"category","embeddable":true,"href":"https:\/\/tucomarca.whitekongsoftware.com\/ca\/wp-json\/wp\/v2\/categories?post=102424"},{"taxonomy":"post_tag","embeddable":true,"href":"https:\/\/tucomarca.whitekongsoftware.com\/ca\/wp-json\/wp\/v2\/tags?post=102424"}],"curies":[{"name":"wp","href":"https:\/\/api.w.org\/{rel}","templated":true}]}}