{"id":102394,"date":"2020-04-03T12:20:42","date_gmt":"2020-04-03T10:20:42","guid":{"rendered":"http:\/\/www.tucomarca.com\/wordpress\/segunda\/?p=102394"},"modified":"2020-04-10T12:28:30","modified_gmt":"2020-04-10T10:28:30","slug":"lajuntament-de-cortes-de-pallas-elabora-un-video-per-ajudar-els-seus-conveins-a-portar-el-confinament","status":"publish","type":"post","link":"https:\/\/tucomarca.whitekongsoftware.com\/ca\/lajuntament-de-cortes-de-pallas-elabora-un-video-per-ajudar-els-seus-conveins-a-portar-el-confinament\/","title":{"rendered":"L&#8217;Ajuntament de Cortes de Pall\u00e0s elabora un v\u00eddeo per ajudar els seus conve\u00efns a portar el confinament"},"content":{"rendered":"\n<figure class=\"wp-block-embed-youtube wp-block-embed is-type-video is-provider-youtube wp-embed-aspect-16-9 wp-has-aspect-ratio\"><div class=\"wp-block-embed__wrapper\">\n<iframe loading=\"lazy\" title=\"V\u00eddeo &quot;Resistir\u00e9&quot; del Ayuntamiento de Cortes de Pall\u00e1s\" width=\"500\" height=\"281\" src=\"https:\/\/www.youtube.com\/embed\/eCk7L3v4kW8?feature=oembed\" frameborder=\"0\" allow=\"accelerometer; autoplay; clipboard-write; encrypted-media; gyroscope; picture-in-picture; web-share\" referrerpolicy=\"strict-origin-when-cross-origin\" allowfullscreen><\/iframe>\n<\/div><\/figure>\n\n\n\n<p class=\"wp-block-paragraph\">L&#8217;Ajuntament de Cortes de Pall\u00e0 ha elaborat un v\u00eddeo en qu\u00e8 anima els seus conve\u00efns a passar aquests dies de confinament a casa i en el qual recorda que aquesta situaci\u00f3 passar\u00e0 i que despr\u00e9s d&#8217;ella es podr\u00e0 tornar gaudir de totes dels atractius que el municipi ofereix durant tot l&#8217;any.<\/p>\n\n\n\n<p class=\"wp-block-paragraph\">Aix\u00ed, al v\u00eddeo que mostra diverses imatges fotogr\u00e0fiques es destaca que despr\u00e9s del confinament es podr\u00e0 gaudir no nom\u00e9s dels bells i nombrosos paisatges en totes les \u00e8poques de l&#8217;any; sin\u00f3 tamb\u00e9 de les seves festes tradicionals i patronals a Cortes de Pall\u00e0s, en els llogarets o dels Majos; de la seua rica gastronomia com l&#8217;Olla de Vi\u00f1uelas; de les seves esdeveniments esportius com la travessia nedant de l&#8217;embassament, la carrera de la Cabezuela o la de Cortes de Pall\u00e0s; de la m\u00fasica de les seves bandes; aix\u00ed com de la recreaci\u00f3 hist\u00f2rica de l&#8217;expulsi\u00f3 dels moriscos.<\/p>\n","protected":false},"excerpt":{"rendered":"<div class=\"mh-excerpt\">L&#8217;Ajuntament de Cortes de Pall\u00e0 ha elaborat un v\u00eddeo en qu\u00e8 anima els seus conve\u00efns a passar aquests dies de confinament a casa i en el qual recorda que aquesta situaci\u00f3 passar\u00e0 i que despr\u00e9s <a class=\"mh-excerpt-more\" href=\"https:\/\/tucomarca.whitekongsoftware.com\/ca\/lajuntament-de-cortes-de-pallas-elabora-un-video-per-ajudar-els-seus-conveins-a-portar-el-confinament\/\" title=\"L&#8217;Ajuntament de Cortes de Pall\u00e0s elabora un v\u00eddeo per ajudar els seus conve\u00efns a portar el confinament\">[+] <\/a><\/div>\n","protected":false},"author":1,"featured_media":102369,"comment_status":"open","ping_status":"open","sticky":false,"template":"","format":"video","meta":{"footnotes":""},"categories":[10951,11010,10953,10948,10894,10903,10947,10896,10897,11062],"tags":[11937,10392,11938,11951],"class_list":["post-102394","post","type-post","status-publish","format-video","has-post-thumbnail","category-ayora-cofrentes-ca","category-canal-salud","category-cortes-de-pallas-ca","category-infraestructuras-ca","category-la-comarca-ca","category-medio-ambiente-la-comarca-ca","category-politica","category-seccion-ca","category-sucesos-la-comarca-ca","category-videos","tag-coronavirus","tag-cortes-de-pallas","tag-covid-19","tag-covid2019","post_format-post-format-video"],"_links":{"self":[{"href":"https:\/\/tucomarca.whitekongsoftware.com\/ca\/wp-json\/wp\/v2\/posts\/102394","targetHints":{"allow":["GET"]}}],"collection":[{"href":"https:\/\/tucomarca.whitekongsoftware.com\/ca\/wp-json\/wp\/v2\/posts"}],"about":[{"href":"https:\/\/tucomarca.whitekongsoftware.com\/ca\/wp-json\/wp\/v2\/types\/post"}],"author":[{"embeddable":true,"href":"https:\/\/tucomarca.whitekongsoftware.com\/ca\/wp-json\/wp\/v2\/users\/1"}],"replies":[{"embeddable":true,"href":"https:\/\/tucomarca.whitekongsoftware.com\/ca\/wp-json\/wp\/v2\/comments?post=102394"}],"version-history":[{"count":0,"href":"https:\/\/tucomarca.whitekongsoftware.com\/ca\/wp-json\/wp\/v2\/posts\/102394\/revisions"}],"wp:featuredmedia":[{"embeddable":true,"href":"https:\/\/tucomarca.whitekongsoftware.com\/ca\/wp-json\/wp\/v2\/media\/102369"}],"wp:attachment":[{"href":"https:\/\/tucomarca.whitekongsoftware.com\/ca\/wp-json\/wp\/v2\/media?parent=102394"}],"wp:term":[{"taxonomy":"category","embeddable":true,"href":"https:\/\/tucomarca.whitekongsoftware.com\/ca\/wp-json\/wp\/v2\/categories?post=102394"},{"taxonomy":"post_tag","embeddable":true,"href":"https:\/\/tucomarca.whitekongsoftware.com\/ca\/wp-json\/wp\/v2\/tags?post=102394"}],"curies":[{"name":"wp","href":"https:\/\/api.w.org\/{rel}","templated":true}]}}