{"id":102375,"date":"2020-04-03T10:37:14","date_gmt":"2020-04-03T08:37:14","guid":{"rendered":"http:\/\/www.tucomarca.com\/wordpress\/segunda\/?p=102375"},"modified":"2020-04-03T11:44:16","modified_gmt":"2020-04-03T09:44:16","slug":"bunyol-ajorna-el-termini-de-presentacio-de-llistes-per-participar-com-a-voluntari-a-la-tomatina-2020-fins-que-saixequi-lestat-dalarma","status":"publish","type":"post","link":"https:\/\/tucomarca.whitekongsoftware.com\/ca\/bunyol-ajorna-el-termini-de-presentacio-de-llistes-per-participar-com-a-voluntari-a-la-tomatina-2020-fins-que-saixequi-lestat-dalarma\/","title":{"rendered":"Bunyol ajorna el termini de presentaci\u00f3 de llistes per participar a La Tomatina 2020 com a voluntari fins que s&#8217;aixequi l&#8217;estat d&#8217;alarma"},"content":{"rendered":"\n<p class=\"wp-block-paragraph\">La regidora responsable de l&#8217;\u00e0rea de Turisme i La Tomatina de l&#8217;Ajuntament de Bunyol, Maria Vall\u00e8s, ha informat que el termini de presentaci\u00f3 de llistes per participar com a voluntari a dalt de l&#8217;cami\u00f3 a la festa internacional de l&#8217;Tomatina, &#8220;que s&#8217;obria per registre d&#8217;entrada a partir d&#8217;el 6 d&#8217;abril, l\u00f2gicament queda paralitzat per l&#8217;estat d&#8217;alarma en qu\u00e8 est\u00e0 immers el pa\u00eds &#8220;, segons les seves pr\u00f2pies paraules.<\/p>\n\n\n\n<p class=\"wp-block-paragraph\">La responsable d&#8217;l&#8217;\u00e0rea de turisme bunyolense ha volgut traslladar &#8220;tranquil\u00b7litat a tota la ciutadania pel que fa a la Tomatina 2020, ja que estem encara comen\u00e7ant abril, \u00e9s molt aviat per aventurar-nos sobre la celebraci\u00f3 de la nostra estimada festa, no ens plantegem encara cap escenari&#8221; , ha ressenyat Maria Vall\u00e8s.<\/p>\n\n\n\n<p class=\"wp-block-paragraph\">L&#8217;edil bunyolense ha assegurat que tots els que estiguin interessats a participar com a voluntaris a La Tomatina 2020 &#8220;han d&#8217;estar atents a les xarxes socials oficials, webs d&#8217;consistori i r\u00e0dio municipal ja que, un cop s&#8217;aixequi l&#8217;estat d&#8217;alarma, s&#8217;obrir\u00e0 de nou el termini perqu\u00e8 puguin presentar les seves llistes per registre d&#8217;entrada &#8220;. Tamb\u00e9 ha assegurat que es donar\u00e0&#8221; temps suficient i ser\u00e0 publicitat \u00e0mpliament perqu\u00e8 tots els bu\u00f1olenses que estan interessats puguin presentar la seva llista &#8220;.<\/p>\n\n\n\n<p class=\"wp-block-paragraph\"><strong>\u00abUna Tomatina com les d&#8217;abans\u00bb<\/strong><\/p>\n\n\n\n<p class=\"wp-block-paragraph\">Preguntada l&#8217;alcaldessa de Bunyol, Juncal Carrascosa, a l&#8217;inici de la crisi per la seua afecci\u00f3 sobre la propera edici\u00f3 de La Tomatina, la primera autoritat local no va negar ja fa setmanes que aquesta crisi &#8220;segur que tamb\u00e9 ens va a afectar la nostra festa de la Tomatina&#8221;.<\/p>\n\n\n\n<p class=\"wp-block-paragraph\">De fet, la primera autoritat local ja va detallar que, &#8220;de fet, ja ho estem notant en la venda d&#8217;entrades, que l\u00f2gicament s&#8217;ha aturat per la situaci\u00f3 actual&#8221;, com ha explicat Juncal Carrascosa, que no ha pogut quantificar encara en qu\u00e8 xifres podria haver disminu\u00eft la venda d&#8217;entrades.<\/p>\n\n\n\n<p class=\"wp-block-paragraph\">Un any m\u00e9s en el que est\u00e0 previst commemorar amb diferents iniciatives el 75 aniversari que a l&#8217;agost es compleix de la internacionalment coneguda festa, \u00ab&#8221;una efem\u00e8ride per a la qual ja hav\u00edem iniciat una campanya de promoci\u00f3; a m\u00e9s d&#8217;haver apostat per la proximitat i per fomentar que assist\u00eds a ella gent del nostre entorn m\u00e9s proper: l&#8217;\u00e0rea metropolitana de Val\u00e8ncia, de pobles ve\u00efns, etc\u00e8tera&#8221;, com ha explicat la a l&#8217;alcaldessa.<\/p>\n\n\n\n<p class=\"wp-block-paragraph\">No obstant aix\u00f2, Juncal Carrascosa s&#8217;ha mostrat optimista i ha manifestat que creu que, &#8220;arribat el mes d&#8217;agost, la crisi s&#8217;haur\u00e0 superat, si no, mala cosa ser\u00e0&#8221;, ha dit; pel que ha remarcat que, tot i que l&#8217;aflu\u00e8ncia de p\u00fablic podria disminuir sensiblement, &#8220;segur que els de Bunyol participarem igual, pel que podr\u00edem tenir una Tomatina que en el seu setanta-cinqu\u00e8 aniversari s&#8217;assembl\u00e9s molt a les d&#8217;abans; a les dels seus or\u00edgens, amb la participaci\u00f3 massiva dels bunyolers i bunyoleres&#8221;, tal com ha finalitzat l&#8217;alcaldessa.<\/p>\n\n\n\n<p class=\"wp-block-paragraph\">Precisament, el 17 de mar\u00e7 es duia a terme la licitaci\u00f3 per a la compra dels milers de quilos de tom\u00e0quet que est\u00e0 previst distribuir en camions a la festa del mes d&#8217;agost, tal com va posar de manifest l&#8217;alcaldessa.<\/p>\n","protected":false},"excerpt":{"rendered":"<div class=\"mh-excerpt\">La regidora responsable de l&#8217;\u00e0rea de Turisme i La Tomatina de l&#8217;Ajuntament de Bunyol, Maria Vall\u00e8s, ha informat que el termini de presentaci\u00f3 de llistes per participar com a voluntari a dalt de l&#8217;cami\u00f3 a <a class=\"mh-excerpt-more\" href=\"https:\/\/tucomarca.whitekongsoftware.com\/ca\/bunyol-ajorna-el-termini-de-presentacio-de-llistes-per-participar-com-a-voluntari-a-la-tomatina-2020-fins-que-saixequi-lestat-dalarma\/\" title=\"Bunyol ajorna el termini de presentaci\u00f3 de llistes per participar a La Tomatina 2020 com a voluntari fins que s&#8217;aixequi l&#8217;estat d&#8217;alarma\">[+] <\/a><\/div>\n","protected":false},"author":1,"featured_media":91036,"comment_status":"open","ping_status":"open","sticky":false,"template":"","format":"standard","meta":{"footnotes":""},"categories":[10911,11010,10948,10894,10912,11004,11008,10947,10896,10897],"tags":[10385,11937,11938,11951,96],"class_list":["post-102375","post","type-post","status-publish","format-standard","has-post-thumbnail","category-bunol-ca","category-canal-salud","category-infraestructuras-ca","category-la-comarca-ca","category-la-hoya-ca","category-la-semana-en-imagenes-ca","category-pueblos-en-fiestas-ca","category-politica","category-seccion-ca","category-sucesos-la-comarca-ca","tag-bunol","tag-coronavirus","tag-covid-19","tag-covid2019","tag-tomatina"],"_links":{"self":[{"href":"https:\/\/tucomarca.whitekongsoftware.com\/ca\/wp-json\/wp\/v2\/posts\/102375","targetHints":{"allow":["GET"]}}],"collection":[{"href":"https:\/\/tucomarca.whitekongsoftware.com\/ca\/wp-json\/wp\/v2\/posts"}],"about":[{"href":"https:\/\/tucomarca.whitekongsoftware.com\/ca\/wp-json\/wp\/v2\/types\/post"}],"author":[{"embeddable":true,"href":"https:\/\/tucomarca.whitekongsoftware.com\/ca\/wp-json\/wp\/v2\/users\/1"}],"replies":[{"embeddable":true,"href":"https:\/\/tucomarca.whitekongsoftware.com\/ca\/wp-json\/wp\/v2\/comments?post=102375"}],"version-history":[{"count":0,"href":"https:\/\/tucomarca.whitekongsoftware.com\/ca\/wp-json\/wp\/v2\/posts\/102375\/revisions"}],"wp:featuredmedia":[{"embeddable":true,"href":"https:\/\/tucomarca.whitekongsoftware.com\/ca\/wp-json\/wp\/v2\/media\/91036"}],"wp:attachment":[{"href":"https:\/\/tucomarca.whitekongsoftware.com\/ca\/wp-json\/wp\/v2\/media?parent=102375"}],"wp:term":[{"taxonomy":"category","embeddable":true,"href":"https:\/\/tucomarca.whitekongsoftware.com\/ca\/wp-json\/wp\/v2\/categories?post=102375"},{"taxonomy":"post_tag","embeddable":true,"href":"https:\/\/tucomarca.whitekongsoftware.com\/ca\/wp-json\/wp\/v2\/tags?post=102375"}],"curies":[{"name":"wp","href":"https:\/\/api.w.org\/{rel}","templated":true}]}}