{"id":102341,"date":"2020-04-02T21:44:11","date_gmt":"2020-04-02T19:44:11","guid":{"rendered":"http:\/\/www.tucomarca.com\/wordpress\/segunda\/?p=102341"},"modified":"2020-04-02T22:45:11","modified_gmt":"2020-04-02T20:45:11","slug":"el-centre-de-joventut-de-requena-anima-decorar-finestres-i-balcons-pel-dia-de-lautisme","status":"publish","type":"post","link":"https:\/\/tucomarca.whitekongsoftware.com\/ca\/el-centre-de-joventut-de-requena-anima-decorar-finestres-i-balcons-pel-dia-de-lautisme\/","title":{"rendered":"El Centre de Joventut de Requena anima decorar finestres i balcons pel Dia de l&#8217;autisme"},"content":{"rendered":"\n<p class=\"wp-block-paragraph\">Amb motiu del Dia Mundial de l&#8217;Autisme que \u00e9s aquest dijous, 2 d&#8217;abril, des del Centre de Joventut de Requena s&#8217;ha llan\u00e7at una invitaci\u00f3 per decorar les finestres i \/ o balcons amb: &#8211; Lla\u00e7os blaus. &#8211; Cors blaus. &#8211; Peces de trencaclosques. &#8211; Mocadors Blaus. O qualsevol missatge positiu i inclusiu, per tal de donar visibilitat i suport a aquest col\u00b7lectiu, una mica m\u00e9s necessari si \u00e9s possible en aquesta ocasi\u00f3 tenint en compte les actuals circumst\u00e0ncies de confinamiento.Por \u00faltim, des del Centre de Joventut de la localitat animen a fer una foto d&#8217;aquesta decoraci\u00f3 i difondre-la posteriorment en Xarxes Socials, una foto que es proporcionar\u00e0 al Facebook i Instagram de el Centre de Joventut del municipi si la etiquetem per aix\u00f2.<\/p>\n","protected":false},"excerpt":{"rendered":"<div class=\"mh-excerpt\">Amb motiu del Dia Mundial de l&#8217;Autisme que \u00e9s aquest dijous, 2 d&#8217;abril, des del Centre de Joventut de Requena s&#8217;ha llan\u00e7at una invitaci\u00f3 per decorar les finestres i \/ o balcons amb: &#8211; Lla\u00e7os <a class=\"mh-excerpt-more\" href=\"https:\/\/tucomarca.whitekongsoftware.com\/ca\/el-centre-de-joventut-de-requena-anima-decorar-finestres-i-balcons-pel-dia-de-lautisme\/\" title=\"El Centre de Joventut de Requena anima decorar finestres i balcons pel Dia de l&#8217;autisme\">[+] <\/a><\/div>\n","protected":false},"author":1,"featured_media":102339,"comment_status":"open","ping_status":"open","sticky":false,"template":"","format":"standard","meta":{"footnotes":""},"categories":[11010,10948,10894,10947,10908,10909,10896,10897],"tags":[11939,11937,11940,11938,11951,11952],"class_list":["post-102341","post","type-post","status-publish","format-standard","has-post-thumbnail","category-canal-salud","category-infraestructuras-ca","category-la-comarca-ca","category-politica","category-requena-ca","category-requena-utiel-ca","category-seccion-ca","category-sucesos-la-comarca-ca","tag-coronavirus-ca","tag-coronavirus","tag-covid-19-ca","tag-covid-19","tag-covid2019","tag-covid2019-ca"],"_links":{"self":[{"href":"https:\/\/tucomarca.whitekongsoftware.com\/ca\/wp-json\/wp\/v2\/posts\/102341","targetHints":{"allow":["GET"]}}],"collection":[{"href":"https:\/\/tucomarca.whitekongsoftware.com\/ca\/wp-json\/wp\/v2\/posts"}],"about":[{"href":"https:\/\/tucomarca.whitekongsoftware.com\/ca\/wp-json\/wp\/v2\/types\/post"}],"author":[{"embeddable":true,"href":"https:\/\/tucomarca.whitekongsoftware.com\/ca\/wp-json\/wp\/v2\/users\/1"}],"replies":[{"embeddable":true,"href":"https:\/\/tucomarca.whitekongsoftware.com\/ca\/wp-json\/wp\/v2\/comments?post=102341"}],"version-history":[{"count":0,"href":"https:\/\/tucomarca.whitekongsoftware.com\/ca\/wp-json\/wp\/v2\/posts\/102341\/revisions"}],"wp:featuredmedia":[{"embeddable":true,"href":"https:\/\/tucomarca.whitekongsoftware.com\/ca\/wp-json\/wp\/v2\/media\/102339"}],"wp:attachment":[{"href":"https:\/\/tucomarca.whitekongsoftware.com\/ca\/wp-json\/wp\/v2\/media?parent=102341"}],"wp:term":[{"taxonomy":"category","embeddable":true,"href":"https:\/\/tucomarca.whitekongsoftware.com\/ca\/wp-json\/wp\/v2\/categories?post=102341"},{"taxonomy":"post_tag","embeddable":true,"href":"https:\/\/tucomarca.whitekongsoftware.com\/ca\/wp-json\/wp\/v2\/tags?post=102341"}],"curies":[{"name":"wp","href":"https:\/\/api.w.org\/{rel}","templated":true}]}}