{"id":102335,"date":"2020-04-02T22:40:48","date_gmt":"2020-04-02T20:40:48","guid":{"rendered":"http:\/\/www.tucomarca.com\/wordpress\/segunda\/?p=102335"},"modified":"2020-04-02T22:40:50","modified_gmt":"2020-04-02T20:40:50","slug":"editorial-informacio-en-temps-de-crisi","status":"publish","type":"post","link":"https:\/\/tucomarca.whitekongsoftware.com\/ca\/editorial-informacio-en-temps-de-crisi\/","title":{"rendered":"Editorial: informaci\u00f3 en temps de crisi"},"content":{"rendered":"\n<p class=\"wp-block-paragraph\">Aquest dijous hem viscut potser una de les jornades m\u00e9s tr\u00e0giques i descoratjadores per al nostre pa\u00eds en la qual s&#8217;ha fet molt dif\u00edcil encaixar unes dades que han tornat a trencar-nos el cor i contribuir a incrementar la trag\u00e8dia en qu\u00e8 molts dels nostres conciutadans es troben immersos.<\/p>\n\n\n\n<p class=\"wp-block-paragraph\">Abans de res, vaga des d&#8217;aqu\u00ed el nostre \u00e0nim i aplaudiment per a tots aquells que lluiten des de diferents fronts contra el virus; i la nostra solidaritat i tamb\u00e9 \u00e0nim per a tots aquells que s&#8217;han vist colpejats per aquesta trag\u00e8dia i que han perdut algun dels seus familiars o amics en una de les pitjors crisis que no nom\u00e9s el nostre pa\u00eds, sin\u00f3 bona part de la humanitat, afrontem.<\/p>\n\n\n\n<p class=\"wp-block-paragraph\">Aquest dijous, 2 d&#8217;abril, Espanya ha superat la xifra psicol\u00f2gica dels 10.000 morts, concretament ha arribat als 10.003 morts per coronavirus (el 20% de les v\u00edctimes mortals a nivell mundial); i ha registrat un nou r\u00e8cord de morts per aquesta malaltia amb un total de 950 persones en les \u00faltimes 24 hores. Jornada dura en qu\u00e8 s&#8217;han comptabilitzat m\u00e9s 110.238 contagis, enfront dels 102.136 de dimecres.<\/p>\n\n\n\n<p class=\"wp-block-paragraph\">Aqu\u00ed, a la Comunitat Valenciana, s&#8217;han detectat 386 nous casos positius, que eleven a 6.308 el total de contagiats, dels quals 2.175 es troben ingressats a l&#8217;hospital i 379 d&#8217;ells a l&#8217;UCI; tot a unes altures en qu\u00e8 el virus ja s&#8217;ha cobrat 443 morts.<\/p>\n\n\n\n<p class=\"wp-block-paragraph\">I a aquest desalador panorama cal sumar-li la pitjor xifra de la hist\u00f2ria per la desocupaci\u00f3 al nostre pa\u00eds, jornada en qu\u00e8 s&#8217;ha conegut que al mes de mar\u00e7 s&#8217;han perdut gaireb\u00e9 900.000 llocs de treball (exactament 833.979); els mateixos que es van destruir durant sis mesos a la crisi de 2008; i en qu\u00e8 a m\u00e9s l&#8217;atur ha augmentat en 302.265 persones a tot Espanya i en un total de 35.565 persones a la Comunitat.<\/p>\n\n\n\n<p class=\"wp-block-paragraph\">Xifres a les quals caldr\u00e0 sumar en breu els 620.000 afectats pels ERTE &#8216;s que en unes setmanes se sumaran a les estad\u00edstiques. La magnitud de la trag\u00e8dia del mes es completa tamb\u00e9 amb les 250.000 persones assimilades a la baixa per malaltia o quarantena per possibles contagis.<\/p>\n\n\n\n<p class=\"wp-block-paragraph\">En aquest dif\u00edcil context podria semblar insignificant la reclamaci\u00f3 manifestada per molts periodistes i mitjans de comunicaci\u00f3 (als quals ens sumem des d&#8217;aqu\u00ed) per sol\u00b7licitar una informaci\u00f3 no nom\u00e9s m\u00e9s transparent sin\u00f3 tamb\u00e9 m\u00e9s detallada per part d&#8217;alguna de les nostres Administracions, des d&#8217;on no es ens facilita la informaci\u00f3 que demanem o que eviten qualsevol tipus de pregunta que puga resultar inc\u00f2moda a hores d&#8217;ara (peticions que haurien de ser ateses per simple salut democr\u00e0tica).<\/p>\n\n\n\n<p class=\"wp-block-paragraph\">No obstant aix\u00f2, res m\u00e9s lluny de la realitat. Ara m\u00e9s que mai; en aquests temps de crisi, de situaci\u00f3 gaireb\u00e9 b\u00e8l\u00b7lica que estem vivint es fa m\u00e9s necessari que mai que els ciutadans i les ciutadanes puguem estar a trav\u00e9s dels mitjans de comunicaci\u00f3 degudament informats per formar-nos una imatge del que passa el m\u00e9s aproximada possible a la realitat.<\/p>\n\n\n\n<p class=\"wp-block-paragraph\">Des de l&#8217;Associaci\u00f3 de Premsa Comarcal Valenciana s&#8217;ha reclamat aquesta setmana a la Conselleria de Sanitat poder con\u00e8ixer les xifres detallades en cada un de les nostres \u00e0rees de cobertura de l&#8217;afectaci\u00f3 de la pand\u00e8mia; unes dades que s&#8217;han negat amb l&#8217;argument que nom\u00e9s es faciliten les xifres a nivell provincial.<\/p>\n\n\n\n<p class=\"wp-block-paragraph\">No obstant aix\u00f2, els diaris que integrem l&#8217;Associaci\u00f3 de Premsa Comarcal Valenciana no entenem per qu\u00e8 no se&#8217;ns pot facilitar aquesta informaci\u00f3 que \u00e9s fonamental per als nostres ciutadans. La premsa de proximitat d\u00f3na servei a les seues comunitats locals i comarcals i continua fent-ho en circumst\u00e0ncies gaireb\u00e9 dram\u00e0tiques en algunes de les nostres petites empreses, per\u00f2 ara, m\u00e9s que mai, som necessaris i ens devem a la nostra gent.<\/p>\n\n\n\n<p class=\"wp-block-paragraph\">La desinformaci\u00f3 i la manca de dades en les nostres zones de cobertura crea por i inseguretats; de manera que la millor vacuna per contrarestar aix\u00f2 \u00e9s la informaci\u00f3 contrastada i oficial que les Administracions p\u00fabliques ens poden ajudar a donar.<\/p>\n\n\n\n<p class=\"wp-block-paragraph\">Amb tot, no volem acabar aquestes l\u00ednies sense apel\u00b7lar a l&#8217;optimisme que tamb\u00e9 en aquests dies que vivim es fa m\u00e9s necessari que mai. I volem pensar davant la duresa de les xifres d&#8217;avui (com des de les autoritats sanit\u00e0ries ens asseguren) que estem arribant a el pic (m\u00e9s aviat a l&#8217;altipl\u00e0) de la pand\u00e8mia i que les xifres, en els pr\u00f2xims dies, tot fa pensar que han de millorar.<\/p>\n\n\n\n<p class=\"wp-block-paragraph\">Aix\u00ed ho desitgem i esperem; desitgem que per fi puguem veure els primers, encara que petits, espurnes de llum a la fi de l&#8217;t\u00fanel; i esperem que les negres n\u00favols de tempesta que en dies com en el d&#8217;avui ens han cobert de foscor i tristesa es converteixin el m\u00e9s aviat possible en raigs de llum \u2026 i d&#8217;esperan\u00e7a.<\/p>\n","protected":false},"excerpt":{"rendered":"<div class=\"mh-excerpt\">Aquest dijous hem viscut potser una de les jornades m\u00e9s tr\u00e0giques i descoratjadores per al nostre pa\u00eds en la qual s&#8217;ha fet molt dif\u00edcil encaixar unes dades que han tornat a trencar-nos el cor i <a class=\"mh-excerpt-more\" href=\"https:\/\/tucomarca.whitekongsoftware.com\/ca\/editorial-informacio-en-temps-de-crisi\/\" title=\"Editorial: informaci\u00f3 en temps de crisi\">[+] <\/a><\/div>\n","protected":false},"author":1,"featured_media":102332,"comment_status":"open","ping_status":"open","sticky":false,"template":"","format":"standard","meta":{"footnotes":""},"categories":[11010,10898,10948,10894,10904,11021,10947,10896,10897],"tags":[11939,11937,11938,11940,11951,11952],"class_list":["post-102335","post","type-post","status-publish","format-standard","has-post-thumbnail","category-canal-salud","category-ventana-ca","category-infraestructuras-ca","category-la-comarca-ca","category-sin-categorizar-ca","category-opinion-ca-2","category-politica","category-seccion-ca","category-sucesos-la-comarca-ca","tag-coronavirus-ca","tag-coronavirus","tag-covid-19","tag-covid-19-ca","tag-covid2019","tag-covid2019-ca"],"_links":{"self":[{"href":"https:\/\/tucomarca.whitekongsoftware.com\/ca\/wp-json\/wp\/v2\/posts\/102335","targetHints":{"allow":["GET"]}}],"collection":[{"href":"https:\/\/tucomarca.whitekongsoftware.com\/ca\/wp-json\/wp\/v2\/posts"}],"about":[{"href":"https:\/\/tucomarca.whitekongsoftware.com\/ca\/wp-json\/wp\/v2\/types\/post"}],"author":[{"embeddable":true,"href":"https:\/\/tucomarca.whitekongsoftware.com\/ca\/wp-json\/wp\/v2\/users\/1"}],"replies":[{"embeddable":true,"href":"https:\/\/tucomarca.whitekongsoftware.com\/ca\/wp-json\/wp\/v2\/comments?post=102335"}],"version-history":[{"count":0,"href":"https:\/\/tucomarca.whitekongsoftware.com\/ca\/wp-json\/wp\/v2\/posts\/102335\/revisions"}],"wp:featuredmedia":[{"embeddable":true,"href":"https:\/\/tucomarca.whitekongsoftware.com\/ca\/wp-json\/wp\/v2\/media\/102332"}],"wp:attachment":[{"href":"https:\/\/tucomarca.whitekongsoftware.com\/ca\/wp-json\/wp\/v2\/media?parent=102335"}],"wp:term":[{"taxonomy":"category","embeddable":true,"href":"https:\/\/tucomarca.whitekongsoftware.com\/ca\/wp-json\/wp\/v2\/categories?post=102335"},{"taxonomy":"post_tag","embeddable":true,"href":"https:\/\/tucomarca.whitekongsoftware.com\/ca\/wp-json\/wp\/v2\/tags?post=102335"}],"curies":[{"name":"wp","href":"https:\/\/api.w.org\/{rel}","templated":true}]}}