{"id":102301,"date":"2020-04-02T19:58:11","date_gmt":"2020-04-02T17:58:11","guid":{"rendered":"http:\/\/www.tucomarca.com\/wordpress\/segunda\/?p=102301"},"modified":"2020-04-02T19:58:13","modified_gmt":"2020-04-02T17:58:13","slug":"delegacio-de-govern-reforca-els-controls-a-les-eixides-de-les-ciutats-a-les-carreteres-i-a-les-zones-turistiques-per-evitar-trasllats-a-segones-residencies","status":"publish","type":"post","link":"https:\/\/tucomarca.whitekongsoftware.com\/ca\/delegacio-de-govern-reforca-els-controls-a-les-eixides-de-les-ciutats-a-les-carreteres-i-a-les-zones-turistiques-per-evitar-trasllats-a-segones-residencies\/","title":{"rendered":"Delegaci\u00f3 de Govern refor\u00e7a els controls a les eixides de les ciutats, a les carreteres i a les zones tur\u00edstiques per evitar trasllats a segones resid\u00e8ncies"},"content":{"rendered":"\n<p class=\"wp-block-paragraph\">La delegada de Govern a la Comunitat Valenciana, Gl\u00f2ria Calero, ha anunciat que, a partir d&#8217;avui, la Direcci\u00f3 General de Tr\u00e0nsit juntament amb l&#8217;Agrupaci\u00f3 de Tr\u00e0nsit de la Gu\u00e0rdia Civil, Policia Nacional i Policia Local, incrementar\u00e0 els controls per &#8220;garantir el compliment del que estableix l&#8217;estat d&#8217;alarma i evitar el trasllat a les segones resid\u00e8ncies al llarg de el cap de setmana i els dies de setmana Santa &#8220;, segons ha dit. Els efectius han estat distribu\u00efts per les principals art\u00e8ries de sortida de les grans ciutats, a les carreteres i les zones tur\u00edstiques.<\/p>\n\n\n\n<p class=\"wp-block-paragraph\">La finalitat d&#8217;aquest dispositiu, ha dit la delegada, \u00e9s &#8220;garantir l&#8217;obligaci\u00f3 que tenim tots de lluitar contra la pand\u00e8mia. La nostra responsabilitat i solidaritat amb els altres es plasma en complir amb el confinament &#8220;. La immensa majoria de la poblaci\u00f3, ha afegit Calero, &#8220;\u00e9s conscient que quedar-se a casa, salva vides&#8221;.<\/p>\n\n\n\n<p class=\"wp-block-paragraph\">Tot i aix\u00f2, ha indicat la delegada, &#8220;hi ha algunes persones que no respecten l&#8217;esfor\u00e7 de la majoria&#8221;. &#8220;Davant d&#8217;aquesta minoria irresponsable, les FCSE actuen i actuaran&#8221;.<\/p>\n\n\n\n<p class=\"wp-block-paragraph\">En aquest sentit, la delegada ha recordat que des que es va decretar l&#8217;estat d&#8217;alarma, les diferents forces de seguretat -Policia Nacional, Gu\u00e0rdia Civil i Policies Locals- han em\u00e8s 32.835 propostes de sanci\u00f3 i han detingut 284 persones a la Comunitat Valenciana.<\/p>\n\n\n\n<p class=\"wp-block-paragraph\">Calero ha insistit en la necessitat de &#8220;mantenir l&#8217;esfor\u00e7 perqu\u00e8 ens trobem en uns moments crucials en la lluita contra el virus&#8221;. El confinament es &#8220;est\u00e0 demostrant com l&#8217;\u00fanica mesura adequada per guanyar aquesta batalla&#8221; i per aix\u00f2, &#8220;el Govern ha tractat de limitar la mobilitat anteposant l&#8217;inter\u00e8s col\u00b7lectiu i la salut de tots i totes&#8221;.<\/p>\n","protected":false},"excerpt":{"rendered":"<div class=\"mh-excerpt\">La delegada de Govern a la Comunitat Valenciana, Gl\u00f2ria Calero, ha anunciat que, a partir d&#8217;avui, la Direcci\u00f3 General de Tr\u00e0nsit juntament amb l&#8217;Agrupaci\u00f3 de Tr\u00e0nsit de la Gu\u00e0rdia Civil, Policia Nacional i Policia Local, <a class=\"mh-excerpt-more\" href=\"https:\/\/tucomarca.whitekongsoftware.com\/ca\/delegacio-de-govern-reforca-els-controls-a-les-eixides-de-les-ciutats-a-les-carreteres-i-a-les-zones-turistiques-per-evitar-trasllats-a-segones-residencies\/\" title=\"Delegaci\u00f3 de Govern refor\u00e7a els controls a les eixides de les ciutats, a les carreteres i a les zones tur\u00edstiques per evitar trasllats a segones resid\u00e8ncies\">[+] <\/a><\/div>\n","protected":false},"author":1,"featured_media":97725,"comment_status":"open","ping_status":"open","sticky":false,"template":"","format":"standard","meta":{"footnotes":""},"categories":[11010,10898,10948,10894,10904,10903,10947,10896,10897],"tags":[11939,11937,11938,11940,11951,11952],"class_list":["post-102301","post","type-post","status-publish","format-standard","has-post-thumbnail","category-canal-salud","category-ventana-ca","category-infraestructuras-ca","category-la-comarca-ca","category-sin-categorizar-ca","category-medio-ambiente-la-comarca-ca","category-politica","category-seccion-ca","category-sucesos-la-comarca-ca","tag-coronavirus-ca","tag-coronavirus","tag-covid-19","tag-covid-19-ca","tag-covid2019","tag-covid2019-ca"],"_links":{"self":[{"href":"https:\/\/tucomarca.whitekongsoftware.com\/ca\/wp-json\/wp\/v2\/posts\/102301","targetHints":{"allow":["GET"]}}],"collection":[{"href":"https:\/\/tucomarca.whitekongsoftware.com\/ca\/wp-json\/wp\/v2\/posts"}],"about":[{"href":"https:\/\/tucomarca.whitekongsoftware.com\/ca\/wp-json\/wp\/v2\/types\/post"}],"author":[{"embeddable":true,"href":"https:\/\/tucomarca.whitekongsoftware.com\/ca\/wp-json\/wp\/v2\/users\/1"}],"replies":[{"embeddable":true,"href":"https:\/\/tucomarca.whitekongsoftware.com\/ca\/wp-json\/wp\/v2\/comments?post=102301"}],"version-history":[{"count":0,"href":"https:\/\/tucomarca.whitekongsoftware.com\/ca\/wp-json\/wp\/v2\/posts\/102301\/revisions"}],"wp:featuredmedia":[{"embeddable":true,"href":"https:\/\/tucomarca.whitekongsoftware.com\/ca\/wp-json\/wp\/v2\/media\/97725"}],"wp:attachment":[{"href":"https:\/\/tucomarca.whitekongsoftware.com\/ca\/wp-json\/wp\/v2\/media?parent=102301"}],"wp:term":[{"taxonomy":"category","embeddable":true,"href":"https:\/\/tucomarca.whitekongsoftware.com\/ca\/wp-json\/wp\/v2\/categories?post=102301"},{"taxonomy":"post_tag","embeddable":true,"href":"https:\/\/tucomarca.whitekongsoftware.com\/ca\/wp-json\/wp\/v2\/tags?post=102301"}],"curies":[{"name":"wp","href":"https:\/\/api.w.org\/{rel}","templated":true}]}}