{"id":102156,"date":"2020-04-01T20:19:14","date_gmt":"2020-04-01T18:19:14","guid":{"rendered":"http:\/\/www.tucomarca.com\/wordpress\/segunda\/?p=102156"},"modified":"2020-04-01T20:19:16","modified_gmt":"2020-04-01T18:19:16","slug":"ajuntament-i-societats-musicals-promouen-que-els-veins-surtin-a-la-balconada-per-tocar-i-cantar-el-himne-a-bunyol-aquest-diumenge-a-les-1200-hores","status":"publish","type":"post","link":"https:\/\/tucomarca.whitekongsoftware.com\/ca\/ajuntament-i-societats-musicals-promouen-que-els-veins-surtin-a-la-balconada-per-tocar-i-cantar-el-himne-a-bunyol-aquest-diumenge-a-les-1200-hores\/","title":{"rendered":"Ajuntament i societats musicals promouen que els ve\u00efns surtin a la balconada per tocar i cantar el &#8220;Himne a Bunyol&#8221; aquest diumenge a les 12,00 hores"},"content":{"rendered":"\n<p class=\"wp-block-paragraph\"><strong>Juan Luis Pall\u00e1s, regidor de Cultura de l&#8217;Ajuntament de Bunyol, vol amb este gest homenatjar a tots els que estan treballant per a superar esta crisi i als que responsablement estan confinats en les seues cases<\/strong><\/p>\n\n\n\n<p class=\"wp-block-paragraph\">L&#8217;Ajuntament de Bunyol, juntament amb les dues societats musicals de la localitat: Societat Musical \u00abL&#8217;Art\u00edstica\u00bb i el Centre Instructiu Musical \u00abLa Arm\u00f2nica\u00bb, convoquen a tots els m\u00fasics a participar en un esdeveniment des dels seus balcons, finestres i terrasses que ve diumenge 5 d&#8217;abril, Diumenge de Rams, a les 12,00 hores, perqu\u00e8 toquin i cantin el &#8220;Himne a Bunyol&#8221;.<\/p>\n\n\n\n<p class=\"wp-block-paragraph\">Juan Luis Pall\u00e1s, regidor de Cultura: &#8220;Con este gest homenatjarem les persones que estan treballant per a superar esta crisi i a les que responsablement han passat este confinament en les seues cases, de la millor forma que sabem els bunyolers: amb m\u00fasica&#8221;.<\/p>\n\n\n\n<p class=\"wp-block-paragraph\">Sonar\u00e0 la gravaci\u00f3 de &#8220;l&#8217;Himne a Bunyol&#8221; des de la r\u00e0dio municipal i els ve\u00efns i ve\u00efnes podran acompanyar cantant-ho. L&#8217;edil finalitza dient: &#8220;Demanem a tots que vos graveu i graveu les actuacions pr\u00f2ximes&#8221;.<\/p>\n","protected":false},"excerpt":{"rendered":"<div class=\"mh-excerpt\">Juan Luis Pall\u00e1s, regidor de Cultura de l&#8217;Ajuntament de Bunyol, vol amb este gest homenatjar a tots els que estan treballant per a superar esta crisi i als que responsablement estan confinats en les seues <a class=\"mh-excerpt-more\" href=\"https:\/\/tucomarca.whitekongsoftware.com\/ca\/ajuntament-i-societats-musicals-promouen-que-els-veins-surtin-a-la-balconada-per-tocar-i-cantar-el-himne-a-bunyol-aquest-diumenge-a-les-1200-hores\/\" title=\"Ajuntament i societats musicals promouen que els ve\u00efns surtin a la balconada per tocar i cantar el &#8220;Himne a Bunyol&#8221; aquest diumenge a les 12,00 hores\">[+] <\/a><\/div>\n","protected":false},"author":12,"featured_media":102045,"comment_status":"open","ping_status":"open","sticky":false,"template":"","format":"standard","meta":{"footnotes":""},"categories":[11019,10911,11005,11010,10948,10894,10912,11007,10947,10896,10897],"tags":[10385,11939,11937,11940,11938,11951,11952,11961,11962,5952,10914],"class_list":["post-102156","post","type-post","status-publish","format-standard","has-post-thumbnail","category-agenda-ca","category-bunol-ca","category-canal-musica","category-canal-salud","category-infraestructuras-ca","category-la-comarca-ca","category-la-hoya-ca","category-ocio-y-cultura-ca","category-politica","category-seccion-ca","category-sucesos-la-comarca-ca","tag-bunol","tag-coronavirus-ca","tag-coronavirus","tag-covid-19-ca","tag-covid-19","tag-covid2019","tag-covid2019-ca","tag-himno-a-bunol","tag-himno-a-bunol-ca","tag-la-hoya-de-bunol-chiva","tag-la-hoya-de-bunol-chiva-ca"],"_links":{"self":[{"href":"https:\/\/tucomarca.whitekongsoftware.com\/ca\/wp-json\/wp\/v2\/posts\/102156","targetHints":{"allow":["GET"]}}],"collection":[{"href":"https:\/\/tucomarca.whitekongsoftware.com\/ca\/wp-json\/wp\/v2\/posts"}],"about":[{"href":"https:\/\/tucomarca.whitekongsoftware.com\/ca\/wp-json\/wp\/v2\/types\/post"}],"author":[{"embeddable":true,"href":"https:\/\/tucomarca.whitekongsoftware.com\/ca\/wp-json\/wp\/v2\/users\/12"}],"replies":[{"embeddable":true,"href":"https:\/\/tucomarca.whitekongsoftware.com\/ca\/wp-json\/wp\/v2\/comments?post=102156"}],"version-history":[{"count":0,"href":"https:\/\/tucomarca.whitekongsoftware.com\/ca\/wp-json\/wp\/v2\/posts\/102156\/revisions"}],"wp:featuredmedia":[{"embeddable":true,"href":"https:\/\/tucomarca.whitekongsoftware.com\/ca\/wp-json\/wp\/v2\/media\/102045"}],"wp:attachment":[{"href":"https:\/\/tucomarca.whitekongsoftware.com\/ca\/wp-json\/wp\/v2\/media?parent=102156"}],"wp:term":[{"taxonomy":"category","embeddable":true,"href":"https:\/\/tucomarca.whitekongsoftware.com\/ca\/wp-json\/wp\/v2\/categories?post=102156"},{"taxonomy":"post_tag","embeddable":true,"href":"https:\/\/tucomarca.whitekongsoftware.com\/ca\/wp-json\/wp\/v2\/tags?post=102156"}],"curies":[{"name":"wp","href":"https:\/\/api.w.org\/{rel}","templated":true}]}}