{"id":102136,"date":"2020-03-31T23:05:56","date_gmt":"2020-03-31T21:05:56","guid":{"rendered":"http:\/\/www.tucomarca.com\/wordpress\/segunda\/?p=102136"},"modified":"2020-03-31T23:05:58","modified_gmt":"2020-03-31T21:05:58","slug":"valencia-turisme-reorienta-les-seues-accions-per-a-mitigar-limpacte-economic-de-la-crisi","status":"publish","type":"post","link":"https:\/\/tucomarca.whitekongsoftware.com\/ca\/valencia-turisme-reorienta-les-seues-accions-per-a-mitigar-limpacte-economic-de-la-crisi\/","title":{"rendered":"Val\u00e8ncia Turisme reorienta les seues accions per a mitigar l&#8217;impacte econ\u00f2mic de la crisi"},"content":{"rendered":"\n<p class=\"wp-block-paragraph\"><strong>El Patronat de Turisme de Val\u00e8ncia s&#8217;alinea amb la Generalitat Valenciana i Visit Val\u00e8ncia en la seua acci\u00f3 i estudia donar un gir a les seues actuacions mitjan\u00e7ant la sostenibilitat i el disseny<\/strong><\/p>\n\n\n\n<p class=\"wp-block-paragraph\">Val\u00e8ncia Turisme ha comen\u00e7at a reorientar la seua col\u00b7laboraci\u00f3 amb ajuntaments, empreses i entitats per a mitigar l&#8217;impacte econ\u00f2mic derivat de l&#8217;actual crisi sanit\u00e0ria provocada pel coronavirus.<br><br>&#8220;Volem cercar vies d&#8217;ajuda i solucions als problemes del teixit econ\u00f2mic i empresarial lligat al turisme, conscients de la greu situaci\u00f3 actual&#8221;, ha explicat el diputat de Turisme, Jordi Mayor.<br><br>El diputat ha traslladat la &#8220;solidaritat i suport&#8221; del Patronat de Turisme de Val\u00e8ncia &#8220;a tots els professionals i entitats que sumen en el turisme valenci\u00e0&#8221; i ha insitit en qu\u00e8 \u00e9s moment de &#8220;prendre nota per a repensar i reformular el model en el qual es basa el nostre turisme, en benefici del seu futur&#8221;.<\/p>\n\n\n\n<p class=\"wp-block-paragraph\"><strong>Alineaci\u00f3 institucional<\/strong><\/p>\n\n\n\n<p class=\"wp-block-paragraph\">El Patronat de Turisme, des de l&#8217;inici de la crisi sanit\u00e0ria, coordina la seua acci\u00f3 i es troba &#8220;alineat contundentment&#8221; amb la Generalitat Valenciana i Visit Val\u00e8ncia en l&#8217;ajuda al sector i la cerca de noves oportunitats a la prov\u00edncia.<br><br>En aquesta l\u00ednia, anima als ajuntaments, empreses i entitats a generar productes tur\u00edstics diferenciats que aporten &#8220;garanties&#8221; al visitant, com les relacionades amb la qualitat, la professionalitat i la sostenibilitat, &#8220;marcadors que poden ser les claus de l&#8217;\u00e8xit de les nostres opcions, entre una molt extensa i competitiva oferta tur\u00edstica&#8221;, ha apuntat el responsable de Val\u00e8ncia Turisme.<\/p>\n\n\n\n<p class=\"wp-block-paragraph\"><strong>Reordenaci\u00f3 de recursos i accions<\/strong><\/p>\n\n\n\n<p class=\"wp-block-paragraph\">En aquest context, l&#8217;organisme de la Diputaci\u00f3 de Val\u00e8ncia es troba immers en un proc\u00e9s de reordenaci\u00f3 dels seus recursos per a adaptar-los a les noves necessitats, adequaci\u00f3 que se centrar\u00e0 en els productes relacionats amb la gastronomia, la cultura i la capitalitat del disseny de Val\u00e8ncia, elements singulars en els quals Val\u00e8ncia Turisme ha centrat el seu treball en els \u00faltims temps.<\/p>\n\n\n\n<p class=\"wp-block-paragraph\">Per a aix\u00f2, redefinir\u00e0 el seu Pla d&#8217;Actuacions 2020 en funci\u00f3 del resultat d&#8217;una nova an\u00e0lisi sobre el perfil del visitant de la prov\u00edncia, la configuraci\u00f3 del mercat i les f\u00f3rmules tant de promoci\u00f3 com de comercialitzaci\u00f3 disponibles, amb la finalitat d&#8217;adaptar les seues accions als canvis que a curt, mitj\u00e0 i llarg termini exigeix la situaci\u00f3 actual en el territori valenci\u00e0.<\/p>\n\n\n\n<p class=\"wp-block-paragraph\">&#8220;Tot aix\u00f2 anir\u00e0 lligat a la posada en marxa de procediments que plasmen els objectius de desenvolupament marcats per l&#8217;Agenda 2030, indispensables per al consecuci\u00f3 d&#8217;un turisme sostenible a la prov\u00edncia&#8221;, ha subratllat Jordi Mayor.<\/p>\n","protected":false},"excerpt":{"rendered":"<div class=\"mh-excerpt\">El Patronat de Turisme de Val\u00e8ncia s&#8217;alinea amb la Generalitat Valenciana i Visit Val\u00e8ncia en la seua acci\u00f3 i estudia donar un gir a les seues actuacions mitjan\u00e7ant la sostenibilitat i el disseny Val\u00e8ncia Turisme <a class=\"mh-excerpt-more\" href=\"https:\/\/tucomarca.whitekongsoftware.com\/ca\/valencia-turisme-reorienta-les-seues-accions-per-a-mitigar-limpacte-economic-de-la-crisi\/\" title=\"Val\u00e8ncia Turisme reorienta les seues accions per a mitigar l&#8217;impacte econ\u00f2mic de la crisi\">[+] <\/a><\/div>\n","protected":false},"author":12,"featured_media":102135,"comment_status":"open","ping_status":"open","sticky":false,"template":"","format":"standard","meta":{"footnotes":""},"categories":[11010,10948,10894,10904,11007,10947,10896,10897],"tags":[11937,11951,3677,10716,10697],"class_list":["post-102136","post","type-post","status-publish","format-standard","has-post-thumbnail","category-canal-salud","category-infraestructuras-ca","category-la-comarca-ca","category-sin-categorizar-ca","category-ocio-y-cultura-ca","category-politica","category-seccion-ca","category-sucesos-la-comarca-ca","tag-coronavirus","tag-covid2019","tag-diputacio-de-valencia","tag-generalitat-valenciana","tag-patronat-de-turisme-de-valencia"],"_links":{"self":[{"href":"https:\/\/tucomarca.whitekongsoftware.com\/ca\/wp-json\/wp\/v2\/posts\/102136","targetHints":{"allow":["GET"]}}],"collection":[{"href":"https:\/\/tucomarca.whitekongsoftware.com\/ca\/wp-json\/wp\/v2\/posts"}],"about":[{"href":"https:\/\/tucomarca.whitekongsoftware.com\/ca\/wp-json\/wp\/v2\/types\/post"}],"author":[{"embeddable":true,"href":"https:\/\/tucomarca.whitekongsoftware.com\/ca\/wp-json\/wp\/v2\/users\/12"}],"replies":[{"embeddable":true,"href":"https:\/\/tucomarca.whitekongsoftware.com\/ca\/wp-json\/wp\/v2\/comments?post=102136"}],"version-history":[{"count":0,"href":"https:\/\/tucomarca.whitekongsoftware.com\/ca\/wp-json\/wp\/v2\/posts\/102136\/revisions"}],"wp:featuredmedia":[{"embeddable":true,"href":"https:\/\/tucomarca.whitekongsoftware.com\/ca\/wp-json\/wp\/v2\/media\/102135"}],"wp:attachment":[{"href":"https:\/\/tucomarca.whitekongsoftware.com\/ca\/wp-json\/wp\/v2\/media?parent=102136"}],"wp:term":[{"taxonomy":"category","embeddable":true,"href":"https:\/\/tucomarca.whitekongsoftware.com\/ca\/wp-json\/wp\/v2\/categories?post=102136"},{"taxonomy":"post_tag","embeddable":true,"href":"https:\/\/tucomarca.whitekongsoftware.com\/ca\/wp-json\/wp\/v2\/tags?post=102136"}],"curies":[{"name":"wp","href":"https:\/\/api.w.org\/{rel}","templated":true}]}}