{"id":102088,"date":"2020-03-31T13:12:08","date_gmt":"2020-03-31T11:12:08","guid":{"rendered":"http:\/\/www.tucomarca.com\/wordpress\/segunda\/?p=102088"},"modified":"2020-03-31T13:12:10","modified_gmt":"2020-03-31T11:12:10","slug":"la-comunitat-suma-398-persones-contagiades-i-29-mortes-per-coronavirus-en-les-ultimes-24-hores-que-eleven-els-casos-fins-als-5-508-i-els-339-morts","status":"publish","type":"post","link":"https:\/\/tucomarca.whitekongsoftware.com\/ca\/la-comunitat-suma-398-persones-contagiades-i-29-mortes-per-coronavirus-en-les-ultimes-24-hores-que-eleven-els-casos-fins-als-5-508-i-els-339-morts\/","title":{"rendered":"La Comunitat suma 398 persones contagiades i 29 mortes per coronavirus en les \u00faltimes 24 hores que eleven els casos fins als 5.508 i els 339 morts"},"content":{"rendered":"\n<p class=\"wp-block-paragraph\">La consellera de Sanitat Universal i Salut P\u00fablica, Ana Barcel\u00f3, ha comparegut aquest dimarts per actualitzar la informaci\u00f3 sobre la incid\u00e8ncia de l&#8217;coronavirus a la Comunitat Valenciana. Barcel\u00f3 ha confirmat 398 nous casos positius, que eleven a 5.508 el total de casos positius, dels quals 2.189 es troben ingressats a l&#8217;hospital i 356 d&#8217;ells a l&#8217;UCI.<\/p>\n\n\n\n<p class=\"wp-block-paragraph\">Dels 398 nous casos positius, 27 es troben a la prov\u00edncia de Castell\u00f3, 182 a la prov\u00edncia d&#8217;Alacant i 189 a la de Val\u00e8ncia.<\/p>\n\n\n\n<p class=\"wp-block-paragraph\">Per prov\u00edncies, el nombre total de casos positius \u00e9s de 613 a la prov\u00edncia de Castell\u00f3 (231 hospitalitzats, 40 d&#8217;ells a l&#8217;UCI), 2.021 a la prov\u00edncia d&#8217;Alacant (780 hospitalitzats i 126 d&#8217;ells a l&#8217;UCI), i 2.874 en la prov\u00edncia de Val\u00e8ncia (1.178 hospitalitzats i 190 d&#8217;ells a l&#8217;UCI).<\/p>\n\n\n\n<p class=\"wp-block-paragraph\">El nombre de professionals sanitaris que ha donat positiu \u00e9s de 892 (117 a la prov\u00edncia de Castell\u00f3, 370 a la d&#8217;Alacant i 405 a la prov\u00edncia de Val\u00e8ncia).<\/p>\n\n\n\n<p class=\"wp-block-paragraph\">Fins aquest dimarts, s&#8217;han produ\u00eft 339 morts a la Comunitat Valenciana: 34 a la prov\u00edncia de Castell\u00f3, 147 a la Alacant i 158 a la de Val\u00e8ncia. A el mateix temps, s&#8217;han donat un total de 200 altes: 9 a la prov\u00edncia de Castell\u00f3, 53 a la d&#8217;Alacant i 138 a la prov\u00edncia de Val\u00e8ncia.<\/p>\n\n\n\n<p class=\"wp-block-paragraph\">Les proves que han donat un resultat negatiu s\u00f3n 14.733.<\/p>\n\n\n\n<p class=\"wp-block-paragraph\">Fins al moment, 2.104 professionals sanitaris s&#8217;han inscrit a la borsa de treball habilitada per la Conselleria de Sanitat perqu\u00e8 metges, metgesses i infermeres jubilats fins als 70 anys i metges i metgesses que encara no tenen especialitat puguin ajudar a combatre el coronavirus.<\/p>\n\n\n\n<p class=\"wp-block-paragraph\">\u00b7 Personal facultatius jubilat de menys de 70 anys: 95<\/p>\n\n\n\n<p class=\"wp-block-paragraph\">\u00b7 Personal graduat en Medicina sense especialitat: 909<\/p>\n\n\n\n<p class=\"wp-block-paragraph\">\u00b7 Personal graduats en infermeria: 1.048<\/p>\n\n\n\n<p class=\"wp-block-paragraph\">\u00b7 Personal jubilat en Infermeria de menys de 70 anys: 52<\/p>\n\n\n\n<p class=\"wp-block-paragraph\">Actualitzaci\u00f3 de la situaci\u00f3 en resid\u00e8ncies de gent gran<\/p>\n\n\n\n<p class=\"wp-block-paragraph\">La consellera ha actualitzat tamb\u00e9 la situaci\u00f3 de les resid\u00e8ncies de persones majors de la Comunitat Valenciana. Fins al moment, s&#8217;han detectat casos positius en 72 centres (7 a la prov\u00edncia de Castell\u00f3, 19 a la prov\u00edncia d&#8217;Alacant, 46 a la prov\u00edncia de Val\u00e8ncia):<\/p>\n\n\n\n<p class=\"wp-block-paragraph\">\u00b7 Residents que han donat positiu: 431 (50 a la prov\u00edncia Castell\u00f3, 178 a la Alacant i 203 a la prov\u00edncia Val\u00e8ncia)<\/p>\n\n\n\n<p class=\"wp-block-paragraph\">\u00b7 Personal treballador que ha donat positiu: 112 (14 a la prov\u00edncia Castell\u00f3, 33 a la Alacant i 75 a la prov\u00edncia de Val\u00e8ncia)<\/p>\n\n\n\n<p class=\"wp-block-paragraph\">\u00b7 Residents morts: 81 (5 a la prov\u00edncia de Castell\u00f3, 50 a la d&#8217;Alacant i 26 a la prov\u00edncia Val\u00e8ncia)<\/p>\n\n\n\n<p class=\"wp-block-paragraph\">A hores d&#8217;ara, es troben sota vigil\u00e0ncia activa de control sanitari les resid\u00e8ncies Santa Elena de Torrent, L&#8217;Acollida de Val\u00e8ncia, la resid\u00e8ncia Saba de Requena, DomusVi d&#8217;Alcoi, DomusVi Babel (Alacant), Sant Joan Baptista de Morella i la resid\u00e8ncia Santa gr\u00e0cia de Vila-real.<\/p>\n\n\n\n<p class=\"wp-block-paragraph\">Medicaments a domicili<\/p>\n\n\n\n<p class=\"wp-block-paragraph\">La consellera ha anunciat que s&#8217;est\u00e0 ultimant el procediment perqu\u00e8 totes les oficines de farm\u00e0cia de la Comunitat Valenciana puguen portar medicaments a domicili a les persones que tenen mobilitat redu\u00efda o que pertanyin als grups m\u00e9s vulnerables a l&#8217;coronovirus.<\/p>\n\n\n\n<p class=\"wp-block-paragraph\">D&#8217;aquesta manera, s&#8217;evitaran els despla\u00e7aments d&#8217;aquests col\u00b7lectius, reduint aix\u00ed el risc de contagi. En aquest sentit, Barcel\u00f3 ha volgut agrair a el Consell General de Farmac\u00e8utics de la Comunitat Valenciana &#8220;el gran esfor\u00e7 i la immensa tasca que van a dur a terme&#8221; i ha anunciat que en els pr\u00f2xims dies es donar\u00e0 a con\u00e8ixer m\u00e9s detalls de com funcionar\u00e0 aquest sistema.<\/p>\n\n\n\n<p class=\"wp-block-paragraph\">Tota la informaci\u00f3 actualitzada:\u00a0<a rel=\"noreferrer noopener\" href=\"http:\/\/www.san.gva.es\/web_estatica\/coronavirus\/coronavirus_es.html\" target=\"_blank\">consultar aqu\u00ed<\/a><\/p>\n","protected":false},"excerpt":{"rendered":"<div class=\"mh-excerpt\">La consellera de Sanitat Universal i Salut P\u00fablica, Ana Barcel\u00f3, ha comparegut aquest dimarts per actualitzar la informaci\u00f3 sobre la incid\u00e8ncia de l&#8217;coronavirus a la Comunitat Valenciana. Barcel\u00f3 ha confirmat 398 nous casos positius, que <a class=\"mh-excerpt-more\" href=\"https:\/\/tucomarca.whitekongsoftware.com\/ca\/la-comunitat-suma-398-persones-contagiades-i-29-mortes-per-coronavirus-en-les-ultimes-24-hores-que-eleven-els-casos-fins-als-5-508-i-els-339-morts\/\" title=\"La Comunitat suma 398 persones contagiades i 29 mortes per coronavirus en les \u00faltimes 24 hores que eleven els casos fins als 5.508 i els 339 morts\">[+] <\/a><\/div>\n","protected":false},"author":1,"featured_media":101879,"comment_status":"open","ping_status":"open","sticky":false,"template":"","format":"standard","meta":{"footnotes":""},"categories":[11010,10898,10948,10894,10904,10903,10947,10896,10897],"tags":[11937,11939,11940,11938,11952,11951],"class_list":["post-102088","post","type-post","status-publish","format-standard","has-post-thumbnail","category-canal-salud","category-ventana-ca","category-infraestructuras-ca","category-la-comarca-ca","category-sin-categorizar-ca","category-medio-ambiente-la-comarca-ca","category-politica","category-seccion-ca","category-sucesos-la-comarca-ca","tag-coronavirus","tag-coronavirus-ca","tag-covid-19-ca","tag-covid-19","tag-covid2019-ca","tag-covid2019"],"_links":{"self":[{"href":"https:\/\/tucomarca.whitekongsoftware.com\/ca\/wp-json\/wp\/v2\/posts\/102088","targetHints":{"allow":["GET"]}}],"collection":[{"href":"https:\/\/tucomarca.whitekongsoftware.com\/ca\/wp-json\/wp\/v2\/posts"}],"about":[{"href":"https:\/\/tucomarca.whitekongsoftware.com\/ca\/wp-json\/wp\/v2\/types\/post"}],"author":[{"embeddable":true,"href":"https:\/\/tucomarca.whitekongsoftware.com\/ca\/wp-json\/wp\/v2\/users\/1"}],"replies":[{"embeddable":true,"href":"https:\/\/tucomarca.whitekongsoftware.com\/ca\/wp-json\/wp\/v2\/comments?post=102088"}],"version-history":[{"count":0,"href":"https:\/\/tucomarca.whitekongsoftware.com\/ca\/wp-json\/wp\/v2\/posts\/102088\/revisions"}],"wp:featuredmedia":[{"embeddable":true,"href":"https:\/\/tucomarca.whitekongsoftware.com\/ca\/wp-json\/wp\/v2\/media\/101879"}],"wp:attachment":[{"href":"https:\/\/tucomarca.whitekongsoftware.com\/ca\/wp-json\/wp\/v2\/media?parent=102088"}],"wp:term":[{"taxonomy":"category","embeddable":true,"href":"https:\/\/tucomarca.whitekongsoftware.com\/ca\/wp-json\/wp\/v2\/categories?post=102088"},{"taxonomy":"post_tag","embeddable":true,"href":"https:\/\/tucomarca.whitekongsoftware.com\/ca\/wp-json\/wp\/v2\/tags?post=102088"}],"curies":[{"name":"wp","href":"https:\/\/api.w.org\/{rel}","templated":true}]}}