{"id":102058,"date":"2020-03-30T22:18:24","date_gmt":"2020-03-30T20:18:24","guid":{"rendered":"http:\/\/www.tucomarca.com\/wordpress\/segunda\/?p=102058"},"modified":"2020-03-30T22:18:27","modified_gmt":"2020-03-30T20:18:27","slug":"lajuntament-de-bunol-regalara-un-detall-a-tots-els-xiquets-que-estan-complint-anys-durant-estos-dies-de-confinament","status":"publish","type":"post","link":"https:\/\/tucomarca.whitekongsoftware.com\/ca\/lajuntament-de-bunol-regalara-un-detall-a-tots-els-xiquets-que-estan-complint-anys-durant-estos-dies-de-confinament\/","title":{"rendered":"L&#8217;Ajuntament de Bu\u00f1ol regalar\u00e0 un detall a tots els xiquets que estan complint anys durant estos dies de confinament"},"content":{"rendered":"\n<p class=\"wp-block-paragraph\"><strong>Rafael P\u00e9rez, regidor de Cultura Popular de l&#8217;Ajuntament de Bu\u00f1ol, ha fet p\u00fablic una iniciativa que far\u00e0 les del\u00edcies dels m\u00e9s xicotets de la casa. Des del Consistori se&#8217;ls far\u00e0 entrega d&#8217;un bonic detall a cada un dels xiquets que estos dies han complit o compliran anys durant el confinament<\/strong><\/p>\n\n\n\n<p class=\"wp-block-paragraph\">S\u00f3n dies dif\u00edcils i complicats per a tots. Els m\u00e9s menuts de la casa s&#8217;entristixen per no poder celebrar els seus aniversari amb els seus amics i familiars, per aix\u00f2 des de l&#8217;Ajuntament de Bu\u00f1ol s&#8217;ha llan\u00e7at una entranyable iniciativa.<\/p>\n\n\n\n<p class=\"wp-block-paragraph\">Rafael P\u00e9rez, regidor de Cultura Popular i primer tinent d&#8217;alcalde del consistori, ha informat la poblaci\u00f3 que tots els xiquets que complisquen anys estos dies des del seu ajuntament els faran entrega d&#8217;un bonic detall que ser\u00e0 enviat als seus domicilis. L&#8217;objectiu \u00e9s fer m\u00e9s suportable esta situaci\u00f3, que tant disgusta als m\u00e9s xicotets per no poder celebrar els seus aniversari.<\/p>\n\n\n\n<p class=\"wp-block-paragraph\">Tots els pares que tinguen xiquets que hagen complit anys estos dies o vagen a fer-ho fins que finalitze el confinament han de manar un e-mail a concejaliaculturapopular\\@gmail.com i indicar les dades personals del xiquet, on especifique any de naixement (per a aix\u00ed saber exactament la seua edat) , la seua adre\u00e7a postal i el nom dels pares.<\/p>\n\n\n\n<p class=\"wp-block-paragraph\">L&#8217;edil P\u00e9rez tamb\u00e9 informa de que en el moment esta situaci\u00f3 s&#8217;acabe es realitzar\u00e0 una gran festa d&#8217;aniversari per a tots els xicotets, &#8220;para que puguen ja disfrutar del seu nou any sense pensar en tot el que han passat, per\u00f2 que segur que les seues fam\u00edlies els estaran assegurant uns dies d&#8217;aniversari feli\u00e7 i divertidos&#8221;, finalitza el regidor.<\/p>\n","protected":false},"excerpt":{"rendered":"<div class=\"mh-excerpt\">Rafael P\u00e9rez, regidor de Cultura Popular de l&#8217;Ajuntament de Bu\u00f1ol, ha fet p\u00fablic una iniciativa que far\u00e0 les del\u00edcies dels m\u00e9s xicotets de la casa. Des del Consistori se&#8217;ls far\u00e0 entrega d&#8217;un bonic detall a <a class=\"mh-excerpt-more\" href=\"https:\/\/tucomarca.whitekongsoftware.com\/ca\/lajuntament-de-bunol-regalara-un-detall-a-tots-els-xiquets-que-estan-complint-anys-durant-estos-dies-de-confinament\/\" title=\"L&#8217;Ajuntament de Bu\u00f1ol regalar\u00e0 un detall a tots els xiquets que estan complint anys durant estos dies de confinament\">[+] <\/a><\/div>\n","protected":false},"author":12,"featured_media":102057,"comment_status":"open","ping_status":"open","sticky":false,"template":"","format":"standard","meta":{"footnotes":""},"categories":[10911,11010,10948,10894,10912,10947,10896,10897],"tags":[5335,11937,11938,11951,5952],"class_list":["post-102058","post","type-post","status-publish","format-standard","has-post-thumbnail","category-bunol-ca","category-canal-salud","category-infraestructuras-ca","category-la-comarca-ca","category-la-hoya-ca","category-politica","category-seccion-ca","category-sucesos-la-comarca-ca","tag-ayuntamiento-de-bunol","tag-coronavirus","tag-covid-19","tag-covid2019","tag-la-hoya-de-bunol-chiva"],"_links":{"self":[{"href":"https:\/\/tucomarca.whitekongsoftware.com\/ca\/wp-json\/wp\/v2\/posts\/102058","targetHints":{"allow":["GET"]}}],"collection":[{"href":"https:\/\/tucomarca.whitekongsoftware.com\/ca\/wp-json\/wp\/v2\/posts"}],"about":[{"href":"https:\/\/tucomarca.whitekongsoftware.com\/ca\/wp-json\/wp\/v2\/types\/post"}],"author":[{"embeddable":true,"href":"https:\/\/tucomarca.whitekongsoftware.com\/ca\/wp-json\/wp\/v2\/users\/12"}],"replies":[{"embeddable":true,"href":"https:\/\/tucomarca.whitekongsoftware.com\/ca\/wp-json\/wp\/v2\/comments?post=102058"}],"version-history":[{"count":0,"href":"https:\/\/tucomarca.whitekongsoftware.com\/ca\/wp-json\/wp\/v2\/posts\/102058\/revisions"}],"wp:featuredmedia":[{"embeddable":true,"href":"https:\/\/tucomarca.whitekongsoftware.com\/ca\/wp-json\/wp\/v2\/media\/102057"}],"wp:attachment":[{"href":"https:\/\/tucomarca.whitekongsoftware.com\/ca\/wp-json\/wp\/v2\/media?parent=102058"}],"wp:term":[{"taxonomy":"category","embeddable":true,"href":"https:\/\/tucomarca.whitekongsoftware.com\/ca\/wp-json\/wp\/v2\/categories?post=102058"},{"taxonomy":"post_tag","embeddable":true,"href":"https:\/\/tucomarca.whitekongsoftware.com\/ca\/wp-json\/wp\/v2\/tags?post=102058"}],"curies":[{"name":"wp","href":"https:\/\/api.w.org\/{rel}","templated":true}]}}