{"id":102040,"date":"2020-03-30T22:25:33","date_gmt":"2020-03-30T20:25:33","guid":{"rendered":"http:\/\/www.tucomarca.com\/wordpress\/segunda\/?p=102040"},"modified":"2020-03-30T22:25:35","modified_gmt":"2020-03-30T20:25:35","slug":"benestar-social-de-bunyol-recomana-una-guia-orientativa-per-a-families-amb-filles-i-fills-en-edat-escolar-per-suportar-el-confinament","status":"publish","type":"post","link":"https:\/\/tucomarca.whitekongsoftware.com\/ca\/benestar-social-de-bunyol-recomana-una-guia-orientativa-per-a-families-amb-filles-i-fills-en-edat-escolar-per-suportar-el-confinament\/","title":{"rendered":"Benestar Social de Bunyol recomana una guia orientativa per a fam\u00edlies amb filles i fills en edat escolar per suportar el confinament"},"content":{"rendered":"\n<p class=\"wp-block-paragraph\"><strong>Carles Xerri ha recomanat esta guia que tracta d&#8217;afavorir el desenrotllament saludable dels xiquets j\u00f3vens atenent a les seues necessitats cognitives, afectives i socials<\/strong>Carles Xerri, regidor de Benestar Social de l&#8217;Ajuntament de Bunyol, s&#8217;informa a la poblaci\u00f3 de la publicaci\u00f3 d&#8217;una guia per a fam\u00edlies amb fills i filles en edat escolar anomenada &#8220;Ens quedem a casa&#8221;, publicat pel Col.legi Oficial de Psicologia de la Comunitat Valenciana i Educaci\u00f3 de la Generalitat Valenciana.<\/p>\n\n\n\n<p class=\"wp-block-paragraph\">Aquesta guia es pot consultar i descarregar-se. Des d&#8217;aquesta regidoria es pret\u00e9n facilitar a les fam\u00edlies bu\u00f1olenses en les seues tasques, rutines, jocs i habilitats en fam\u00edlia per a tots, aix\u00ed com gaudir de el temps al costat dels teus \u00e9ssers estimats.<\/p>\n\n\n\n<p class=\"wp-block-paragraph\">Xerri confirma les paraules que des del Col\u00b7legi Oficial de Psicologia de la Comunitat Valenciana llancen sobre aquesta guia: &#8220;Aquesta guia orientativa inclou consells per afavorir el desenvolupament saludable dels nens, nenes i joves, atenent les seves necessitats cognitives, afectives i socials&#8221; . A m\u00e9s aquesta guia tamb\u00e9 inclou l&#8217;assist\u00e8ncia psicol\u00f2gica gratu\u00efta a dist\u00e0ncia a les fam\u00edlies en temps de Covid-19, en el cas que la necessiten, mitjan\u00e7ant el tel\u00e8fon 96.045 30 feb.<\/p>\n\n\n\n<p class=\"wp-block-paragraph\">De manera que, l&#8217;edil d&#8217;el ram <strong>reco<\/strong>mana fer una ullada a aquesta guia, i d&#8217;aquesta manera &#8220;afavorir el desenvolupament saludable dels nostres fills, atenent les seues necessitats en totes les \u00e0rees: cognitiva, motora, comunicaci\u00f3 i llenguatge, social i afectiva&#8221; . Es pot descarregar la guia per a la seua impressi\u00f3 i tenir-la en paper o tamb\u00e9 guard\u00e1rtela a l&#8217;ordinador, Tablet o m\u00f2bil:<\/p>\n\n\n\n<p class=\"wp-block-paragraph\">https:\/\/www.cop-cv.org\/noticia\/13317-el-copcv-llanca-la-guia-ens-quedem-a-casa-amb-orientacions-per-a-les-families#.XoG6k4gzaT-<\/p>\n","protected":false},"excerpt":{"rendered":"<div class=\"mh-excerpt\">Carles Xerri ha recomanat esta guia que tracta d&#8217;afavorir el desenrotllament saludable dels xiquets j\u00f3vens atenent a les seues necessitats cognitives, afectives i socialsCarles Xerri, regidor de Benestar Social de l&#8217;Ajuntament de Bunyol, s&#8217;informa a <a class=\"mh-excerpt-more\" href=\"https:\/\/tucomarca.whitekongsoftware.com\/ca\/benestar-social-de-bunyol-recomana-una-guia-orientativa-per-a-families-amb-filles-i-fills-en-edat-escolar-per-suportar-el-confinament\/\" title=\"Benestar Social de Bunyol recomana una guia orientativa per a fam\u00edlies amb filles i fills en edat escolar per suportar el confinament\">[+] <\/a><\/div>\n","protected":false},"author":12,"featured_media":102039,"comment_status":"open","ping_status":"open","sticky":false,"template":"","format":"standard","meta":{"footnotes":""},"categories":[10911,11010,10948,10894,10912,10947,10896,10897],"tags":[10385,11937,11938,11951,5952],"class_list":["post-102040","post","type-post","status-publish","format-standard","has-post-thumbnail","category-bunol-ca","category-canal-salud","category-infraestructuras-ca","category-la-comarca-ca","category-la-hoya-ca","category-politica","category-seccion-ca","category-sucesos-la-comarca-ca","tag-bunol","tag-coronavirus","tag-covid-19","tag-covid2019","tag-la-hoya-de-bunol-chiva"],"_links":{"self":[{"href":"https:\/\/tucomarca.whitekongsoftware.com\/ca\/wp-json\/wp\/v2\/posts\/102040","targetHints":{"allow":["GET"]}}],"collection":[{"href":"https:\/\/tucomarca.whitekongsoftware.com\/ca\/wp-json\/wp\/v2\/posts"}],"about":[{"href":"https:\/\/tucomarca.whitekongsoftware.com\/ca\/wp-json\/wp\/v2\/types\/post"}],"author":[{"embeddable":true,"href":"https:\/\/tucomarca.whitekongsoftware.com\/ca\/wp-json\/wp\/v2\/users\/12"}],"replies":[{"embeddable":true,"href":"https:\/\/tucomarca.whitekongsoftware.com\/ca\/wp-json\/wp\/v2\/comments?post=102040"}],"version-history":[{"count":0,"href":"https:\/\/tucomarca.whitekongsoftware.com\/ca\/wp-json\/wp\/v2\/posts\/102040\/revisions"}],"wp:featuredmedia":[{"embeddable":true,"href":"https:\/\/tucomarca.whitekongsoftware.com\/ca\/wp-json\/wp\/v2\/media\/102039"}],"wp:attachment":[{"href":"https:\/\/tucomarca.whitekongsoftware.com\/ca\/wp-json\/wp\/v2\/media?parent=102040"}],"wp:term":[{"taxonomy":"category","embeddable":true,"href":"https:\/\/tucomarca.whitekongsoftware.com\/ca\/wp-json\/wp\/v2\/categories?post=102040"},{"taxonomy":"post_tag","embeddable":true,"href":"https:\/\/tucomarca.whitekongsoftware.com\/ca\/wp-json\/wp\/v2\/tags?post=102040"}],"curies":[{"name":"wp","href":"https:\/\/api.w.org\/{rel}","templated":true}]}}